{"id":477426,"date":"2020-08-19T00:01:23","date_gmt":"2020-08-19T05:01:23","guid":{"rendered":"https:\/\/www.diarioimagen.net\/?p=477426"},"modified":"2020-08-18T22:08:11","modified_gmt":"2020-08-19T03:08:11","slug":"gobierno-de-huixquilucan-cuenta-con-recursos-para-la-adquisicion-de-vacunas","status":"publish","type":"post","link":"https:\/\/www.diarioimagen.net\/?p=477426","title":{"rendered":"Gobierno de Huixquilucan cuenta con  recursos para la adquisici\u00f3n de vacunas"},"content":{"rendered":"<ul>\n<li><em><b>Baja \u00edndice de contagios, afirma Vargas del Villar<\/b><\/em><\/li>\n<\/ul>\n<p>&nbsp;<\/p>\n<div id=\"attachment_477427\" style=\"width: 470px\" class=\"wp-caption aligncenter\"><a href=\"https:\/\/www.diarioimagen.net\/wp-content\/uploads\/2020\/08\/CAMACHO19-apor.jpg\"><img loading=\"lazy\" decoding=\"async\" aria-describedby=\"caption-attachment-477427\" class=\"size-large wp-image-477427\" src=\"https:\/\/www.diarioimagen.net\/wp-content\/uploads\/2020\/08\/CAMACHO19-apor-460x268.jpg\" alt=\"\" width=\"460\" height=\"268\" srcset=\"https:\/\/www.diarioimagen.net\/wp-content\/uploads\/2020\/08\/CAMACHO19-apor-460x268.jpg 460w, https:\/\/www.diarioimagen.net\/wp-content\/uploads\/2020\/08\/CAMACHO19-apor-240x140.jpg 240w, https:\/\/www.diarioimagen.net\/wp-content\/uploads\/2020\/08\/CAMACHO19-apor.jpg 480w\" sizes=\"auto, (max-width: 460px) 100vw, 460px\" \/><\/a><p id=\"caption-attachment-477427\" class=\"wp-caption-text\">El edil Enrique \u00c1lvarez del Villar detall\u00f3, que tanto el DIF, como el gobierno municipal cuentan con alrededor de 10 millones de pesos para adquirir vacunas contra Covid.<\/p><\/div>\n<p>&nbsp;<\/p>\n<p><strong>Huixquilucan, Estado de M\u00e9xico<\/strong>. &#8211; El gobierno municipal cuenta con los recursos necesarios para invertirlos en la salud de sus habitantes, asegur\u00f3 el presidente, Enrique Vargas del Villar.<\/p>\n<p>Tras informar que los \u00edndices de contagio en el municipio disminuyeron considerablemente, el edil detall\u00f3, que tanto el sistema municipal para el Desarrollo Integral de la Familia (DIF), como el gobierno municipal cuentan con alrededor de 10 millones de pesos para adquirir vacunas contra el coronavirus.<\/p>\n<p>Record\u00f3, que Huixquilucan fue el primer municipio en el pa\u00eds, que cancel\u00f3 las celebraciones por el inicio de la lucha de Independencia, \u201ctodos esos recursos que se iban utilizar para pagar el festejo, todo \u00edntegro se va a ir para poder comprar vacunas\u201d.<\/p>\n<p>Vargas del Villar, dio a conocer que en Huixquilucan no se ha tenido un repunte en el n\u00famero de casos pese a que ya iniciaron varias actividades de manera escalonada, por lo que reiter\u00f3 el llamado a la ciudadan\u00eda a continuar con los cuidados y medidas de prevenci\u00f3n.<\/p>\n","protected":false},"excerpt":{"rendered":"<p>El gobierno municipal cuenta con los recursos necesarios para invertirlos en la salud de sus habitantes, asegur\u00f3 el presidente, Enrique Vargas del Villar.<\/p>\n","protected":false},"author":1,"featured_media":477427,"comment_status":"open","ping_status":"open","sticky":false,"template":"","format":"standard","meta":{"_monsterinsights_skip_tracking":false,"_monsterinsights_sitenote_active":false,"_monsterinsights_sitenote_note":"","_monsterinsights_sitenote_category":0,"footnotes":""},"categories":[5],"tags":[91486,43675,1097],"class_list":["post-477426","post","type-post","status-publish","format-standard","has-post-thumbnail","hentry","category-estado-de-mexico","tag-enrique-alvarez-del-villar","tag-estado-de-mexico","tag-huixquilucan"],"_links":{"self":[{"href":"https:\/\/www.diarioimagen.net\/index.php?rest_route=\/wp\/v2\/posts\/477426","targetHints":{"allow":["GET"]}}],"collection":[{"href":"https:\/\/www.diarioimagen.net\/index.php?rest_route=\/wp\/v2\/posts"}],"about":[{"href":"https:\/\/www.diarioimagen.net\/index.php?rest_route=\/wp\/v2\/types\/post"}],"author":[{"embeddable":true,"href":"https:\/\/www.diarioimagen.net\/index.php?rest_route=\/wp\/v2\/users\/1"}],"replies":[{"embeddable":true,"href":"https:\/\/www.diarioimagen.net\/index.php?rest_route=%2Fwp%2Fv2%2Fcomments&post=477426"}],"version-history":[{"count":0,"href":"https:\/\/www.diarioimagen.net\/index.php?rest_route=\/wp\/v2\/posts\/477426\/revisions"}],"wp:featuredmedia":[{"embeddable":true,"href":"https:\/\/www.diarioimagen.net\/index.php?rest_route=\/wp\/v2\/media\/477427"}],"wp:attachment":[{"href":"https:\/\/www.diarioimagen.net\/index.php?rest_route=%2Fwp%2Fv2%2Fmedia&parent=477426"}],"wp:term":[{"taxonomy":"category","embeddable":true,"href":"https:\/\/www.diarioimagen.net\/index.php?rest_route=%2Fwp%2Fv2%2Fcategories&post=477426"},{"taxonomy":"post_tag","embeddable":true,"href":"https:\/\/www.diarioimagen.net\/index.php?rest_route=%2Fwp%2Fv2%2Ftags&post=477426"}],"curies":[{"name":"wp","href":"https:\/\/api.w.org\/{rel}","templated":true}]}}