{"id":477732,"date":"2020-08-21T00:05:09","date_gmt":"2020-08-21T05:05:09","guid":{"rendered":"https:\/\/www.diarioimagen.net\/?p=477732"},"modified":"2020-08-24T00:05:11","modified_gmt":"2020-08-24T05:05:11","slug":"clinica-multidisciplinaria-de-salud-atiende-a-universitarios-y-publico-en-general","status":"publish","type":"post","link":"https:\/\/www.diarioimagen.net\/?p=477732","title":{"rendered":"Cl\u00ednica Multidisciplinaria de Salud atiende a universitarios y p\u00fablico en general\u00a0"},"content":{"rendered":"<p>&nbsp;<\/p>\n<ul>\n<li><strong><em>En medicina general, nutrici\u00f3n, psicolog\u00eda, odontolog\u00eda y ginecolog\u00eda<\/em><\/strong><\/li>\n<\/ul>\n<p>&nbsp;<\/p>\n<div id=\"attachment_477809\" style=\"width: 470px\" class=\"wp-caption aligncenter\"><a href=\"https:\/\/www.diarioimagen.net\/?attachment_id=477809\" rel=\"attachment wp-att-477809\"><img loading=\"lazy\" decoding=\"async\" aria-describedby=\"caption-attachment-477809\" class=\"size-large wp-image-477809\" src=\"https:\/\/www.diarioimagen.net\/wp-content\/uploads\/2020\/08\/uaemclinica-460x259.jpg\" alt=\"\" width=\"460\" height=\"259\" srcset=\"https:\/\/www.diarioimagen.net\/wp-content\/uploads\/2020\/08\/uaemclinica-460x259.jpg 460w, https:\/\/www.diarioimagen.net\/wp-content\/uploads\/2020\/08\/uaemclinica-240x135.jpg 240w, https:\/\/www.diarioimagen.net\/wp-content\/uploads\/2020\/08\/uaemclinica-235x132.jpg 235w, https:\/\/www.diarioimagen.net\/wp-content\/uploads\/2020\/08\/uaemclinica-202x114.jpg 202w, https:\/\/www.diarioimagen.net\/wp-content\/uploads\/2020\/08\/uaemclinica-350x196.jpg 350w, https:\/\/www.diarioimagen.net\/wp-content\/uploads\/2020\/08\/uaemclinica-220x123.jpg 220w, https:\/\/www.diarioimagen.net\/wp-content\/uploads\/2020\/08\/uaemclinica-237x132.jpg 237w, https:\/\/www.diarioimagen.net\/wp-content\/uploads\/2020\/08\/uaemclinica.jpg 480w\" sizes=\"auto, (max-width: 460px) 100vw, 460px\" \/><\/a><p id=\"caption-attachment-477809\" class=\"wp-caption-text\">La Cl\u00ednica Multidisciplinaria de Salud de la UAEM otorga consulta a la comunidad universitaria y p\u00fablico en general.<\/p><\/div>\n<p>&nbsp;<\/p>\n<p><strong>Toluca, Estado de M\u00e9xico<\/strong>.\u2013 Desde el pasado 3 de agosto, la Cl\u00ednica Multidisciplinaria de Salud (CMS) de la Universidad Aut\u00f3noma del Estado de M\u00e9xico otorga, previa cita, consulta a la comunidad universitaria y p\u00fablico en general en las \u00e1reas de medicina general, nutrici\u00f3n, terapia f\u00edsica, psicolog\u00eda y odontolog\u00eda \u2014en esta \u00faltima, \u00fanicamente urgencias\u2014; asimismo, desde el 17 de agosto se ofrece atenci\u00f3n ginecol\u00f3gica.<\/p>\n<p>En tanto, el laboratorio cl\u00ednico de la CMS funciona de manera habitual y la densitometr\u00eda \u00f3sea se realiza los martes y jueves; adem\u00e1s, por el momento contin\u00faa el programa de asesor\u00eda gratuita en l\u00ednea de salud mental, terapia f\u00edsica y el Programa Buenos H\u00e1bitos.<\/p>\n<p>Para llevar a cabo las labores de atenci\u00f3n a la salud se habilitaron el \u00e1rea de filtro y un consultorio especial para atenci\u00f3n de pacientes con infecci\u00f3n en v\u00edas respiratorias.<\/p>\n<p>Con el objetivo de salvaguardar la salud de sus usuarios y del personal que labora en este espacio, se implementaron diversas medidas de seguridad e higiene.<\/p>\n<p>El usuario debe portar cubre bocas. Antes de su ingreso, pasa un filtro donde se le hace un breve cuestionario y s\u00ed, independientemente del servicio al que asista, presenta s\u00edntomas de alguna enfermedad respiratoria es remitido al \u00e1rea de triage, donde un m\u00e9dico con el equipo de protecci\u00f3n necesario le realizar\u00e1 una valoraci\u00f3n m\u00e1s detallada.<\/p>\n<p>Adem\u00e1s, se establecieron diversos mecanismos para evitar las aglomeraciones, promover la sana distancia y el uso de gel anti bacterial.<\/p>\n<p>Las citas pueden obtenerse a trav\u00e9s de un formulario de Google que se encuentra en <a href=\"https:\/\/www.facebook.com\/CMSUAEMEX\/\" target=\"_blank\" rel=\"noopener noreferrer\">https:\/\/www.facebook.com\/CMSUAEMEX\/<\/a> y para mayores informes puede llamarse al tel\u00e9fono 722 2 12 80 27.<\/p>\n","protected":false},"excerpt":{"rendered":"<p>Desde el pasado 3 de agosto, la Cl\u00ednica Multidisciplinaria de Salud (CMS) de la Universidad Aut\u00f3noma del Estado de M\u00e9xico otorga, previa cita, consulta a la comunidad universitaria y p\u00fablico en general en las \u00e1reas de medicina general, nutrici\u00f3n, terapia f\u00edsica, psicolog\u00eda y odontolog\u00eda \u2014en esta \u00faltima, \u00fanicamente urgencias\u2014; asimismo, desde el 17 de agosto se ofrece atenci\u00f3n ginecol\u00f3gica.\u00a0<\/p>\n","protected":false},"author":3,"featured_media":477809,"comment_status":"open","ping_status":"open","sticky":false,"template":"","format":"standard","meta":{"_monsterinsights_skip_tracking":false,"_monsterinsights_sitenote_active":false,"_monsterinsights_sitenote_note":"","_monsterinsights_sitenote_category":0,"footnotes":""},"categories":[5],"tags":[91503,43675,452,1491],"class_list":["post-477732","post","type-post","status-publish","format-standard","has-post-thumbnail","hentry","category-estado-de-mexico","tag-cms","tag-estado-de-mexico","tag-toluca","tag-uaem"],"_links":{"self":[{"href":"https:\/\/www.diarioimagen.net\/index.php?rest_route=\/wp\/v2\/posts\/477732","targetHints":{"allow":["GET"]}}],"collection":[{"href":"https:\/\/www.diarioimagen.net\/index.php?rest_route=\/wp\/v2\/posts"}],"about":[{"href":"https:\/\/www.diarioimagen.net\/index.php?rest_route=\/wp\/v2\/types\/post"}],"author":[{"embeddable":true,"href":"https:\/\/www.diarioimagen.net\/index.php?rest_route=\/wp\/v2\/users\/3"}],"replies":[{"embeddable":true,"href":"https:\/\/www.diarioimagen.net\/index.php?rest_route=%2Fwp%2Fv2%2Fcomments&post=477732"}],"version-history":[{"count":0,"href":"https:\/\/www.diarioimagen.net\/index.php?rest_route=\/wp\/v2\/posts\/477732\/revisions"}],"wp:featuredmedia":[{"embeddable":true,"href":"https:\/\/www.diarioimagen.net\/index.php?rest_route=\/wp\/v2\/media\/477809"}],"wp:attachment":[{"href":"https:\/\/www.diarioimagen.net\/index.php?rest_route=%2Fwp%2Fv2%2Fmedia&parent=477732"}],"wp:term":[{"taxonomy":"category","embeddable":true,"href":"https:\/\/www.diarioimagen.net\/index.php?rest_route=%2Fwp%2Fv2%2Fcategories&post=477732"},{"taxonomy":"post_tag","embeddable":true,"href":"https:\/\/www.diarioimagen.net\/index.php?rest_route=%2Fwp%2Fv2%2Ftags&post=477732"}],"curies":[{"name":"wp","href":"https:\/\/api.w.org\/{rel}","templated":true}]}}