{"id":478049,"date":"2020-08-24T00:09:57","date_gmt":"2020-08-24T05:09:57","guid":{"rendered":"https:\/\/www.diarioimagen.net\/?p=478049"},"modified":"2020-08-25T20:52:07","modified_gmt":"2020-08-26T01:52:07","slug":"a-distancia-inician-nuevo-ciclo-escolar-30-millones-de-alumnos","status":"publish","type":"post","link":"https:\/\/www.diarioimagen.net\/?p=478049","title":{"rendered":"A distancia, inician nuevo ciclo escolar 30 millones de alumnos"},"content":{"rendered":"<p>&nbsp;<\/p>\n<h3 style=\"text-align: center;\">En medio de la pandemia<\/h3>\n<p>&nbsp;<\/p>\n<ul>\n<li><strong><em>Clases por televisi\u00f3n, dentro de la estrategia \u201cAprende en Casa\u201d<\/em><\/strong><\/li>\n<\/ul>\n<p>&nbsp;<\/p>\n<div id=\"attachment_478130\" style=\"width: 470px\" class=\"wp-caption aligncenter\"><a href=\"https:\/\/www.diarioimagen.net\/?attachment_id=478130\" rel=\"attachment wp-att-478130\"><img loading=\"lazy\" decoding=\"async\" aria-describedby=\"caption-attachment-478130\" class=\"size-large wp-image-478130\" src=\"https:\/\/www.diarioimagen.net\/wp-content\/uploads\/2020\/08\/CICLO-ESCOLAR-460x259.jpg\" alt=\"\" width=\"460\" height=\"259\" srcset=\"https:\/\/www.diarioimagen.net\/wp-content\/uploads\/2020\/08\/CICLO-ESCOLAR-460x259.jpg 460w, https:\/\/www.diarioimagen.net\/wp-content\/uploads\/2020\/08\/CICLO-ESCOLAR-240x135.jpg 240w, https:\/\/www.diarioimagen.net\/wp-content\/uploads\/2020\/08\/CICLO-ESCOLAR-235x132.jpg 235w, https:\/\/www.diarioimagen.net\/wp-content\/uploads\/2020\/08\/CICLO-ESCOLAR-202x114.jpg 202w, https:\/\/www.diarioimagen.net\/wp-content\/uploads\/2020\/08\/CICLO-ESCOLAR-350x196.jpg 350w, https:\/\/www.diarioimagen.net\/wp-content\/uploads\/2020\/08\/CICLO-ESCOLAR-220x123.jpg 220w, https:\/\/www.diarioimagen.net\/wp-content\/uploads\/2020\/08\/CICLO-ESCOLAR-237x132.jpg 237w, https:\/\/www.diarioimagen.net\/wp-content\/uploads\/2020\/08\/CICLO-ESCOLAR.jpg 480w\" sizes=\"auto, (max-width: 460px) 100vw, 460px\" \/><\/a><p id=\"caption-attachment-478130\" class=\"wp-caption-text\">En medio de la pandemia, inician ciclo escolar a distancia 30 millones de alumnos de nivel b\u00e1sico en el pa\u00eds.<\/p><\/div>\n<p>&nbsp;<\/p>\n<p>Bajo una nueva modalidad de ense\u00f1anza, 30 millones de estudiantes de nivel b\u00e1sico en el pa\u00eds comienzan este lunes el ciclo escolar 2020-2021 en medio de la pandemia de Covid-19.<\/p>\n<p>Los alumnos de preescolar, primaria y secundaria deber\u00e1n encender su televisi\u00f3n, radio o computadora para tomar sus clases dentro de la estrategia \u201cAprende en Casa\u201d.<\/p>\n<p>Los programas ser\u00e1n de tres tipos: El primero, con maestros explicando los temas con recursos audiovisuales, modelos o ejemplos; el segundo, maestros conversar\u00e1n con un asistente que har\u00e1 las veces de aprendiz y plantear\u00e1 preguntas, y el tercer tipo son conversaciones entre maestros y especialistas sobre un tema en particular.<\/p>\n<p>Maestros impartir\u00e1n las clases que ser\u00e1n elaboradas con base en los aprendizajes esperados en los planes y programas de estudio de educaci\u00f3n b\u00e1sica, que no sufrieron ninguna modificaci\u00f3n.<\/p>\n<p>De acuerdo con las autoridades educativas, la programaci\u00f3n de \u201cAprende en Casa II\u201d no va a dejar tarea a los estudiantes, que era una queja de padres de familia, por lo que ser\u00e1 una decisi\u00f3n que tomen las maestras y los maestros, que se mantendr\u00e1n en contacto directo y permanente con sus alumnos a trav\u00e9s del WhatsApp, v\u00eda telef\u00f3nica o correo electr\u00f3nico. El proceso educativo a distancia tendr\u00e1 validez oficial y, de acuerdo con el titular de la Secretar\u00eda de Educaci\u00f3n P\u00fablica (SEP), Esteban Moctezuma Barrag\u00e1n, los alumnos ser\u00e1n sometidos a una evaluaci\u00f3n diagn\u00f3stica.<\/p>\n<p style=\"text-align: center;\"><strong>La transmisi\u00f3n ser\u00e1 <\/strong><strong>por cuatro cadenas<\/strong><\/p>\n<p>La SEP dio a conocer con anterioridad los canales de televisi\u00f3n y los horarios mediante los cuales se transmitir\u00e1n los contenidos educativos para este ciclo escolar.<\/p>\n<p>La cadena 1 tendr\u00e1 contenidos para educaci\u00f3n inicial, preescolar y primaria y se transmitir\u00e1 en los canales 11.2, que es oficial, y el 5.2, que es de Televisa. La cadena 2 tambi\u00e9n tendr\u00e1 contenidos para educaci\u00f3n inicial, preescolar y primaria, y se transmitir\u00e1 en el canal 7.3, de Tv Azteca.<\/p>\n<p>La cadena 3 ser\u00e1 para estudiantes de secundaria y se transmitir\u00e1 en el canal 3.2, de Imagen Televisi\u00f3n. En tanto, la Cadena 4 contendr\u00e1 contenido para estudiantes de bachillerato y su transmisi\u00f3n ser\u00e1 en los canales 14.2 de Ingenio Tv y 6.3, de Milenio Televisi\u00f3n.<\/p>\n","protected":false},"excerpt":{"rendered":"<p>Bajo una nueva modalidad de ense\u00f1anza, 30 millones de estudiantes de nivel b\u00e1sico en el pa\u00eds comienzan este lunes el ciclo escolar 2020-2021 en medio de la pandemia de Covid-19.<\/p>\n","protected":false},"author":3,"featured_media":478130,"comment_status":"open","ping_status":"open","sticky":false,"template":"","format":"standard","meta":{"_monsterinsights_skip_tracking":false,"_monsterinsights_sitenote_active":false,"_monsterinsights_sitenote_note":"","_monsterinsights_sitenote_category":0,"footnotes":""},"categories":[3],"tags":[19577,91507,29516,459],"class_list":["post-478049","post","type-post","status-publish","format-standard","has-post-thumbnail","hentry","category-nacional","tag-alumnos","tag-distanica","tag-pandemia","tag-sep"],"_links":{"self":[{"href":"https:\/\/www.diarioimagen.net\/index.php?rest_route=\/wp\/v2\/posts\/478049","targetHints":{"allow":["GET"]}}],"collection":[{"href":"https:\/\/www.diarioimagen.net\/index.php?rest_route=\/wp\/v2\/posts"}],"about":[{"href":"https:\/\/www.diarioimagen.net\/index.php?rest_route=\/wp\/v2\/types\/post"}],"author":[{"embeddable":true,"href":"https:\/\/www.diarioimagen.net\/index.php?rest_route=\/wp\/v2\/users\/3"}],"replies":[{"embeddable":true,"href":"https:\/\/www.diarioimagen.net\/index.php?rest_route=%2Fwp%2Fv2%2Fcomments&post=478049"}],"version-history":[{"count":0,"href":"https:\/\/www.diarioimagen.net\/index.php?rest_route=\/wp\/v2\/posts\/478049\/revisions"}],"wp:featuredmedia":[{"embeddable":true,"href":"https:\/\/www.diarioimagen.net\/index.php?rest_route=\/wp\/v2\/media\/478130"}],"wp:attachment":[{"href":"https:\/\/www.diarioimagen.net\/index.php?rest_route=%2Fwp%2Fv2%2Fmedia&parent=478049"}],"wp:term":[{"taxonomy":"category","embeddable":true,"href":"https:\/\/www.diarioimagen.net\/index.php?rest_route=%2Fwp%2Fv2%2Fcategories&post=478049"},{"taxonomy":"post_tag","embeddable":true,"href":"https:\/\/www.diarioimagen.net\/index.php?rest_route=%2Fwp%2Fv2%2Ftags&post=478049"}],"curies":[{"name":"wp","href":"https:\/\/api.w.org\/{rel}","templated":true}]}}