{"id":478159,"date":"2020-08-25T00:03:19","date_gmt":"2020-08-25T05:03:19","guid":{"rendered":"https:\/\/www.diarioimagen.net\/?p=478159"},"modified":"2020-08-25T00:15:13","modified_gmt":"2020-08-25T05:15:13","slug":"reconoce-el-gobierno-de-atizapan-a-23-artistas-destacados-con-becas-economicas","status":"publish","type":"post","link":"https:\/\/www.diarioimagen.net\/?p=478159","title":{"rendered":"Reconoce el gobierno de Atizap\u00e1n a 23 artistas destacados con becas econ\u00f3micas"},"content":{"rendered":"<p>&nbsp;<\/p>\n<ul>\n<li><em><b>La cultura es una prioridad:Olvera Nieto<\/b><\/em><\/li>\n<\/ul>\n<p>&nbsp;<\/p>\n<div id=\"attachment_478160\" style=\"width: 470px\" class=\"wp-caption aligncenter\"><a href=\"https:\/\/www.diarioimagen.net\/wp-content\/uploads\/2020\/08\/CAMACHO25-bpor.jpg\"><img loading=\"lazy\" decoding=\"async\" aria-describedby=\"caption-attachment-478160\" class=\"size-large wp-image-478160\" src=\"https:\/\/www.diarioimagen.net\/wp-content\/uploads\/2020\/08\/CAMACHO25-bpor-460x268.jpg\" alt=\"\" width=\"460\" height=\"268\" srcset=\"https:\/\/www.diarioimagen.net\/wp-content\/uploads\/2020\/08\/CAMACHO25-bpor-460x268.jpg 460w, https:\/\/www.diarioimagen.net\/wp-content\/uploads\/2020\/08\/CAMACHO25-bpor-240x140.jpg 240w, https:\/\/www.diarioimagen.net\/wp-content\/uploads\/2020\/08\/CAMACHO25-bpor.jpg 480w\" sizes=\"auto, (max-width: 460px) 100vw, 460px\" \/><\/a><p id=\"caption-attachment-478160\" class=\"wp-caption-text\">La alcaldesa Olvera Nieto se\u00f1al\u00f3 que los apoyos son parte de las acciones gubernamentales implementadas para proteger a los sectores m\u00e1s vulnerables de la poblaci\u00f3n ante la pandemia.<\/p><\/div>\n<p>&nbsp;<\/p>\n<p><strong>Atizap\u00e1n, Estado de M\u00e9xico.-<\/strong> La alcaldesa, Ruth Olvera Nieto, entreg\u00f3 becas econ\u00f3micas a 23 artistas atizapenses destacados en reconocimiento a su labor art\u00edstica en el municipio.<\/p>\n<p>En Sal\u00f3n de Cabildos, la presidente municipal Olvera Nieto se\u00f1al\u00f3 que los apoyos son parte de las acciones gubernamentales implementadas para proteger a los sectores m\u00e1s vulnerables de la poblaci\u00f3n ante la pandemia por el Covid-19.<\/p>\n<p>Enfatiz\u00f3 que la cultura es una prioridad de un gobierno eficaz y al servicio de la gente porque \u201chacer cultura hace un mejor municipio y un mejor pa\u00eds, y ustedes son nuestros valores, nuestros j\u00f3venes; tengan la confianza de que siempre contar\u00e1n con nosotros\u201d.<\/p>\n<p>Por su parte, el director de Bienestar, Miguel \u00c1ngel Vel\u00e1zquez Hern\u00e1ndez, destac\u00f3 que esta acci\u00f3n es un reconocimiento a la importancia del arte, la cultura y los artistas que la hacen posible en nuestro municipio.<\/p>\n<p>Las becas econ\u00f3micas tuvieron una inversi\u00f3n total de 90 mil pesos de recursos municipales y fueron dirigidas a alumnos destacados, desde menores de edad hasta artistas de trayectoria, del Centro Municipal de Cultura y Arte (CEMCA), e integrantes de compa\u00f1\u00edas de danza folcl\u00f3rica.<\/p>\n<p>Con la presencia del cuarto regidor y presidente de la Comisi\u00f3n edilicia de Cultura, Celso Dom\u00ednguez Cura, entre los becados fueron: Viviana Garc\u00eda Castro, artista pl\u00e1stico; Sandra God\u00ednez Bueno, bailarina de folklor; Jorge Omar Silvestre Ch\u00e1vez, actor; y Karen Roger S\u00e1nchez, bailarina.<\/p>\n","protected":false},"excerpt":{"rendered":"<p>La alcaldesa, Ruth Olvera Nieto, entreg\u00f3 becas econ\u00f3micas a 23 artistas atizapenses destacados en reconocimiento a su labor art\u00edstica en el municipio.<\/p>\n","protected":false},"author":1,"featured_media":478160,"comment_status":"open","ping_status":"open","sticky":false,"template":"","format":"standard","meta":{"_monsterinsights_skip_tracking":false,"_monsterinsights_sitenote_active":false,"_monsterinsights_sitenote_note":"","_monsterinsights_sitenote_category":0,"footnotes":""},"categories":[5],"tags":[969,43675,91510],"class_list":["post-478159","post","type-post","status-publish","format-standard","has-post-thumbnail","hentry","category-estado-de-mexico","tag-atizapan","tag-estado-de-mexico","tag-olvera-nieto"],"_links":{"self":[{"href":"https:\/\/www.diarioimagen.net\/index.php?rest_route=\/wp\/v2\/posts\/478159","targetHints":{"allow":["GET"]}}],"collection":[{"href":"https:\/\/www.diarioimagen.net\/index.php?rest_route=\/wp\/v2\/posts"}],"about":[{"href":"https:\/\/www.diarioimagen.net\/index.php?rest_route=\/wp\/v2\/types\/post"}],"author":[{"embeddable":true,"href":"https:\/\/www.diarioimagen.net\/index.php?rest_route=\/wp\/v2\/users\/1"}],"replies":[{"embeddable":true,"href":"https:\/\/www.diarioimagen.net\/index.php?rest_route=%2Fwp%2Fv2%2Fcomments&post=478159"}],"version-history":[{"count":0,"href":"https:\/\/www.diarioimagen.net\/index.php?rest_route=\/wp\/v2\/posts\/478159\/revisions"}],"wp:featuredmedia":[{"embeddable":true,"href":"https:\/\/www.diarioimagen.net\/index.php?rest_route=\/wp\/v2\/media\/478160"}],"wp:attachment":[{"href":"https:\/\/www.diarioimagen.net\/index.php?rest_route=%2Fwp%2Fv2%2Fmedia&parent=478159"}],"wp:term":[{"taxonomy":"category","embeddable":true,"href":"https:\/\/www.diarioimagen.net\/index.php?rest_route=%2Fwp%2Fv2%2Fcategories&post=478159"},{"taxonomy":"post_tag","embeddable":true,"href":"https:\/\/www.diarioimagen.net\/index.php?rest_route=%2Fwp%2Fv2%2Ftags&post=478159"}],"curies":[{"name":"wp","href":"https:\/\/api.w.org\/{rel}","templated":true}]}}