{"id":478219,"date":"2020-08-25T00:02:28","date_gmt":"2020-08-25T05:02:28","guid":{"rendered":"https:\/\/www.diarioimagen.net\/?p=478219"},"modified":"2020-08-25T00:49:28","modified_gmt":"2020-08-25T05:49:28","slug":"en-medio-de-caos-arranco-ciclo-escolar","status":"publish","type":"post","link":"https:\/\/www.diarioimagen.net\/?p=478219","title":{"rendered":"En medio de caos, arranc\u00f3 ciclo escolar"},"content":{"rendered":"<h2>La Retaguardia<\/h2>\n<h5>Adriana Moreno Cordero<strong><em>\u00a0<\/em><\/strong><\/h5>\n<p>&nbsp;<\/p>\n<ul>\n<li><strong><em>Oportunismo de Mart\u00ed Batres, quiere vengarse de Ricardo Monreal<\/em><\/strong><\/li>\n<\/ul>\n<p>&nbsp;<\/p>\n<p>Muy cercano a lo que ser\u00eda un caos, ayer inici\u00f3 en el pa\u00eds el ciclo escolar y alrededor de 30 millones de alumnos regresaron a clases de manera virtual, con el compromiso del secretario de Educaci\u00f3n P\u00fablica, <strong>Esteban Moctezuma<\/strong>, de que en M\u00e9xico, a diferencia de otros pa\u00edses, se continuar\u00e1 con las clases y no se cerrar\u00e1 el ciclo escolar de tajo, es decir, la ense\u00f1anza seguir\u00e1.<\/p>\n<p>\u00bfSer\u00e1?, porque hasta donde se sabe, se dieron una serie de quejas y fallas que qui\u00e9n sabe cu\u00e1ndo se puedan solventar. Sobre todo, las familias que carecen de computadoras para cada uno de sus hijos o bien, cuentan con una sola televisi\u00f3n, lo que hace que los alumnos no se puedan conectar. De hecho, en algunas escuelas p\u00fablicas, no se han organizado sobre c\u00f3mo pudieran iniciar clases y eso que se supone que ya empezaron.<\/p>\n<p>Por otro lado, luego de que el proceso de renovaci\u00f3n de la dirigencia de Morena, tambi\u00e9n se ha vuelto un relajo, <strong>Mario Mart\u00edn Delgado<\/strong>, coordinador de ese partido en la C\u00e1mara de Diputados, no ha podido convencer o formar una sola corriente con todas las \u201ctribus\u201d morenistas; el actual l\u00edder interino, <strong>Alfonso Ram\u00edrez Cu\u00e9llar<\/strong> ya se ve\u00eda repartiendo las candidaturas del partido oficial a sus cercanos, pero recibi\u00f3 tremendo rev\u00e9s, en el Senado de la Rep\u00fablica, en la cuenta regresiva para elegir al nuevo presidente de la Mesa Directiva, posici\u00f3n que ya est\u00e1 m\u00e1s que \u201ccantada\u201d a favor del chiapaneco <strong>Eduardo Ram\u00edrez<\/strong>, quien ya hasta anda tejiendo fino con otras fracciones parlamentaras, se gesta una conspiraci\u00f3n en la mism\u00edsima bancada de Morena en esa instancia legislativa.<\/p>\n<p>Y tal vez lo anterior sea porque aunque ya pas\u00f3 mucho tiempo desde que el senador <strong>Mart\u00ed Batres<\/strong>, que se caracteriza por tener un oportunismo creciente, hizo todo lo posible para reelegirse como presidente de la Mesa Directiva de la c\u00e1mara alta, ahora intenta volver por sus fueros para cobr\u00e1rsela y vengarse -seg\u00fan \u00e9l-, a quien considera su ac\u00e9rrimo enemigo, el coordinador de Morena en el Senado, <strong>Ricardo Monreal \u00c1vila<\/strong>.<\/p>\n<p>O entonces, de qu\u00e9 otra manera puede entenderse que poco m\u00e1s de quince senadores de la llamada \u201cala dura\u201d de Morena, entre los que puede contarse al propio Batres, desde luego, \u00a0<strong>Jesusa Rodr\u00edguez, Antares V\u00e1zquez, Citlalli Hern\u00e1ndez<\/strong> y <strong>Ovidio Peralta,<\/strong> hayan decidido presentar su propia agenda en la plenaria que el partido mayoritario celebrar\u00e1 el pr\u00f3ximo domingo, en la que priorizar\u00e1n el tema de los Derechos Humanos.<\/p>\n<p>O sea, intentan \u201csalirse del huacal\u201d en su propia bancada, pero eso no es nada nuevo. Desde que militaba en el PRD, Batres Guadarrama formaba en la tribu m\u00e1s polarizante y era el encargado de organizar la tomas de tribuna en el Palacio Legislativo de San L\u00e1zaro y tambi\u00e9n ve\u00eda la forma de que mantas y gente rijosa, pudieran ingresar a las instalaciones de la c\u00e1mara baja.<\/p>\n<p>Y para conseguir sus muy personales fines, no le importa hacer lo que sea, con tal de lograr sus objetivos, por eso ahora que est\u00e1 perdiendo popularidad y reflectores y su grupo, la izquierda radical, tiene cada vez menos fuerza, necesita hacer algo para adue\u00f1arse, de nueva cuenta, de la mejor tajada de Morena.<\/p>\n<p>El que tiene, al contrario, una oportunidad de oro para cabildear la posibilidad de llegar al liderazgo del partido oficialista, es Mario Delgado, quien celebrar\u00e1 la plenaria de su instituto pol\u00edtico que, aunque ser\u00e1 virtual tambi\u00e9n, desfilar\u00e1n los miembros del gabinete l\u00f3pezobradorista, los pr\u00f3ximos d\u00edas 27 y 28 de agosto. Desde la secretaria de Gobernaci\u00f3n, <strong>Olga S\u00e1nchez Cordero<\/strong>; el de la SEP, Esteban Moctezuma, hasta el secretario de Hacienda y Cr\u00e9dito P\u00fablico, <strong>Arturo Herrera<\/strong>, pasando por el silente titular de Salud, <strong>Jorge Alcocer<\/strong> y el poderoso subsecretario de Promoci\u00f3n y Prevenci\u00f3n de la Salud, <strong>Hugo L\u00f3pez Gatell<\/strong>.<\/p>\n<p>Si el diputado Delgado logra el consenso, nada, ni siquiera los rijosos morenistas radicales, le podr\u00edan impedir que llegara a suceder a Ram\u00edrez Cu\u00e9llar.<\/p>\n<p style=\"text-align: center;\"><strong>Municiones<\/strong><\/p>\n<p>*** Bajo el lema \u201cEstamos juntos\u201d, el gobernador de Quintana Roo, <strong>Carlos Joaqu\u00edn Gonz\u00e1lez<\/strong>, rendir\u00e1 el pr\u00f3ximo 8 de septiembre, v\u00eda virtual, su cuarto Informe de Gobierno. Ser\u00e1 un Informe in\u00e9dito, pues se dar\u00e1 en medio de la pandemia de Covid-19 y en el caso de la entidad, el mandatario estatal ha sabido manejar esta contingencia sanitaria, siempre cuidando el bienestar de sus gobernados.<\/p>\n<p>*** Durante el encuentro que organiz\u00f3 Instituto Nacional de Transparencia, Acceso a la Informaci\u00f3n y Protecci\u00f3n de Datos, el acceso a la informaci\u00f3n y la transparencia, con su v\u00ednculo a la rendici\u00f3n de cuentas, en el que particip\u00f3 la presidenta de la Mesa Directiva del Senado de la Rep\u00fablica, <strong>M\u00f3nica Fern\u00e1ndez Balboa<\/strong>, afirm\u00f3 que con la reforma que obliga al Poder Judicial a publicar todas sus sentencias se avanza en la consolidaci\u00f3n de un gobierno democr\u00e1tico, que rinda cuentas, transparente en su funcionamiento y sujeto al escrutinio p\u00fablico.\u00a0Asegur\u00f3 que la rendici\u00f3n de cuentas es un principio esencial para prevenir y corregir abusos de poder. Obliga, sostuvo, al poder a abrirse a la inspecci\u00f3n p\u00fablica, lo forza a explicar y justificar sus actos y lo supedita a la amenaza de sanciones.<\/p>\n<p>*** Qu\u00e9 bueno que el presidente <strong>Andr\u00e9s Manuel L\u00f3pez Obrador<\/strong> est\u00e1 consciente de la estatura que como gobernante tiene. Resulta que ayer se subi\u00f3 al avi\u00f3n presidencial Jos\u00e9 Mar\u00eda Morelos y Pav\u00f3n, en una intentona por vender \u201ccachitos\u201d de su frustrada rifa que ya est\u00e1 \u201ca la vuelta de la esquina\u201d, el 15 de septiembre. Igualmente, el mandatario se ve\u00eda diminuto, como cuando se plant\u00f3 frente a la estatua de Abraham Lincoln, o hizo la primera guardia en el Patio de Honor en Palacio Nacional en memoria de los muertos por Covid-19, en unas fachas verdaderamente pat\u00e9ticas. Pues ayer, desde la aeronave dijo: \u201cYo me veo peque\u00f1o, pero no estoy acomplejado. Soy republicano, el poder es humildad\u00bb. Pues as\u00ed como que el tabasque\u00f1o haga gala de humildad, para nada. Definitivamente con declaraciones como \u00e9sta, no acallar\u00e1 los videos escandalosos sobre su hermano P\u00edo L\u00f3pez Obrador porque con eso que dicen que vienen m\u00e1s, a ver c\u00f3mo los tapa; que le pregunte a su flamant\u00edsima secretaria de la Funci\u00f3n P\u00fablica, <strong>Irma Er\u00e9ndira Sandoval<\/strong> para que le d\u00e9 unos buenos consejos.<\/p>\n<p><u><a href=\"mailto:morcora@gmail.com\" target=\"_blank\" rel=\"noopener noreferrer\"><em>morcora@gmail.com<\/em><\/a><\/u><\/p>\n","protected":false},"excerpt":{"rendered":"<p><span style=\"color: #005497;\"><strong>Adriana Moreno Cordero<\/strong><\/span><\/p>\n","protected":false},"author":3,"featured_media":0,"comment_status":"open","ping_status":"open","sticky":false,"template":"","format":"standard","meta":{"_monsterinsights_skip_tracking":false,"_monsterinsights_sitenote_active":false,"_monsterinsights_sitenote_note":"","_monsterinsights_sitenote_category":0,"footnotes":""},"categories":[69370],"tags":[69369,69368,43674],"class_list":["post-478219","post","type-post","status-publish","format-standard","hentry","category-adriana-moreno-cordero","tag-adriana-moreno-cordero","tag-la-retaguardia","tag-opinion"],"_links":{"self":[{"href":"https:\/\/www.diarioimagen.net\/index.php?rest_route=\/wp\/v2\/posts\/478219","targetHints":{"allow":["GET"]}}],"collection":[{"href":"https:\/\/www.diarioimagen.net\/index.php?rest_route=\/wp\/v2\/posts"}],"about":[{"href":"https:\/\/www.diarioimagen.net\/index.php?rest_route=\/wp\/v2\/types\/post"}],"author":[{"embeddable":true,"href":"https:\/\/www.diarioimagen.net\/index.php?rest_route=\/wp\/v2\/users\/3"}],"replies":[{"embeddable":true,"href":"https:\/\/www.diarioimagen.net\/index.php?rest_route=%2Fwp%2Fv2%2Fcomments&post=478219"}],"version-history":[{"count":0,"href":"https:\/\/www.diarioimagen.net\/index.php?rest_route=\/wp\/v2\/posts\/478219\/revisions"}],"wp:attachment":[{"href":"https:\/\/www.diarioimagen.net\/index.php?rest_route=%2Fwp%2Fv2%2Fmedia&parent=478219"}],"wp:term":[{"taxonomy":"category","embeddable":true,"href":"https:\/\/www.diarioimagen.net\/index.php?rest_route=%2Fwp%2Fv2%2Fcategories&post=478219"},{"taxonomy":"post_tag","embeddable":true,"href":"https:\/\/www.diarioimagen.net\/index.php?rest_route=%2Fwp%2Fv2%2Ftags&post=478219"}],"curies":[{"name":"wp","href":"https:\/\/api.w.org\/{rel}","templated":true}]}}