{"id":478229,"date":"2020-08-25T00:03:30","date_gmt":"2020-08-25T05:03:30","guid":{"rendered":"https:\/\/www.diarioimagen.net\/?p=478229"},"modified":"2020-08-25T22:26:50","modified_gmt":"2020-08-26T03:26:50","slug":"dificil-inicio-escolar","status":"publish","type":"post","link":"https:\/\/www.diarioimagen.net\/?p=478229","title":{"rendered":"Dif\u00edcil inicio escolar"},"content":{"rendered":"<h2>Espacio Electoral<\/h2>\n<h5>Eleazar Flores<\/h5>\n<p>&nbsp;<\/p>\n<p><strong>QU\u00c9 HAR\u00c1 LA SEP-.<\/strong> En el d\u00eda a d\u00eda y por experiencias que se encuentra uno con vecinos de colonias o pueblos, se detectaron muchos problemas \u201cde conectividad\u201d entre los padres-madres de familia y las televisoras transmisoras de las clases, a partir de ayer.<\/p>\n<p>Necesita \u201cdescubrirnos\u201d la televisi\u00f3n para que nos hagan caso, pues de lo contrario, nuestras quejas pasar\u00e1n desapercibidas, lamentaron varios pap\u00e1s y mam\u00e1s \u201cdocentes\u201d desde sus hogares.<\/p>\n<p><strong>DE M\u00c1S A MENOS-.<\/strong> Para desencantarlo de ser siempre negativos, empecemos por lo que en todos los hogares hubo, energ\u00eda el\u00e9ctrica, sin necesidad de \u201cdiablitos\u201d de por medio. El segundo \u201capoyo did\u00e1ctico\u201d indispensable en estas tareas fue la televisi\u00f3n, incluso hubo pap\u00e1s y mam\u00e1s que \u201cpresumieron\u201d hasta dos aparatos para igual n\u00famero de hijos \u201ctuvimos que comprar uno extra\u201d, dijo el pap\u00e1 quien tuvo que sacrificar a su esposa por no poder comprarle otro vestido.<\/p>\n<p>La primera carencia notoria en los hogares fue la famosa l\u00ednea de Internet, instrumento que \u201cmi hijo lo maneja bien en la\u00a0 escuela pero aqu\u00ed no llega bien la se\u00f1al\u201d, se queja la preocupada mam\u00e1 que ahora tendr\u00e1 que salir en busca de un \u201cciber\u201d en donde pueda conectarse, para lo cual tendr\u00e1 que buscar a dos o tres cuadras de su domicilio, \u201dpero tenemos que hacerlo\u201d, se resigna.<\/p>\n<p>Todo esto es en cuanto a la \u201clog\u00edsitica\u201d del primer d\u00eda de clases del ciclo escolar 2020-2021 que a causa de la pandemia no podr\u00e1 ser presencial como ven\u00eda siendo desde siempre, por lo que se tendr\u00e1 que recurrir al apoyo de las televisaras, estatal y privadas, con la esperanza de que los estudiantes salgan \u201cmenos peor\u201d que en a\u00f1os anteriores. Por lo pronto no habr\u00e1 reprobados.<\/p>\n<p>El esfuerzo de los docentes a distancia tambi\u00e9n es digno de encomio, as\u00ed las autoridades no \u201cjustiprecien\u201d el sacrificio, pero ojal\u00e1 y alg\u00fan d\u00eda se les llegue a reconocer.<\/p>\n<p><strong>SILENCIO-.<\/strong> El filoso Don Teofilito, que aunque usted lo dude existe as\u00ed nadie lo pueda ver, -igual que a Emilio Lozoya pero el gobierno protector todo lo cree-, le recomienda muy respetuosamente al padre de la Cuarta Transformaci\u00f3n, poner en pr\u00e1ctica uno de los miles de dichos del pueblo sabio \u201cde boca cerrada no salen mentiras\u201d, que a diario se le escuchan, todo por el hecho de salir diario en los medios de comunicaci\u00f3n. Con las ma\u00f1aneras ser\u00eda m\u00e1s que suficiente.<\/p>\n<p>Sin embargo, el tabasque\u00f1o sigue con sus mensajes finsemaneros s\u00f3lo para remachar dichos de muchos de sus funcionarios, sobre todo del tal Hugo L\u00f3pez en relaci\u00f3n a defunciones por coronavirus.<\/p>\n<p>Vamos saliendo de las crisis monetaria y de salud, asegura AMLO, \u00bfusted le cree?<\/p>\n<p><em><a href=\"mailto:elefa44@gmail.com\" target=\"_blank\" rel=\"noopener noreferrer\">elefa44@gmail.com<\/a><\/em><\/p>\n","protected":false},"excerpt":{"rendered":"<p><span style=\"color: #005497;\"><strong>Eleazar Flores<\/strong><\/span><\/p>\n","protected":false},"author":3,"featured_media":0,"comment_status":"open","ping_status":"open","sticky":false,"template":"","format":"standard","meta":{"_monsterinsights_skip_tracking":false,"_monsterinsights_sitenote_active":false,"_monsterinsights_sitenote_note":"","_monsterinsights_sitenote_category":0,"footnotes":""},"categories":[81743],"tags":[81744,81776,43674],"class_list":["post-478229","post","type-post","status-publish","format-standard","hentry","category-eleazar-flores","tag-eleazar-flores","tag-espacio-electoral","tag-opinion"],"_links":{"self":[{"href":"https:\/\/www.diarioimagen.net\/index.php?rest_route=\/wp\/v2\/posts\/478229","targetHints":{"allow":["GET"]}}],"collection":[{"href":"https:\/\/www.diarioimagen.net\/index.php?rest_route=\/wp\/v2\/posts"}],"about":[{"href":"https:\/\/www.diarioimagen.net\/index.php?rest_route=\/wp\/v2\/types\/post"}],"author":[{"embeddable":true,"href":"https:\/\/www.diarioimagen.net\/index.php?rest_route=\/wp\/v2\/users\/3"}],"replies":[{"embeddable":true,"href":"https:\/\/www.diarioimagen.net\/index.php?rest_route=%2Fwp%2Fv2%2Fcomments&post=478229"}],"version-history":[{"count":0,"href":"https:\/\/www.diarioimagen.net\/index.php?rest_route=\/wp\/v2\/posts\/478229\/revisions"}],"wp:attachment":[{"href":"https:\/\/www.diarioimagen.net\/index.php?rest_route=%2Fwp%2Fv2%2Fmedia&parent=478229"}],"wp:term":[{"taxonomy":"category","embeddable":true,"href":"https:\/\/www.diarioimagen.net\/index.php?rest_route=%2Fwp%2Fv2%2Fcategories&post=478229"},{"taxonomy":"post_tag","embeddable":true,"href":"https:\/\/www.diarioimagen.net\/index.php?rest_route=%2Fwp%2Fv2%2Ftags&post=478229"}],"curies":[{"name":"wp","href":"https:\/\/api.w.org\/{rel}","templated":true}]}}