{"id":478244,"date":"2020-08-25T00:12:56","date_gmt":"2020-08-25T05:12:56","guid":{"rendered":"https:\/\/www.diarioimagen.net\/?p=478244"},"modified":"2020-08-25T22:36:49","modified_gmt":"2020-08-26T03:36:49","slug":"y-finalmente-amlo-subio-al-avion","status":"publish","type":"post","link":"https:\/\/www.diarioimagen.net\/?p=478244","title":{"rendered":"Y finalmente, AMLO subi\u00f3 al avi\u00f3n"},"content":{"rendered":"<h2>Tras la puerta del poder<\/h2>\n<h5>Roberto Vizca\u00edno<\/h5>\n<p>&nbsp;<\/p>\n<p>Ayer, <strong>Andr\u00e9s Manuel L\u00f3pez Obrador<\/strong> se olvid\u00f3 de todos los problemas que asedian a su gobierno para centrar sus misiles discursivos y medi\u00e1ticos, de nuevo, en el avi\u00f3n presidencial.<\/p>\n<p>Y es que, luego de jurar y perjurar que nunca, por ning\u00fan motivo, se subir\u00eda al <strong>Jos\u00e9 Mar\u00eda Morelos<\/strong>, con actitudes de sentir <em>asquito<\/em> antineoliberal y anti-conservador, el populista de Macuspana pos\u00f3 sonriente al lado del sill\u00f3n usado por <strong>Enrique Pe\u00f1a Nieto<\/strong> en sus recorridos por el mundo.<\/p>\n<p>El pretexto para encubrir su curiosidad fue el de hacer un video de apenas 1 minuto arriba del avi\u00f3n presidencial que ayer subi\u00f3 a sus redes sociales para promover la venta de casi 4 de 6 millones de cachitos para la rifa del 15 de septiembre.<\/p>\n<p>El problema es que hasta el momento, y luego de haber arrancado la venta de billetes de la loter\u00eda a fines del a\u00f1o pasado, s\u00f3lo se han vendido 2 millones 24 mil cachitos, una tercera parte de lo programado.<\/p>\n<p>Eso a pesar de que durante buena parte de sus ma\u00f1aneras en lo que va del a\u00f1o ha hablado y hablado y hablado del avi\u00f3n.<\/p>\n<p>Como orador viejo no aprende discurso nuevo, <strong>L\u00f3pez Obrador<\/strong> reiter\u00f3 su mismo tema, es decir, que:<\/p>\n<p>\u201cHabiendo tanta pobreza esto es un insulto, este avi\u00f3n lo vamos a rifar el 15 de septiembre y lo que se obtenga se va a utilizar para comprar equipo m\u00e9dico y atender al pueblo, compra tu cachito, hagamos historia\u201d.<\/p>\n<p>El video realizado presumiblemente el jueves 20 de agosto, muestra a <strong>L\u00f3pez Obrador<\/strong> encorvado y con paso cansado subir las escalerillas del avi\u00f3n, para luego hacer un r\u00e1pido recorrido por la cabina de pilotos, el despacho privado, el ba\u00f1o, la recamara y otros sitios de la nave.<\/p>\n<p>Cazador de s\u00edmbolos, <strong>L\u00f3pez Obrador<\/strong> hizo una parada especial para recargarse sobre el respaldo del sill\u00f3n forrado de tela verde y coronado con el emblem\u00e1tico escudo nacional en hilo de oro y que fue el lugar usado por su antecesor en sus viajes dentro y fuera de M\u00e9xico.<\/p>\n<p>Obviamente que el video no muestra si el tabasque\u00f1o finalmente se sent\u00f3 para ver si embonaba o no en el lugar heredado.<\/p>\n<p>Eso s\u00f3lo lo saben \u00e9l y quienes le acompa\u00f1aron en ese recorrido. Yo tengo la sensaci\u00f3n de que s\u00ed lo hizo. Si no, \u00bfqu\u00e9 caso tendr\u00eda haber subido finalmente al odiado avi\u00f3n si no para sentarse donde est\u00e1 el s\u00edmbolo del poder que ahora \u00e9l detenta?<\/p>\n<p>En fin, pura intuici\u00f3n period\u00edstica. Y un poco de conocimiento de la condici\u00f3n humana de los pol\u00edticos.<\/p>\n<p>El caso es que ayer <strong>AMLO<\/strong> no habl\u00f3 de los niveles de espanto a que ha llegado ya la pandemia, ni los nunca antes vistos de la crisis econ\u00f3mica y menos de los n\u00fameros y porcentajes de ejecutados hasta la fecha y que han roto todos los r\u00e9cords anteriores.<\/p>\n<p>Su preocupaci\u00f3n fue vender en los siguientes 21 d\u00edas los 4 millones de boletos de la rifa -que no rifa- del avi\u00f3n presidencial.<\/p>\n<p>Lo que me llam\u00f3 la atenci\u00f3n fue que AMLO se sintiera intimidado por el avi\u00f3n. Y digo que se sinti\u00f3 intimidado porque lo dijo:<\/p>\n<p>En una toma, con el avi\u00f3n\u00a0 de fondo, <strong>L\u00f3pez Obrador<\/strong> no pudo resistirse a decir:<\/p>\n<p>\u201c\u2026 <strong>yo me veo peque\u00f1o<\/strong>, pero <strong>no estoy acomplejado\u201d<\/strong>.<\/p>\n<p>Luego intentar\u00eda atemperar lo dicho, al indicar que \u00e9l es <strong>republicano<\/strong> y que para \u00e9l el poder es sin\u00f3nimo de humildad.<\/p>\n<p>Y exclam\u00f3:<\/p>\n<p>\u201c\u00a1Estos parec\u00edan reyes\u2026 miren los lujos que se daban!\u201d<\/p>\n<p>Yo, como la se\u00f1ora <strong>G. M\u00fcller,<\/strong> no soy psic\u00f3logo ni psiquiatra, ni siquiera aprendiz en temas de la personalidad, pero s\u00e9, por oficio-experiencia y edad, que si alguien habla de que se ve peque\u00f1o al lado de algo y adem\u00e1s comenta que no se siente acomplejado, es justamente porque se siente as\u00ed: peque\u00f1o y acomplejado.<\/p>\n<p>Lo dem\u00e1s fue una repetici\u00f3n de lo ya muchas veces dicho: que el avi\u00f3n es un ejemplo de <strong><em>c\u00f3mo se mal gobernaba<\/em><\/strong> en el periodo neoliberal y <strong><em>de los excesos<\/em><\/strong> que se cometieron, de la <strong><em>ostentaci\u00f3n<\/em><\/strong> y del <strong><em>nivel de irracionalidad<\/em><\/strong> que se tuvo al ponerle el nombre de <strong>Jos\u00e9 Mar\u00eda Morelos y Pav\u00f3n<\/strong> a la nave.<\/p>\n<p>Si uno entra a <em>Google<\/em> y busca aviones presidenciales de mandatarios en el mundo ver\u00e1 que \u00e9ste no es m\u00e1s que otra nave de un presidente.<\/p>\n<p>Avi\u00f3n, avi\u00f3n, avi\u00f3n lujoso y formidable por sus avances tecnol\u00f3gicos y sus sistemas de seguridad y de comunicaci\u00f3n, el <strong>Force-One<\/strong> del presidente de los Estados Unidos. \u00c9se s\u00ed es avi\u00f3n.<\/p>\n<p>El <strong>Jos\u00e9 Mar\u00eda Morelos<\/strong> es apenas un miserable avi\u00f3n al lado de cualquiera de los pr\u00edncipes y jeques \u00e1rabes.<\/p>\n<p>C\u00f3modo, seguro, pues s\u00ed. \u00bfQu\u00e9 esperaba? Pero nada de qu\u00e9 espantarse ni asombrarse. \u00bfAlto, grande, imponente? Pues s\u00ed, es un avi\u00f3n.<\/p>\n<p>En fin, que ayer <strong>L\u00f3pez Obrador<\/strong> volvi\u00f3 al multicitado avi\u00f3n para no hablar de que est\u00e1 metido en un endiablado laberinto legal por haber aceptado saber que su hermano <strong>P\u00edo<\/strong> recib\u00eda en forma subrepticia, sin reportar a nadie, ni a Hacienda ni al INE, millones de <strong>David Le\u00f3n<\/strong> (muy presumiblemente del gobierno de <strong>Manuel Velasco,<\/strong> en Chiapas), lo cual es causa penal para \u00e9l y su <em>brother<\/em> y Le\u00f3n, porque \u00e9l entonces era presidente pero de Morena.<\/p>\n<p>Un endiablado laberinto que deber\u00e1 ser resuelto por el INE, el Tribunal Electoral y por la Fiscal\u00eda de Delitos Electorales, que encabeza su compadre <strong>Jos\u00e9 Agust\u00edn Ortiz Pinchetti<\/strong>. Instancias todas, donde sus integrantes est\u00e1n maldiciendo hoy el tema, porque lo que menos quieren es enfrentarse a <strong>AMLO<\/strong>, pero lo van a tener que hacer porque ya son observados por muchos dentro y fuera de M\u00e9xico.<\/p>\n<p style=\"text-align: center;\"><strong>Las presidentas del Congreso rindieron informes <\/strong><\/p>\n<p>A 7 d\u00edas de dejar el cargo, la panista <strong>Laura Rojas<\/strong> y la morenista <strong>M\u00f3nica Fern\u00e1ndez<\/strong>, presidentas respectivas de la C\u00e1mara de Diputados y del Senado, rindieron sus informes de salida.<\/p>\n<p><strong>Fern\u00e1ndez<\/strong> indic\u00f3 que, con la reforma que obliga al Poder Judicial a publicar todas sus sentencias, se avanza en la consolidaci\u00f3n de un gobierno democr\u00e1tico, que rinda cuentas, transparente en su funcionamiento y sujeto al escrutinio p\u00fablico.<\/p>\n<p>Consider\u00f3 que la rendici\u00f3n de cuentas es un principio toral para prevenir y corregir abusos de poder, pues obliga a todos dentro de los poderes, a abrirse a la inspecci\u00f3n p\u00fablica y a explicar y justificar sus actos, pero sobre todo los supedita a ser sancionados.<\/p>\n<p><strong>Laura Rojas<\/strong>, presidenta en San L\u00e1zaro, afirm\u00f3 que la C\u00e1mara de Diputados es uno de los principales espacios donde se dise\u00f1a desde hoy la Agenda 2030.<\/p>\n<p>\u201cAl ser la representaci\u00f3n popular y la responsable de la formulaci\u00f3n de las leyes que dan gobernabilidad al pa\u00eds, de la fiscalizaci\u00f3n de la labor del Poder Legislativo, as\u00ed como de la aprobaci\u00f3n del presupuesto federal, es una pieza fundamental para lograr su consecuci\u00f3n\u201d, subray\u00f3.<\/p>\n<p>Durante una presentaci\u00f3n virtual sobre la \u201cEstrategia Legislativa para la Agenda 2030\u201d, la legisladora afirm\u00f3 que este documento es la hoja de ruta que recomienda las leyes que requieren ser reformadas en el corto, mediano y largo plazos, a la luz de los 17 Objetivos de Desarrollo Sostenible y de sus respectivas metas.<\/p>\n<p>\u201cHoy tenemos la oportunidad hist\u00f3rica de lograr un desarrollo sostenible e incluyente que no deje a nadie atr\u00e1s y que no comprometa el futuro\u201d, expres\u00f3.<\/p>\n<p>Estim\u00f3 que el momento es id\u00f3neo para redoblar esfuerzos, porque \u201cla pandemia por Covid-19 ha supuesto un obst\u00e1culo importante en nuestras aspiraciones de cara al cumplimiento de los ODS; a\u00fan nos queda mucho trabajo por hacer\u201d.<\/p>\n<p>Resalt\u00f3 que ejercer el cargo de presidenta de la Mesa Directiva ha representado una oportunidad \u00fanica para impulsar la instrumentaci\u00f3n de la Agenda 2030 y sus Objetivos de Desarrollo Sostenible. Por ello, desde el primer momento de su gesti\u00f3n se dio a la tarea de lograr los acuerdos necesarios para conformar un grupo de trabajo al m\u00e1s alto nivel en la C\u00e1mara de Diputados.<\/p>\n<p>Ambas, <strong>Fern\u00e1ndez<\/strong> y <strong>Rojas<\/strong>, vivir\u00e1n esta semana las vicisitudes que plantean sus respectivas sucesiones. En el Senado, el coordinador de la mayor\u00eda de Morena, <strong>Ricardo Monreal<\/strong>, adelant\u00f3 que la elecci\u00f3n del presidente del pr\u00f3ximo a\u00f1o saldr\u00e1 de una elecci\u00f3n a urna transparente, con notario de por medio, y en la que s\u00f3lo participen los senadores de la 4T.<\/p>\n<p>En San L\u00e1zaro, la sucesi\u00f3n amenaza con ser un caos ya que la bancada del PT ha crecido artificialmente para arrebatarle la presidencia al PRI. En fin, la incertidumbre como en todo lo dem\u00e1s de la naci\u00f3n.<\/p>\n<p><em><a href=\"mailto:rvizcainoa@gmail.com\" target=\"_blank\" rel=\"noopener noreferrer\">rvizcainoa@gmail.com<\/a><br \/>\n<u><a href=\"http:\/\/endirecto.mx\" target=\"_blank\" rel=\"noopener noreferrer\">www.endirecto.mx<\/a><br \/>\n<a href=\"https:\/\/twitter.com\/_rvizcaino\" target=\"_blank\" rel=\"noopener noreferrer\">@_RVizcaino<\/a><br \/>\n<a href=\"https:\/\/www.facebook.com\/rvizcainoa\" target=\"_blank\" rel=\"noopener noreferrer\">facebook.com\/rvizcainoa<\/a><\/u><\/em><\/p>\n","protected":false},"excerpt":{"rendered":"<p><span style=\"color: #005497;\"><strong>Roberto Vizca\u00edno<\/strong><\/span><br \/>\n<br \/>\nAyer, <strong>Andr\u00e9s Manuel L\u00f3pez Obrador<\/strong> se olvid\u00f3 de todos los problemas que asedian a su gobierno para centrar sus misiles discursivos y medi\u00e1ticos, de nuevo, en el avi\u00f3n presidencial.<\/p>\n","protected":false},"author":3,"featured_media":0,"comment_status":"open","ping_status":"open","sticky":false,"template":"","format":"standard","meta":{"_monsterinsights_skip_tracking":false,"_monsterinsights_sitenote_active":false,"_monsterinsights_sitenote_note":"","_monsterinsights_sitenote_category":0,"footnotes":""},"categories":[136],"tags":[43674,93,94],"class_list":["post-478244","post","type-post","status-publish","format-standard","hentry","category-roberto-vizcaino-opinion","tag-opinion","tag-roberto-vizcaino","tag-tras-la-puerta-del-poder"],"_links":{"self":[{"href":"https:\/\/www.diarioimagen.net\/index.php?rest_route=\/wp\/v2\/posts\/478244","targetHints":{"allow":["GET"]}}],"collection":[{"href":"https:\/\/www.diarioimagen.net\/index.php?rest_route=\/wp\/v2\/posts"}],"about":[{"href":"https:\/\/www.diarioimagen.net\/index.php?rest_route=\/wp\/v2\/types\/post"}],"author":[{"embeddable":true,"href":"https:\/\/www.diarioimagen.net\/index.php?rest_route=\/wp\/v2\/users\/3"}],"replies":[{"embeddable":true,"href":"https:\/\/www.diarioimagen.net\/index.php?rest_route=%2Fwp%2Fv2%2Fcomments&post=478244"}],"version-history":[{"count":0,"href":"https:\/\/www.diarioimagen.net\/index.php?rest_route=\/wp\/v2\/posts\/478244\/revisions"}],"wp:attachment":[{"href":"https:\/\/www.diarioimagen.net\/index.php?rest_route=%2Fwp%2Fv2%2Fmedia&parent=478244"}],"wp:term":[{"taxonomy":"category","embeddable":true,"href":"https:\/\/www.diarioimagen.net\/index.php?rest_route=%2Fwp%2Fv2%2Fcategories&post=478244"},{"taxonomy":"post_tag","embeddable":true,"href":"https:\/\/www.diarioimagen.net\/index.php?rest_route=%2Fwp%2Fv2%2Ftags&post=478244"}],"curies":[{"name":"wp","href":"https:\/\/api.w.org\/{rel}","templated":true}]}}