{"id":478283,"date":"2020-08-26T00:02:50","date_gmt":"2020-08-26T05:02:50","guid":{"rendered":"https:\/\/www.diarioimagen.net\/?p=478283"},"modified":"2020-08-26T00:14:37","modified_gmt":"2020-08-26T05:14:37","slug":"tlalnepantla-por-primera-vez-implementa-plan-de-accion-para-fomentar-cultura-de-paz","status":"publish","type":"post","link":"https:\/\/www.diarioimagen.net\/?p=478283","title":{"rendered":"Tlalnepantla, por primera vez, implementa\u00a0 plan de acci\u00f3n para fomentar cultura de paz\u00a0"},"content":{"rendered":"<p>&nbsp;<\/p>\n<ul>\n<li><em><b>Para mejorar la convivencia entre sus habitantes<\/b><\/em><\/li>\n<\/ul>\n<p>&nbsp;<\/p>\n<div id=\"attachment_478284\" style=\"width: 470px\" class=\"wp-caption aligncenter\"><a href=\"https:\/\/www.diarioimagen.net\/wp-content\/uploads\/2020\/08\/CAMACHO26-bpor.jpg\"><img loading=\"lazy\" decoding=\"async\" aria-describedby=\"caption-attachment-478284\" class=\"size-large wp-image-478284\" src=\"https:\/\/www.diarioimagen.net\/wp-content\/uploads\/2020\/08\/CAMACHO26-bpor-460x268.jpg\" alt=\"\" width=\"460\" height=\"268\" srcset=\"https:\/\/www.diarioimagen.net\/wp-content\/uploads\/2020\/08\/CAMACHO26-bpor-460x268.jpg 460w, https:\/\/www.diarioimagen.net\/wp-content\/uploads\/2020\/08\/CAMACHO26-bpor-240x140.jpg 240w, https:\/\/www.diarioimagen.net\/wp-content\/uploads\/2020\/08\/CAMACHO26-bpor.jpg 480w\" sizes=\"auto, (max-width: 460px) 100vw, 460px\" \/><\/a><p id=\"caption-attachment-478284\" class=\"wp-caption-text\">El alcalde Raciel P\u00e9rez Cruz tom\u00f3 protesta a los integrantes del Consejo Municipal para el Fomento y Promoci\u00f3n de la Cultura de Paz.<\/p><\/div>\n<p>&nbsp;<\/p>\n<p><strong>Tlalnepantla, Estado de M\u00e9xico<\/strong>.- Raciel P\u00e9rez Cruz, Presidente Municipal de Tlalnepantla, tom\u00f3 protesta a los integrantes del Consejo Municipal para el Fomento y Promoci\u00f3n de la Cultura de Paz, que aplica acciones para impulsar el di\u00e1logo, la resoluci\u00f3n pac\u00edfica de conflictos y mejorar la convivencia entre los habitantes de Nuestra Ciudad.<\/p>\n<p>Durante la instalaci\u00f3n y primera sesi\u00f3n ordinaria del consejo se aprob\u00f3 el Programa de Acci\u00f3n sobre una Cultura de Paz, que fortalece las condiciones comunitarias en el orden, respeto, di\u00e1logo, inclusi\u00f3n, solidaridad y trato justo; crea espacios de di\u00e1logo y concertaci\u00f3n para la resoluci\u00f3n de conflictos de manera pac\u00edfica y restablece la confianza institucional en materia de justicia y seguridad.<\/p>\n<p>El Edil, presidente del consejo, expres\u00f3 que se fomenta la educaci\u00f3n, los valores, el desarrollo econ\u00f3mico sostenible y sustentable, derechos humanos, igualdad entre hombres y mujeres, participaci\u00f3n democr\u00e1tica, la comprensi\u00f3n, la tolerancia y la solidaridad.<\/p>\n<p>El consejo est\u00e1 integrado por Miguel \u00c1ngel Bravo Suberville, Secretario del Ayuntamiento; M\u00f3nica Ram\u00edrez Arrieta, Coordinadora de Cultura de Paz; Rub\u00e9n Gonz\u00e1lez Molina, Subdirector de Prevenci\u00f3n del Delito; Clemente Santos Mart\u00ednez, Coordinador de Justicia Restaurativa.<\/p>\n<p>Los ciudadanos Claudia Elisa Canto Maya, profesora de psicolog\u00eda en la FES Iztacala; Rafael Ibarra Farf\u00e1n, sexto vocal de la Asociaci\u00f3n Civil Valle de las Pir\u00e1mides por la Paz, Mar\u00eda Guadalupe Flores Tejeda, presidenta de la asociaci\u00f3n civil Fomento Unificador C\u00edvico Nacional y Roc\u00edo Sicardo Moreno, presidenta de la Preceptor\u00eda\u00a0 Juvenil de Tlalnepantla de Baz.<\/p>\n","protected":false},"excerpt":{"rendered":"<p>Raciel P\u00e9rez Cruz, Presidente Municipal de Tlalnepantla, tom\u00f3 protesta a los integrantes del Consejo Municipal para el Fomento y Promoci\u00f3n de la Cultura de Paz, que aplica acciones para impulsar el di\u00e1logo, la resoluci\u00f3n pac\u00edfica de conflictos y mejorar la convivencia entre los habitantes de Nuestra Ciudad.<\/p>\n","protected":false},"author":1,"featured_media":478284,"comment_status":"open","ping_status":"open","sticky":false,"template":"","format":"standard","meta":{"_monsterinsights_skip_tracking":false,"_monsterinsights_sitenote_active":false,"_monsterinsights_sitenote_note":"","_monsterinsights_sitenote_category":0,"footnotes":""},"categories":[5],"tags":[43675,81517,169],"class_list":["post-478283","post","type-post","status-publish","format-standard","has-post-thumbnail","hentry","category-estado-de-mexico","tag-estado-de-mexico","tag-raciel-perez-cruz","tag-tlalnepantla"],"_links":{"self":[{"href":"https:\/\/www.diarioimagen.net\/index.php?rest_route=\/wp\/v2\/posts\/478283","targetHints":{"allow":["GET"]}}],"collection":[{"href":"https:\/\/www.diarioimagen.net\/index.php?rest_route=\/wp\/v2\/posts"}],"about":[{"href":"https:\/\/www.diarioimagen.net\/index.php?rest_route=\/wp\/v2\/types\/post"}],"author":[{"embeddable":true,"href":"https:\/\/www.diarioimagen.net\/index.php?rest_route=\/wp\/v2\/users\/1"}],"replies":[{"embeddable":true,"href":"https:\/\/www.diarioimagen.net\/index.php?rest_route=%2Fwp%2Fv2%2Fcomments&post=478283"}],"version-history":[{"count":0,"href":"https:\/\/www.diarioimagen.net\/index.php?rest_route=\/wp\/v2\/posts\/478283\/revisions"}],"wp:featuredmedia":[{"embeddable":true,"href":"https:\/\/www.diarioimagen.net\/index.php?rest_route=\/wp\/v2\/media\/478284"}],"wp:attachment":[{"href":"https:\/\/www.diarioimagen.net\/index.php?rest_route=%2Fwp%2Fv2%2Fmedia&parent=478283"}],"wp:term":[{"taxonomy":"category","embeddable":true,"href":"https:\/\/www.diarioimagen.net\/index.php?rest_route=%2Fwp%2Fv2%2Fcategories&post=478283"},{"taxonomy":"post_tag","embeddable":true,"href":"https:\/\/www.diarioimagen.net\/index.php?rest_route=%2Fwp%2Fv2%2Ftags&post=478283"}],"curies":[{"name":"wp","href":"https:\/\/api.w.org\/{rel}","templated":true}]}}