{"id":478397,"date":"2020-08-27T00:04:47","date_gmt":"2020-08-27T05:04:47","guid":{"rendered":"https:\/\/www.diarioimagen.net\/?p=478397"},"modified":"2020-08-26T23:27:37","modified_gmt":"2020-08-27T04:27:37","slug":"equipamiento-para-seguridad-publica-y-transito-en-atizapan","status":"publish","type":"post","link":"https:\/\/www.diarioimagen.net\/?p=478397","title":{"rendered":"Equipamiento para Seguridad P\u00fablica y Tr\u00e1nsito en Atizap\u00e1n"},"content":{"rendered":"<p>&nbsp;<\/p>\n<p><a href=\"https:\/\/www.diarioimagen.net\/wp-content\/uploads\/2020\/08\/CAMACHO27-dpot.jpg\"><img loading=\"lazy\" decoding=\"async\" class=\"aligncenter size-large wp-image-478398\" src=\"https:\/\/www.diarioimagen.net\/wp-content\/uploads\/2020\/08\/CAMACHO27-dpot-460x268.jpg\" alt=\"\" width=\"460\" height=\"268\" srcset=\"https:\/\/www.diarioimagen.net\/wp-content\/uploads\/2020\/08\/CAMACHO27-dpot-460x268.jpg 460w, https:\/\/www.diarioimagen.net\/wp-content\/uploads\/2020\/08\/CAMACHO27-dpot-240x140.jpg 240w, https:\/\/www.diarioimagen.net\/wp-content\/uploads\/2020\/08\/CAMACHO27-dpot.jpg 480w\" sizes=\"auto, (max-width: 460px) 100vw, 460px\" \/><\/a><\/p>\n<p>&nbsp;<\/p>\n<p><strong>Atizap\u00e1n, Estado de M\u00e9xico<\/strong><b>.- <\/b>Se ha invertido en equipamiento para seguridad p\u00fablica y tr\u00e1nsito, con la incorporaci\u00f3n de nuevas patrullas y motocicletas equipadas con tecnolog\u00eda de \u00faltima generaci\u00f3n, adem\u00e1s hemos capacitado y equipado con armamento y uniformes nuevos a nuestros elementos.<\/p>\n","protected":false},"excerpt":{"rendered":"<p>Se ha invertido en equipamiento para seguridad p\u00fablica y tr\u00e1nsito, con la incorporaci\u00f3n de nuevas patrullas y motocicletas equipadas con tecnolog\u00eda de \u00faltima generaci\u00f3n, adem\u00e1s hemos capacitado y equipado con armamento y uniformes nuevos a nuestros elementos.<\/p>\n","protected":false},"author":1,"featured_media":478398,"comment_status":"open","ping_status":"open","sticky":false,"template":"","format":"standard","meta":{"_monsterinsights_skip_tracking":false,"_monsterinsights_sitenote_active":false,"_monsterinsights_sitenote_note":"","_monsterinsights_sitenote_category":0,"footnotes":""},"categories":[5],"tags":[969,43675],"class_list":["post-478397","post","type-post","status-publish","format-standard","has-post-thumbnail","hentry","category-estado-de-mexico","tag-atizapan","tag-estado-de-mexico"],"_links":{"self":[{"href":"https:\/\/www.diarioimagen.net\/index.php?rest_route=\/wp\/v2\/posts\/478397","targetHints":{"allow":["GET"]}}],"collection":[{"href":"https:\/\/www.diarioimagen.net\/index.php?rest_route=\/wp\/v2\/posts"}],"about":[{"href":"https:\/\/www.diarioimagen.net\/index.php?rest_route=\/wp\/v2\/types\/post"}],"author":[{"embeddable":true,"href":"https:\/\/www.diarioimagen.net\/index.php?rest_route=\/wp\/v2\/users\/1"}],"replies":[{"embeddable":true,"href":"https:\/\/www.diarioimagen.net\/index.php?rest_route=%2Fwp%2Fv2%2Fcomments&post=478397"}],"version-history":[{"count":0,"href":"https:\/\/www.diarioimagen.net\/index.php?rest_route=\/wp\/v2\/posts\/478397\/revisions"}],"wp:featuredmedia":[{"embeddable":true,"href":"https:\/\/www.diarioimagen.net\/index.php?rest_route=\/wp\/v2\/media\/478398"}],"wp:attachment":[{"href":"https:\/\/www.diarioimagen.net\/index.php?rest_route=%2Fwp%2Fv2%2Fmedia&parent=478397"}],"wp:term":[{"taxonomy":"category","embeddable":true,"href":"https:\/\/www.diarioimagen.net\/index.php?rest_route=%2Fwp%2Fv2%2Fcategories&post=478397"},{"taxonomy":"post_tag","embeddable":true,"href":"https:\/\/www.diarioimagen.net\/index.php?rest_route=%2Fwp%2Fv2%2Ftags&post=478397"}],"curies":[{"name":"wp","href":"https:\/\/api.w.org\/{rel}","templated":true}]}}