{"id":478495,"date":"2020-08-27T00:12:46","date_gmt":"2020-08-27T05:12:46","guid":{"rendered":"https:\/\/www.diarioimagen.net\/?p=478495"},"modified":"2020-08-27T01:32:43","modified_gmt":"2020-08-27T06:32:43","slug":"arranca-proceso-de-eleccion-de-presidente-en-el-senado-marti-batres-buscara-dar-golpe","status":"publish","type":"post","link":"https:\/\/www.diarioimagen.net\/?p=478495","title":{"rendered":"Arranca proceso de elecci\u00f3n de presidente en el Senado; Mart\u00ed Batres buscar\u00e1 dar <em>golpe<\/em>"},"content":{"rendered":"<h2>Tras la puerta del poder<\/h2>\n<h5>Roberto Vizca\u00edno<\/h5>\n<p>&nbsp;<\/p>\n<p>Con pr\u00e1cticamente todo \u201cplanchado\u201d en favor del chiapaneco <strong>\u00d3scar Eduardo Ram\u00edrez Aguilar<\/strong>, la coordinaci\u00f3n del grupo mayoritario de Morena, que comanda <strong>Ricardo Monreal, <\/strong>lanz\u00f3 la tan esperada convocatoria para la elecci\u00f3n de presidente del Senado en su tercer a\u00f1o legislativo.<\/p>\n<p>Por los pasillos, las oficinas marginales de grupo dominante, el senador <strong>Mart\u00ed Batres <\/strong>y sus 12 llaneros solitarios se revolvieron en busca de alguna debilidad por la que se puedan colar todav\u00eda a la pelea por el cargo o al menos por posiciones en la Mesa Directiva desde las cuales puedan influir en la toma de decisiones el siguiente a\u00f1o, que ser\u00e1 el del mayor proceso electoral vivido nunca antes en M\u00e9xico.<\/p>\n<p>Con un colmillo pol\u00edtico m\u00e1s grande que el de la morsa m\u00e1s imponente que usted haya visto, <strong>Monreal<\/strong> emiti\u00f3 una convocatoria que pr\u00e1cticamente no deja espacio para ninguna conjura o provocaci\u00f3n de sus malquerientes internos.<\/p>\n<p>Es as\u00ed que, junto con los senadores aliados del PES, buscar\u00e1 cumplir con 4 puntos en el proceso de selecci\u00f3n de nuevo presidente del Senado:<\/p>\n<p>Todo se inicia con un plazo de 18 horas para el registro de aspirantes a presidente, vicepresidente y miembros de la Mesa Directiva. Y otro de 3 horas para la votaci\u00f3n en urna transparente y bajo el registro de notario p\u00fablico de los 65 senadores de Morena y del PES.<\/p>\n<p>Un punto esencial es que el Canal del Congreso, como los medios de comunicaci\u00f3n que se acrediten, atestiguar\u00e1n en directo la elecci\u00f3n que se realizar\u00e1 entre las 9.00 y las 12.00 horas del domingo 30 de agosto, en el marco de la Reuni\u00f3n Plenaria.<\/p>\n<p>Por primera vez se usar\u00e1n las nuevas tecnolog\u00edas para que aquellos senadores que no puedan acudir a la Plenaria, en la Antigua Casona de Xicot\u00e9ncatl, realicen su voto v\u00eda electr\u00f3nica.<\/p>\n<p>Lo esencial es evitar cualquier suspicacia que derive en reclamo de inconsistencias. Todo ser\u00e1 transparente y claro, afirm\u00f3 <strong>Monreal.<\/strong><\/p>\n<p>Por lo pronto, los coordinadores de las bancadas del PAN, el queretano <strong>Mauricio Kuri<\/strong> y el del PRI, <strong>Miguel \u00c1ngel Osorio Chong<\/strong>, ya adelantaron su apoyo al chiapaneco <strong>Ram\u00edrez Aguilar<\/strong>, con lo que se garantiza una votaci\u00f3n no s\u00f3lo absolutamente mayoritaria, sino plural.<\/p>\n<p>Al fin cosas de pol\u00edticos, ambos coordinadores coincidieron en que el chiapaneco es hombre de palabra, confiable, que escucha y con quien se puede hablar y llegar a acuerdos.<\/p>\n<p>Ups!.<\/p>\n<p>Quiz\u00e1 eso duela en las filas de <strong>Batres <\/strong>y su grupo, a saber, integrado por: <strong>Napole\u00f3n G\u00f3mez Urrutia, Bertha Alicia Caraveo, Mar\u00eda Antonia C\u00e1rdenas<\/strong>, <strong>Eva E. Galaz<\/strong>, <strong>Daniel Guti\u00e9rrez<\/strong>, <strong>Citlali Hern\u00e1ndez<\/strong>, <strong>An\u00edbal Ostoa<\/strong>, <strong>Jos\u00e9 Luis Pech<\/strong>, <strong>Ovidio Peralta <\/strong>(a quien quer\u00edan impulsar para la presidencial; suplente de <strong>Javier May Rodr\u00edguez, <\/strong>de Tabasco, quien es hoy subsecretario de Sedesol),<strong> Blanca Estela Pi\u00f1a<\/strong>, <strong>Jesusa Rodr\u00edguez<\/strong>, <strong>Gloria S\u00e1nchez <\/strong>(suplente de <strong>Roc\u00edo Nahle<\/strong>, secretaria de Energ\u00eda) y <strong>Antares V\u00e1zquez<\/strong>, pluri.<\/p>\n<p style=\"text-align: center;\"><strong>El primer paso, hablar con todos<\/strong><\/p>\n<p>Entrevistado en el marco del informe final de la presidenta <strong>M\u00f3nica Fern\u00e1ndez<\/strong>, el senador <strong>Eduardo Ram\u00edrez<\/strong> dijo que si resulta electo lo primero que har\u00e1 ser\u00e1 sentarse a hablar con todas las fracciones del Senado.<\/p>\n<p>De una foto que circula en redes sociales acompa\u00f1ado por <strong>P\u00edo L\u00f3pez Obrador<\/strong> y otros pol\u00edticos de su estado, record\u00f3 que esa imagen corresponde al momento en que se oficializ\u00f3 Morena en Chiapas y \u00e9l ocupaba la Secretar\u00eda de Gobierno.<\/p>\n<p>Neg\u00f3 que desde ese cargo haya entregado dinero al hermano del presidente <strong>L\u00f3pez Obrador<\/strong> ni a ning\u00fan otro partido y dijo que al igual que el mandatario pide que se investigue lo del dinero entregado por <strong>David Le\u00f3n<\/strong> a <strong>P\u00edo L\u00f3pez Obrador<\/strong> y se act\u00fae en consecuencia.<\/p>\n<p style=\"text-align: center;\"><strong>Ser\u00e1 elecci\u00f3n democr\u00e1tica: Monreal<\/strong><\/p>\n<p>En el mismo contexto, <strong>Ricardo Monreal<\/strong> asegur\u00f3 que el proceso de selecci\u00f3n del nuevo presidente de la Mesa Directiva ser\u00e1 democr\u00e1tico, transparente y en unidad.<\/p>\n<p>\u201cNo haremos nada indebido y ser\u00e1 lo que la mayor\u00eda decida\u201d, afirm\u00f3.<\/p>\n<p>Record\u00f3 que el procedimiento para elegir a la o el presidente de la Mesa Directiva del Senado ser\u00e1 abierto, democr\u00e1tico,\u00a0 transparente, en unidad y ante la presencia de uno o dos notarios p\u00fablicos.<\/p>\n<p>Coment\u00f3 que el proyecto de la convocatoria estaba en ese momento en manos de quienes buscaban participar para que, una vez aprobado por ellos, pudiera ser dado a conocer a todos los dem\u00e1s legisladores.<\/p>\n<p>En un obvio mensaje al grupo disidente, inconforme de <strong>Batres<\/strong>, pidi\u00f3 unidad y cohesi\u00f3n a su grupo parlamentario, porque dijo, \u201cnosotros no haremos nada indebido y ser\u00e1 lo que la mayor\u00eda decida\u201d.<\/p>\n<p>Rechaz\u00f3 que las manifestaciones de algunos senadores de su bancada reflejen divisi\u00f3n al interior y consider\u00f3 normal que haya diversas expresiones.<\/p>\n<p>Sobre el trabajo realizado por la presidenta <strong>Fern\u00e1ndez<\/strong>, consider\u00f3 que estuvo a la altura de los retos que se le presentaron, que no fueron ni menores y pocos.<\/p>\n<p>\u201cSiempre actu\u00f3 con mucha humildad, con mucha inclusi\u00f3n. Coloc\u00f3 a subg\u00e9nero en una condici\u00f3n de eficacia, inteligencia y prudencia. Tuvo una actitud de colaboraci\u00f3n y respaldo institucional\u201d, concluy\u00f3.<\/p>\n<p style=\"text-align: center;\"><strong>La agenda legislativa<\/strong><\/p>\n<p>Por lo dem\u00e1s, dijo que la plenaria de Morena y grupos aliados est\u00e1 en busca de consensos para presentar una agenda legislativa que represente todos los intereses.<\/p>\n<p>Coment\u00f3 que los senadores de Morena, PT, PES y Verde buscan consolidar la transformaci\u00f3n profunda del pa\u00eds y concluir en este tercer a\u00f1o la agenda legislativa que propusieron en la campa\u00f1a de 2018.<\/p>\n<p>Subray\u00f3 que ya han avanzado un 90 por ciento en ese esfuerzo y que faltan algunos temas que queremos abordar entre septiembre y diciembre.<\/p>\n<p>Consider\u00f3 que durante los ya casi 2 a\u00f1os de esta legislatura, los senadores de Morena se han caracterizado por su amor a la patria, por su altura de miras, por su honestidad y por su claridad en los planteamientos al encabezar las demandas populares, que de ninguna manera se van a abandonar, indic\u00f3.<\/p>\n<p style=\"text-align: center;\"><strong>Gran convocatoria<\/strong><\/p>\n<p>Como pocas veces, ayer la presidenta saliente del Senado fue acompa\u00f1ada en su informe final por un importante grupo de personajes que fue encabezado por la secretaria de Gobernaci\u00f3n, la ex ministra <strong>Olga S\u00e1nchez Cordero,<\/strong> el rector de la UNAM, <strong>Enrique Graue<\/strong>, y magistradas y magistrados de la Suprema Corte, as\u00ed como diputados y senadores de todos los partidos.<\/p>\n<p>En un evento en el que hizo uso de las m\u00e1s modernas tecnolog\u00edas de la comunicaci\u00f3n, habl\u00f3 de haber trabajado con la intenci\u00f3n de abrir una nueva \u00e9poca de igualdad de oportunidades para las mujeres y en el impulso de las mejores pr\u00e1cticas del Parlamento Abierto, dentro de la austeridad, la eficiencia legislativa y la integridad en el Senado.<\/p>\n<p>Record\u00f3 que present\u00f3 78 iniciativas y diversos puntos de acuerdo para corregir las deficiencias, lagunas e imprecisiones normativas que tienen repercusiones negativas en la vida de los mexicanos.<\/p>\n<p>De su gesti\u00f3n pol\u00edtica, destac\u00f3 que, \u201cbajo mi presidencia, se escucharon todas las voces y, no menos esencial, se dio voz a las necesidades y demandas de nuestro pueblo mexicano\u201d.<\/p>\n<p>Bajo su presidencia, dijo, se aprobaron las m\u00e1s importantes reformas que contribuyeron a la transformaci\u00f3n de M\u00e9xico.<\/p>\n<p>Y concluy\u00f3, al indicar que la pandemia no s\u00f3lo ha tenido altos y graves costos humanos, sino tambi\u00e9n importantes repercusiones econ\u00f3micas, financieras y sociales poniendo a prueba los sistemas democr\u00e1ticos en M\u00e9xico.<\/p>\n<p><em><a href=\"mailto:rvizcainoa@gmail.com\" target=\"_blank\" rel=\"noopener noreferrer\">rvizcainoa@gmail.com<\/a><br \/>\n<u><a href=\"http:\/\/endirecto.mx\" target=\"_blank\" rel=\"noopener noreferrer\">www.endirecto.mx<\/a><br \/>\n<a href=\"https:\/\/twitter.com\/_rvizcaino\" target=\"_blank\" rel=\"noopener noreferrer\">@_RVizcaino<\/a><br \/>\n<a href=\"https:\/\/www.facebook.com\/rvizcainoa\" target=\"_blank\" rel=\"noopener noreferrer\">facebook.com\/rvizcainoa<\/a><\/u><\/em><\/p>\n","protected":false},"excerpt":{"rendered":"<p><span style=\"color: #005497;\"><strong>Roberto Vizca\u00edno<\/strong><\/span><br \/>\n<br \/>\nCon pr\u00e1cticamente todo \u201cplanchado\u201d en favor del chiapaneco <strong>\u00d3scar Eduardo Ram\u00edrez Aguilar<\/strong>, la coordinaci\u00f3n del grupo mayoritario de Morena, que comanda <strong>Ricardo Monreal, <\/strong>lanz\u00f3 la tan esperada convocatoria para la elecci\u00f3n de presidente del Senado en su tercer a\u00f1o legislativo.<\/p>\n","protected":false},"author":3,"featured_media":0,"comment_status":"open","ping_status":"open","sticky":false,"template":"","format":"standard","meta":{"_monsterinsights_skip_tracking":false,"_monsterinsights_sitenote_active":false,"_monsterinsights_sitenote_note":"","_monsterinsights_sitenote_category":0,"footnotes":""},"categories":[136],"tags":[43674,93,94],"class_list":["post-478495","post","type-post","status-publish","format-standard","hentry","category-roberto-vizcaino-opinion","tag-opinion","tag-roberto-vizcaino","tag-tras-la-puerta-del-poder"],"_links":{"self":[{"href":"https:\/\/www.diarioimagen.net\/index.php?rest_route=\/wp\/v2\/posts\/478495","targetHints":{"allow":["GET"]}}],"collection":[{"href":"https:\/\/www.diarioimagen.net\/index.php?rest_route=\/wp\/v2\/posts"}],"about":[{"href":"https:\/\/www.diarioimagen.net\/index.php?rest_route=\/wp\/v2\/types\/post"}],"author":[{"embeddable":true,"href":"https:\/\/www.diarioimagen.net\/index.php?rest_route=\/wp\/v2\/users\/3"}],"replies":[{"embeddable":true,"href":"https:\/\/www.diarioimagen.net\/index.php?rest_route=%2Fwp%2Fv2%2Fcomments&post=478495"}],"version-history":[{"count":0,"href":"https:\/\/www.diarioimagen.net\/index.php?rest_route=\/wp\/v2\/posts\/478495\/revisions"}],"wp:attachment":[{"href":"https:\/\/www.diarioimagen.net\/index.php?rest_route=%2Fwp%2Fv2%2Fmedia&parent=478495"}],"wp:term":[{"taxonomy":"category","embeddable":true,"href":"https:\/\/www.diarioimagen.net\/index.php?rest_route=%2Fwp%2Fv2%2Fcategories&post=478495"},{"taxonomy":"post_tag","embeddable":true,"href":"https:\/\/www.diarioimagen.net\/index.php?rest_route=%2Fwp%2Fv2%2Ftags&post=478495"}],"curies":[{"name":"wp","href":"https:\/\/api.w.org\/{rel}","templated":true}]}}