{"id":478497,"date":"2020-08-27T00:07:02","date_gmt":"2020-08-27T05:07:02","guid":{"rendered":"https:\/\/www.diarioimagen.net\/?p=478497"},"modified":"2020-08-27T01:19:17","modified_gmt":"2020-08-27T06:19:17","slug":"comunicacion-politica-de-amlo","status":"publish","type":"post","link":"https:\/\/www.diarioimagen.net\/?p=478497","title":{"rendered":"Comunicaci\u00f3n pol\u00edtica de AMLO"},"content":{"rendered":"<h2>\u00a1Que conste,.. son reflexiones!<\/h2>\n<h5>S\u00f3crates A. Campos Lemus<\/h5>\n<p><em>\u00a0<\/em><\/p>\n<p><em>MUCHOS LECTORES NOS COMENTAN: \u201cIMAGINE, LOS NI\u00d1OS DE SEIS A\u00d1OS QUE INGRESAN A CURSAR EL PRIMER A\u00d1O, QUE NO SABEN LEER NI ESCRIBIR, TIENEN\u00a0 QUE OPERAR COMPUTADORAS Y HACER TODOS LOS TRABAJOS COMO SI YA SUPIERAN LEER Y ESCRIBIR, PORQUE\u00a0 LA NETA ES QUE NO SABE NADIE C\u00d3MO SE PUEDE RESOLVER EL TEMA. LO QUE ES REAL ES QUE LOS PROCESOS DE EDUCACI\u00d3N EN L\u00cdNEA SE TIENEN QUE MEJORAR Y ADECUARSE A LA REALIDAD.<\/em><\/p>\n<p>SI ALGUI\u00c9N DUDABA DE LA ENORME CAPACIDAD DEL PRESIDENTE PARA OPERAR SU PROPIA FORMA DE COMUNICAR Y DE HACER DE ELLA UN ENORME INSTRUMENTO PARA DEFENSA O ATAQUE DE SU POL\u00cdTICA, solamente tendr\u00eda que estar atento a las \u201cma\u00f1aneras\u201d y entender que cuando un pol\u00edtico concentra el apoyo y la confianza popular puede hacer muchas cosas, incluso el equivocarse y manejarlo a su favor. Los que piensan que la respuesta en contra del Presidente es hacer videos, marcha sobre ruedas y mentadas de madre en las redes est\u00e1n equivocados porque solamente demuestran que no entienden las actuales condiciones pol\u00edticas que privan en el pa\u00eds.<\/p>\n<p>Ahora se cuenta con todas las condiciones reales para que se lleven las consultas por los distintos caminos propuesto por el Presidente para llevar a juicio a los ex presidentes y esto, sin duda, marca un nuevo rumbo nacional y desatar\u00e1 una enorme ola de confianza en el Presidente cuando se pensaba que en la lucha contra la corrupci\u00f3n, pues solamente se llevaba a un bajo nivel y no d\u00f3nde, como \u00e9l mismo se\u00f1alaba, todo Presidente sabe de los temas m\u00e1s delicados y de los negocios m\u00e1s grandes, sobre todo cuando en ello llevan alguna tajada, en fin, la realidad es que llegamos al origen de los tiempos y del nuevo cambio y si \u00e9ste se lleva bien, tendremos a un Presidente muy poderoso, no porque cuente con un partido, sino porque concentra el apoyo popular y la confianza de millones de mexicanos y as\u00ed estamos ante un presidente de GRAN PODER y este es un nuevo camino que podr\u00e1 llegar a profundizar el cambio de sistema como lo ha venido insistiendo y no solamente un cambio administrativo y burocr\u00e1tico del gobierno.<\/p>\n<p>Sin duda, en el nivel de clase media los videos operados en contra del Presidente impactan, pero entre la gran poblaci\u00f3n del infelizaje nacional esto solamente muestran el miedo y el poder que tiene el Presidente en la lucha contra la corrupci\u00f3n y as\u00ed, quieran o no aceptarlo, el Presidente lleva ganada la partida, as\u00ed que veremos cambios profundos en lo pol\u00edtico, social y econ\u00f3mico, un nuevo M\u00e9xico, donde las formas y los fondos ser\u00e1n distintos y donde el Presidente deber\u00e1 tomar las riendas de la econom\u00eda y no dejarlas en el grupo que anteriormente eran parte de la \u201cmafia del poder\u201d y ahora son los aliados del Presidente, se tienen que acabar las formas en que los empresarios, financieros y comerciantes nacionales y extranjero se aprovechaban de los bienes y fondos p\u00fablicos para hacer sus enormes negocios.<\/p>\n<p>Seguramente, cualquier forma que se escoja para iniciar los procedimientos en contra de los ex presidentes para llevarlos a las investigaciones tiene que estar consignada en las boletas electorales de 2021 porque ah\u00ed se tendr\u00e1 que manifestar el s\u00ed o no de los votantes, y ello es el mejor camino que ha manifestado el Presidente porque mostrar\u00e1 la voluntad popular.<\/p>\n<p>Sin duda, hay algunos que operan la \u201cdefensa\u201d de los medios que en su momento operaron como palancas publicitarias e ideol\u00f3gicas de los ex presidente Salinas y Zedillo al grado de que por esos mecanismos conocidos por la raza como los INTELECTUALES ORG\u00c1NICOS AL SERVICIO DEL GOBIERNO se llevaron por a\u00f1os millones y millones en contratos y negocios y ahora que les ponen un freno, pues se ponen a chillar como puercos en matanza. No hay duda que desde esos organismos se operaron muchos movimientos encaminados a liquidar a enemigos del r\u00e9gimen y ahora, como todo, pues pagan lo que se hizo para estar a un lado de la balanza y as\u00ed, como dice el dicho: el tiempo es la madre de la verdad.<\/p>\n<p>Esos grupitos quisieron colocarse en la actualidad como los mensajeros de los \u201cfif\u00eds\u201d para encabezar los ataques en contra del Presidente y como el que se r\u00ede se lleva y cuando empieza el tuteo empieza el jodeo, pues no hay m\u00e1s que esperar las reacciones del poder y deben recordar, esos \u201cintelectuales anexos\u201d, que cuando el poder da, lo llena hasta ahogarlo, pero cuando el poder quita lo pueden destazar, as\u00ed es el juego de la pol\u00edtica y como as\u00ed sucede, no vemos las razones por las que se quejan cuando simplemente son las reacciones que se pueden esperar y si eran tan buenos analistas no veo la raz\u00f3n por la que no previeron lo que ven\u00eda, sino se hubieran podido proteger y no estar en las filas donde se les puede sacrificar antes de que el sacrifico llegue a los que fueron sus jefes y patrones.<\/p>\n<p>Muchos se escandalizan por los cambios del manejo en la publicidad pol\u00edtica, pero hay que entender que cada grupo que llega al poder debe contralar este espacio porque es vital para su comunicaci\u00f3n con la base y as\u00ed, lo que hoy realiza AMLO es l\u00f3gico y se tiene que adaptar o cambiar y para ello, cada medio y comunicador deber\u00e1 tomar su l\u00ednea y en este mecanismo exigir que se guarde un respeto absoluto a la libertad de pensamiento y manifestaci\u00f3n que obliga a respetar la libertad de prensa, finalmente, hay que recordar que todos los gobernantes en el poder no deben olvidar que no existe enemigo peque\u00f1o y que si las pulgas no matan al perro, pues no lo dejan en paz ni para comer\u2026 as\u00ed que hay que \u201caguantar vara\u201d o dejar la trinchera y eso depende de cada uno y de su conciencia, la comunicaci\u00f3n, pues no es del todo\u00a0 independiente sino que cada uno tiene una visi\u00f3n del mundo y la vida o tiene una convicci\u00f3n ideol\u00f3gica, y as\u00ed, al final, se manifiesta en los escritos\u2026 cada quien en su trinchera es lo que ahora vale. Claro que es un ajuste de cuentas o un reencuentro con el poder de la comunicaci\u00f3n para el beneficio del poder o contra el poder, as\u00ed est\u00e1n las cosas.<\/p>\n<p><em><a href=\"mailto:socrates_campos8@yahoo.com.mx\" target=\"_blank\" rel=\"noopener noreferrer\">socrates_campos8@yahoo.com.mx<\/a><\/em><\/p>\n","protected":false},"excerpt":{"rendered":"<p><span style=\"color: #005497;\"><strong>S\u00f3crates A. Campos Lemus<\/strong><\/span><\/p>\n","protected":false},"author":3,"featured_media":0,"comment_status":"open","ping_status":"open","sticky":false,"template":"","format":"standard","meta":{"_monsterinsights_skip_tracking":false,"_monsterinsights_sitenote_active":false,"_monsterinsights_sitenote_note":"","_monsterinsights_sitenote_category":0,"footnotes":""},"categories":[82147],"tags":[82149,43674,82150,82148],"class_list":["post-478497","post","type-post","status-publish","format-standard","hentry","category-socrates-a-campos-lemus","tag-son-reflexiones","tag-opinion","tag-socrates-a-campos-lemus","tag-que-conste"],"_links":{"self":[{"href":"https:\/\/www.diarioimagen.net\/index.php?rest_route=\/wp\/v2\/posts\/478497","targetHints":{"allow":["GET"]}}],"collection":[{"href":"https:\/\/www.diarioimagen.net\/index.php?rest_route=\/wp\/v2\/posts"}],"about":[{"href":"https:\/\/www.diarioimagen.net\/index.php?rest_route=\/wp\/v2\/types\/post"}],"author":[{"embeddable":true,"href":"https:\/\/www.diarioimagen.net\/index.php?rest_route=\/wp\/v2\/users\/3"}],"replies":[{"embeddable":true,"href":"https:\/\/www.diarioimagen.net\/index.php?rest_route=%2Fwp%2Fv2%2Fcomments&post=478497"}],"version-history":[{"count":0,"href":"https:\/\/www.diarioimagen.net\/index.php?rest_route=\/wp\/v2\/posts\/478497\/revisions"}],"wp:attachment":[{"href":"https:\/\/www.diarioimagen.net\/index.php?rest_route=%2Fwp%2Fv2%2Fmedia&parent=478497"}],"wp:term":[{"taxonomy":"category","embeddable":true,"href":"https:\/\/www.diarioimagen.net\/index.php?rest_route=%2Fwp%2Fv2%2Fcategories&post=478497"},{"taxonomy":"post_tag","embeddable":true,"href":"https:\/\/www.diarioimagen.net\/index.php?rest_route=%2Fwp%2Fv2%2Ftags&post=478497"}],"curies":[{"name":"wp","href":"https:\/\/api.w.org\/{rel}","templated":true}]}}