{"id":478721,"date":"2020-08-31T00:04:34","date_gmt":"2020-08-31T05:04:34","guid":{"rendered":"https:\/\/www.diarioimagen.net\/?p=478721"},"modified":"2020-08-30T22:24:37","modified_gmt":"2020-08-31T03:24:37","slug":"huixquilucan-brinda-informacion-de-covid-19-en-otomi","status":"publish","type":"post","link":"https:\/\/www.diarioimagen.net\/?p=478721","title":{"rendered":"Huixquilucan brinda informaci\u00f3n de\u00a0Covid-19 en otom\u00ed"},"content":{"rendered":"<p>&nbsp;<\/p>\n<p><a href=\"https:\/\/www.diarioimagen.net\/wp-content\/uploads\/2020\/08\/CAMACHO31-dpor.jpg\"><img loading=\"lazy\" decoding=\"async\" class=\"aligncenter size-large wp-image-478722\" src=\"https:\/\/www.diarioimagen.net\/wp-content\/uploads\/2020\/08\/CAMACHO31-dpor-460x460.jpg\" alt=\"\" width=\"460\" height=\"460\" srcset=\"https:\/\/www.diarioimagen.net\/wp-content\/uploads\/2020\/08\/CAMACHO31-dpor-460x460.jpg 460w, https:\/\/www.diarioimagen.net\/wp-content\/uploads\/2020\/08\/CAMACHO31-dpor-240x240.jpg 240w, https:\/\/www.diarioimagen.net\/wp-content\/uploads\/2020\/08\/CAMACHO31-dpor-150x150.jpg 150w, https:\/\/www.diarioimagen.net\/wp-content\/uploads\/2020\/08\/CAMACHO31-dpor-768x768.jpg 768w, https:\/\/www.diarioimagen.net\/wp-content\/uploads\/2020\/08\/CAMACHO31-dpor-50x50.jpg 50w, https:\/\/www.diarioimagen.net\/wp-content\/uploads\/2020\/08\/CAMACHO31-dpor-75x75.jpg 75w, https:\/\/www.diarioimagen.net\/wp-content\/uploads\/2020\/08\/CAMACHO31-dpor-70x70.jpg 70w, https:\/\/www.diarioimagen.net\/wp-content\/uploads\/2020\/08\/CAMACHO31-dpor.jpg 1080w\" sizes=\"auto, (max-width: 460px) 100vw, 460px\" \/><\/a><\/p>\n<p>&nbsp;<\/p>\n<p><strong>Huixquilucan, Estado de M\u00e9xico<\/strong><b>.-<\/b> El gobierno municipal, encabezado por Enrique Vargas del Villar, difundi\u00f3 en lengua otom\u00ed informaci\u00f3n acerca de los s\u00edntomas del coronavirus y las medidas de sanidad para evitar contagiarse.<\/p>\n<p>A trav\u00e9s de gr\u00e1ficos y con una breve explicaci\u00f3n, la administraci\u00f3n municipal de Huixquilucan busca que la poblaci\u00f3n, independientemente de la lengua que hable, tengan la informaci\u00f3n y puedan prevenir contagiarse de Covid-19.<\/p>\n<p>Por ello si presentan disminuci\u00f3n de la capacidad respiratoria, se agita la respiraci\u00f3n y se sienten palpitaciones, somnolencia y palidez en la piel, se pide consultar al m\u00e9dico y seguir sus indicaciones, ya que esto puede salvar su vida y la de sus familias.<\/p>\n","protected":false},"excerpt":{"rendered":"<p>El gobierno municipal, encabezado por Enrique Vargas del Villar, difundi\u00f3 en lengua otom\u00ed informaci\u00f3n acerca de los s\u00edntomas del coronavirus y las medidas de sanidad para evitar contagiarse.<\/p>\n","protected":false},"author":1,"featured_media":478723,"comment_status":"open","ping_status":"open","sticky":false,"template":"","format":"standard","meta":{"_monsterinsights_skip_tracking":false,"_monsterinsights_sitenote_active":false,"_monsterinsights_sitenote_note":"","_monsterinsights_sitenote_category":0,"footnotes":""},"categories":[5],"tags":[90021,43675,1097,89034],"class_list":["post-478721","post","type-post","status-publish","format-standard","has-post-thumbnail","hentry","category-estado-de-mexico","tag-covid-19","tag-estado-de-mexico","tag-huixquilucan","tag-otomi"],"_links":{"self":[{"href":"https:\/\/www.diarioimagen.net\/index.php?rest_route=\/wp\/v2\/posts\/478721","targetHints":{"allow":["GET"]}}],"collection":[{"href":"https:\/\/www.diarioimagen.net\/index.php?rest_route=\/wp\/v2\/posts"}],"about":[{"href":"https:\/\/www.diarioimagen.net\/index.php?rest_route=\/wp\/v2\/types\/post"}],"author":[{"embeddable":true,"href":"https:\/\/www.diarioimagen.net\/index.php?rest_route=\/wp\/v2\/users\/1"}],"replies":[{"embeddable":true,"href":"https:\/\/www.diarioimagen.net\/index.php?rest_route=%2Fwp%2Fv2%2Fcomments&post=478721"}],"version-history":[{"count":0,"href":"https:\/\/www.diarioimagen.net\/index.php?rest_route=\/wp\/v2\/posts\/478721\/revisions"}],"wp:featuredmedia":[{"embeddable":true,"href":"https:\/\/www.diarioimagen.net\/index.php?rest_route=\/wp\/v2\/media\/478723"}],"wp:attachment":[{"href":"https:\/\/www.diarioimagen.net\/index.php?rest_route=%2Fwp%2Fv2%2Fmedia&parent=478721"}],"wp:term":[{"taxonomy":"category","embeddable":true,"href":"https:\/\/www.diarioimagen.net\/index.php?rest_route=%2Fwp%2Fv2%2Fcategories&post=478721"},{"taxonomy":"post_tag","embeddable":true,"href":"https:\/\/www.diarioimagen.net\/index.php?rest_route=%2Fwp%2Fv2%2Ftags&post=478721"}],"curies":[{"name":"wp","href":"https:\/\/api.w.org\/{rel}","templated":true}]}}