{"id":478867,"date":"2020-09-01T00:01:55","date_gmt":"2020-09-01T05:01:55","guid":{"rendered":"https:\/\/www.diarioimagen.net\/?p=478867"},"modified":"2020-09-01T20:55:06","modified_gmt":"2020-09-02T01:55:06","slug":"el-alcalde-raciel-perez-encabezo-jornada-de-tequios-en-san-jose-ixhuatepec","status":"publish","type":"post","link":"https:\/\/www.diarioimagen.net\/?p=478867","title":{"rendered":"El alcalde Raciel P\u00e9rez encabez\u00f3 jornada de Tequios en San Jos\u00e9 Ixhuatepec"},"content":{"rendered":"<p>&nbsp;<\/p>\n<p><a href=\"https:\/\/www.diarioimagen.net\/wp-content\/uploads\/2020\/08\/CAMACHO1-dpor.jpg\"><img loading=\"lazy\" decoding=\"async\" class=\"aligncenter size-large wp-image-478868\" src=\"https:\/\/www.diarioimagen.net\/wp-content\/uploads\/2020\/08\/CAMACHO1-dpor-460x268.jpg\" alt=\"\" width=\"460\" height=\"268\" srcset=\"https:\/\/www.diarioimagen.net\/wp-content\/uploads\/2020\/08\/CAMACHO1-dpor-460x268.jpg 460w, https:\/\/www.diarioimagen.net\/wp-content\/uploads\/2020\/08\/CAMACHO1-dpor-240x140.jpg 240w, https:\/\/www.diarioimagen.net\/wp-content\/uploads\/2020\/08\/CAMACHO1-dpor.jpg 480w\" sizes=\"auto, (max-width: 460px) 100vw, 460px\" \/><\/a><\/p>\n<p>&nbsp;<\/p>\n<p><strong>Tlalnepantla, Estado de M\u00e9xico<\/strong><b>.-<\/b> Arranc\u00f3 la jornada de Tequios en la colonia San Jos\u00e9 Ixhuatepec. Raciel P\u00e9rez Cruz, presidente municipal, servidoras, servidores p\u00fablicos y ciudadan\u00eda realizaron trabajos de limpieza, poda de pasto, \u00e1rboles, retiro de residuos verdes y lonas publicitarias, entre otros, en avenida Acueducto esquina San Jos\u00e9.<\/p>\n","protected":false},"excerpt":{"rendered":"<p>Arranc\u00f3 la jornada de Tequios en la colonia San Jos\u00e9 Ixhuatepec. Raciel P\u00e9rez Cruz, presidente municipal, servidoras, servidores p\u00fablicos y ciudadan\u00eda realizaron trabajos de limpieza, poda de pasto, \u00e1rboles, retiro de residuos verdes y lonas publicitarias, entre otros, en avenida Acueducto esquina San Jos\u00e9.<\/p>\n","protected":false},"author":1,"featured_media":478868,"comment_status":"open","ping_status":"open","sticky":false,"template":"","format":"standard","meta":{"_monsterinsights_skip_tracking":false,"_monsterinsights_sitenote_active":false,"_monsterinsights_sitenote_note":"","_monsterinsights_sitenote_category":0,"footnotes":""},"categories":[5],"tags":[43675,169],"class_list":["post-478867","post","type-post","status-publish","format-standard","has-post-thumbnail","hentry","category-estado-de-mexico","tag-estado-de-mexico","tag-tlalnepantla"],"_links":{"self":[{"href":"https:\/\/www.diarioimagen.net\/index.php?rest_route=\/wp\/v2\/posts\/478867","targetHints":{"allow":["GET"]}}],"collection":[{"href":"https:\/\/www.diarioimagen.net\/index.php?rest_route=\/wp\/v2\/posts"}],"about":[{"href":"https:\/\/www.diarioimagen.net\/index.php?rest_route=\/wp\/v2\/types\/post"}],"author":[{"embeddable":true,"href":"https:\/\/www.diarioimagen.net\/index.php?rest_route=\/wp\/v2\/users\/1"}],"replies":[{"embeddable":true,"href":"https:\/\/www.diarioimagen.net\/index.php?rest_route=%2Fwp%2Fv2%2Fcomments&post=478867"}],"version-history":[{"count":0,"href":"https:\/\/www.diarioimagen.net\/index.php?rest_route=\/wp\/v2\/posts\/478867\/revisions"}],"wp:featuredmedia":[{"embeddable":true,"href":"https:\/\/www.diarioimagen.net\/index.php?rest_route=\/wp\/v2\/media\/478868"}],"wp:attachment":[{"href":"https:\/\/www.diarioimagen.net\/index.php?rest_route=%2Fwp%2Fv2%2Fmedia&parent=478867"}],"wp:term":[{"taxonomy":"category","embeddable":true,"href":"https:\/\/www.diarioimagen.net\/index.php?rest_route=%2Fwp%2Fv2%2Fcategories&post=478867"},{"taxonomy":"post_tag","embeddable":true,"href":"https:\/\/www.diarioimagen.net\/index.php?rest_route=%2Fwp%2Fv2%2Ftags&post=478867"}],"curies":[{"name":"wp","href":"https:\/\/api.w.org\/{rel}","templated":true}]}}