{"id":478949,"date":"2020-09-01T00:06:39","date_gmt":"2020-09-01T05:06:39","guid":{"rendered":"https:\/\/www.diarioimagen.net\/?p=478949"},"modified":"2020-09-01T00:29:22","modified_gmt":"2020-09-01T05:29:22","slug":"el-prian-y-su-historia","status":"publish","type":"post","link":"https:\/\/www.diarioimagen.net\/?p=478949","title":{"rendered":"El PRIAN y su historia"},"content":{"rendered":"<h2>Con mi mano izquierda&#8230;<\/h2>\n<h5>Edgar G\u00f3mez Flores<\/h5>\n<p>&nbsp;<\/p>\n<p>Hemos escuchado, desde hace algunos a\u00f1os en M\u00e9xico, de forma peyorativa, el nombre PRIAN; es decir, la fusi\u00f3n de dos partidos mexicanos; el Partido Revolucionario Institucional (PRI) y el Partido Acci\u00f3n Nacional (PAN). Sin embargo, entender la historia de esta fusi\u00f3n o de la interpretaci\u00f3n de esta fusi\u00f3n requiere un an\u00e1lisis m\u00e1s a fondo. Esto, porque partimos de dos partidos antag\u00f3nicos (la antigua derecha e izquierda mexicana) que en alg\u00fan momento, desde el punto de vista de un sector de la sociedad, se unieron.<\/p>\n<p>Sobre esto, Plutarco El\u00edas Calles fund\u00f3 el Partido Nacional Revolucionario (PNR), el cual posteriormente evolucion\u00f3, en el sexenio del General L\u00e1zaro C\u00e1rdenas, al Partido de la Revoluci\u00f3n Mexicana (PRM) y por \u00faltimo, en el per\u00edodo del presidente Manuel \u00c1vila Camacho, tom\u00f3 el nombre que conocemos actualmente, el PRI. En estas transformaciones este partido logr\u00f3 consolidarse con base en tres grandes sectores; el sector obrero; en la Confederaci\u00f3n de Trabajadores de M\u00e9xico (CTM), el sector campesino; en la Confederaci\u00f3n Nacional Campesina (CNC) y el sector social urbano; en la Confederaci\u00f3n Nacional de Organizaciones Populares (CNOP). Por otro lado, el PAN naci\u00f3, en 1939, desde un movimiento ciudadano intelectual creado para combatir la centralizaci\u00f3n del poder posrevolucionario. El postulado neoliberal, lo mantuvo el PAN desde sus Principios de Doctrina, donde se impulsaba una econom\u00eda moderna con base en las reglas del mercado. As\u00ed luch\u00f3 este partido, durante 50 a\u00f1os para posicionar su ideolog\u00eda econ\u00f3mica y pol\u00edtica en la agenda p\u00fablica de nuestro pa\u00eds. Fue hasta la llegada de Carlos Salinas de Gortari en 1988 quien, con una legitimidad cuestionada por el triunfo aparente del ingeniero Cuauht\u00e9moc C\u00e1rdenas Sol\u00f3rzano, entonces opositor de izquierda, decidi\u00f3 abrir su abanico negociador y por convicci\u00f3n propia tambi\u00e9n, incorpor\u00f3 parte de los principios panistas a su agenda de gobierno; introdujo a M\u00e9xico al Tratado de Libre Comercio de Am\u00e9rica del Norte, junto con Estados Unidos de Am\u00e9rica y Canad\u00e1; dio autonom\u00eda al Banco de M\u00e9xico para regular una pol\u00edtica monetaria independiente del Gobierno Federal e inici\u00f3 la desregulaci\u00f3n del mercado cambiario.<\/p>\n<p>Es en este sexenio, en paralelo con las negociaciones pol\u00edticas de estos partidos, cuando el PRI da un vuelco hacia el neoliberalismo y a la modernidad propuesta por Acci\u00f3n Nacional. Es con estas decisiones que la sociedad empieza a ver un matrimonio, legislativo y pol\u00edtico. Es en este momento donde el PAN ve consolidada su obra, principalmente la econ\u00f3mica. Por otro lado, el PRI salinista, con la necesidad de contar con un apoyo de oposici\u00f3n, en un contexto de falta de legitimidad, cede posiciones pol\u00edticas en el Congreso, en los estados y en los municipios.<\/p>\n<p>Por todo esto, el PRIAN no debe verse como un matrimonio, sino como la transformaci\u00f3n del PRI hacia valores distintos a los de su constituci\u00f3n. El presidente Salinas y su sucesor, el presidente Zedillo tuvieron que hacer malabares para explicar a sus sectores: obreros, campesinos y populares que las ideas neoliberales tambi\u00e9n pod\u00edan convivir con las ideas de izquierda revolucionar\u00edas.<\/p>\n<p>Este matrimonio pol\u00edtico, tuvo una pausa de 12 a\u00f1os durante el sexenio de Vicente Fox y Felipe Calder\u00f3n, ambos postulados por el PAN. Esto, porque, para mantener el control pol\u00edtico, el PRI regres\u00f3 a su ideolog\u00eda de izquierda y de primera mano detuvo la reforma tributaria que Vicente Fox esperaba impulsar con la eliminaci\u00f3n de la exenci\u00f3n del Impuesto al Valor Agregado a medicinas y alimentos. De ah\u00ed la reforma que pretend\u00eda consolidar el PAN fue detenida. Sin embargo, con la llegada nuevamente en 2012, ahora a manos del presidente Pe\u00f1a Nieto, el PRI retoma su agenda neoliberal panista, en el Pacto por M\u00e9xico y propone las reformas \u201cde gran calado\u201d en educaci\u00f3n, energ\u00eda (suprimir el monopolio de Pemex y CFE), pol\u00edtica y la laboral.<\/p>\n<p>Ahora, en pleno gobierno de la cuatrot\u00e9 es necesario que cada fuerza pol\u00edtica d\u00e9 claridad al electorado de su ideolog\u00eda econ\u00f3mica, pol\u00edtica y social. El pa\u00eds ha cambiado, el origen de cada partido ha evolucionado y es necesario que den a conocer las pol\u00edticas p\u00fablicas que se abanderan. En el caso actual del partido del presidente de M\u00e9xico, y sus aliados, queda claro que repartir dinero a clases bajas, apoyar presupuestalmente a CFE y Pemex y mantener sus proyectos insignia, son las herramientas de pol\u00edtica p\u00fablica (si se pueden llamar as\u00ed) con la cual se presentar\u00e1n a las urnas. Sin embargo, el PAN debe dejar en claro que su agenda neoliberal es la que propuso en 1939, apoy\u00f3 durante 30 a\u00f1os y seguir\u00e1 impulsando. Mientras tanto el PRI debe definir su camino hacia el centro democr\u00e1tico. A partir de ah\u00ed la batalla ser\u00e1 justa para los partidos pol\u00edticos y cierta para los ciudadanos. Caso contrario encontraremos un nuevo galimat\u00edas en las urnas y en los gobiernos, tanto el federal como los locales; y pasaremos de un PRIAN a un PRIMOR o alg\u00fan otro matrimonio pol\u00edtico fallido.<\/p>\n<p><a href=\"mailto:edgargomez_cide@yahoo.com.mx\"><em>edgargomez_cide@yahoo.com.mx<\/em><\/a><\/p>\n","protected":false},"excerpt":{"rendered":"<p><span style=\"color: #005497;\"><strong>Edgar G\u00f3mez Flores<\/strong><\/span><\/p>\n","protected":false},"author":3,"featured_media":0,"comment_status":"open","ping_status":"open","sticky":false,"template":"","format":"standard","meta":{"_monsterinsights_skip_tracking":false,"_monsterinsights_sitenote_active":false,"_monsterinsights_sitenote_note":"","_monsterinsights_sitenote_category":0,"footnotes":""},"categories":[3819],"tags":[85911,85912,43674],"class_list":["post-478949","post","type-post","status-publish","format-standard","hentry","category-edgar-gomez-flores","tag-con-mi-mano-izquierda","tag-edgar-gomez-flores","tag-opinion"],"_links":{"self":[{"href":"https:\/\/www.diarioimagen.net\/index.php?rest_route=\/wp\/v2\/posts\/478949","targetHints":{"allow":["GET"]}}],"collection":[{"href":"https:\/\/www.diarioimagen.net\/index.php?rest_route=\/wp\/v2\/posts"}],"about":[{"href":"https:\/\/www.diarioimagen.net\/index.php?rest_route=\/wp\/v2\/types\/post"}],"author":[{"embeddable":true,"href":"https:\/\/www.diarioimagen.net\/index.php?rest_route=\/wp\/v2\/users\/3"}],"replies":[{"embeddable":true,"href":"https:\/\/www.diarioimagen.net\/index.php?rest_route=%2Fwp%2Fv2%2Fcomments&post=478949"}],"version-history":[{"count":0,"href":"https:\/\/www.diarioimagen.net\/index.php?rest_route=\/wp\/v2\/posts\/478949\/revisions"}],"wp:attachment":[{"href":"https:\/\/www.diarioimagen.net\/index.php?rest_route=%2Fwp%2Fv2%2Fmedia&parent=478949"}],"wp:term":[{"taxonomy":"category","embeddable":true,"href":"https:\/\/www.diarioimagen.net\/index.php?rest_route=%2Fwp%2Fv2%2Fcategories&post=478949"},{"taxonomy":"post_tag","embeddable":true,"href":"https:\/\/www.diarioimagen.net\/index.php?rest_route=%2Fwp%2Fv2%2Ftags&post=478949"}],"curies":[{"name":"wp","href":"https:\/\/api.w.org\/{rel}","templated":true}]}}