{"id":478956,"date":"2020-09-01T00:17:30","date_gmt":"2020-09-01T05:17:30","guid":{"rendered":"https:\/\/www.diarioimagen.net\/?p=478956"},"modified":"2020-09-07T22:26:40","modified_gmt":"2020-09-08T03:26:40","slug":"segundo-informe-tengan-para-que-aprendan","status":"publish","type":"post","link":"https:\/\/www.diarioimagen.net\/?p=478956","title":{"rendered":"Segundo Informe: \u201cTengan para que aprendan\u201d"},"content":{"rendered":"<h2>Caleidoscopio<\/h2>\n<h5>Guillermina G\u00f3mora Ord\u00f3\u00f1ez<\/h5>\n<p>&nbsp;<\/p>\n<p>Con el augurio de que en 2021 M\u00e9xico vivir\u00e1 \u201cla crisis m\u00e1s fuerte desde 1932\u201d, <strong>Andr\u00e9s Manuel L\u00f3pez Obrador<\/strong> rinde su Segundo Informe de Gobierno. El Presidente m\u00e1s popular de la historia contempor\u00e1nea dar\u00e1 cuenta de un pa\u00eds colapsado por la crisis financiera y sanitaria generada por la pandemia de Covid-19.<\/p>\n<p>No hay sector en el que el gobierno entregue buenas cuentas, la econom\u00eda nacional se hundi\u00f3 18.9% en el segundo trimestre del a\u00f1o, (Inegi); La Covid-19 registra 65 mil muertos (oficialmente), los contagios se acercan a 600 mil y la inseguridad rompi\u00f3 r\u00e9cord de violencia en el primer semestre de 2020 dej\u00f3 17 mil 982 asesinatos (Secretariado Ejecutivo del Sistema Nacional de Seguridad P\u00fablica)<\/p>\n<p>En materia de salud, el panorama es desalentador: la desaparici\u00f3n del Seguro Popular, el desabasto de medicamentos para ni\u00f1os con c\u00e1ncer y la falta de insumos para que el personal m\u00e9dico haga frente a Covid-19, exhiben al gobierno de Morena, que presume de \u201cser el mejor\u201d en el peor momento. \u00a1Aj\u00e1!<\/p>\n<p>L\u00f3pez Obrador se dirigir\u00e1 al pa\u00eds en medio de cifras dif\u00edciles de maquillar. A los m\u00e1s de 1.2 millones de desempleos formales se le suman hasta una docena de millones m\u00e1s en el sector informal, de acuerdo con especialistas.<\/p>\n<p>Las propuestas de los empresarios no encuentran eco en el gobierno de la <strong><em>#4T<\/em><\/strong>, la <strong>Comisi\u00f3n Econ\u00f3mica para Am\u00e9rica Latina <\/strong>(<strong>Cepal<\/strong>) estima que hay 500 mil empresas formales en M\u00e9xico en riesgo de desaparecer en los pr\u00f3ximos meses debido a la crisis por la pandemia de Covid-19 y se concentran en el comercio al mayoreo, al menudeo, el turismo, la manufactura, automotriz, autopartes, construcci\u00f3n, servicios e industrias culturales.<\/p>\n<p>Sin embargo, los megaproyectos del gobierno de L\u00f3pez Obrador: la construcci\u00f3n del nuevo Aeropuerto Felipe \u00c1ngeles; la refiner\u00eda en Dos Bocas, Tabasco, el Tren Maya y las obras del Istmo de Tehuantepec, avanzan dejando una estela de capricho y corrupci\u00f3n, amigos y compadres son los beneficiarios de la obra p\u00fablica.<\/p>\n<p>El Presidente justific\u00f3 que su gobierno d\u00e9 contratos por adjudicaci\u00f3n directa, argument\u00f3 que con eso no se permite la corrupci\u00f3n. \u00a1Aj\u00e1<strong>!<\/strong> Como estar\u00e1n las cosas que, en el caso de la nueva refiner\u00eda en Dos Bocas, Para\u00edso, Tabasco, la Auditor\u00eda Superior de la Federaci\u00f3n fiscalizar\u00e1 de manera adelantada el proyecto.<\/p>\n<p>Y qu\u00e9 tal la rifa del avi\u00f3n que no se entregar\u00e1 como premio. Otra incongruencia. Pero como est\u00e1 en campa\u00f1a, L\u00f3pez Obrador retom\u00f3 su promesa de deshacerse de la nave presidencial \u201cJos\u00e9 Mar\u00eda Morelos y Pav\u00f3n\u201d v\u00eda la Loter\u00eda Nacional porque no la ha podido vender. Para ello oblig\u00f3 a los empresarios y trabajadores al servicio del Estado a comprar cachitos de loter\u00eda.<\/p>\n<p>La videopol\u00edtica regres\u00f3 con nuevos protagonistas. La sensaci\u00f3n del momento son las confesiones del \u201ctestigo colaborador\u201d, <strong>Emilio Lozoya<\/strong> <strong>Aust\u00edn<\/strong>, que involucra a personajes ligados al panismo y <strong>P\u00edo L\u00f3pez Obrador<\/strong>, hermano del mandatario, recibiendo fajos de billetes para el \u201cmovimiento\u201d y \u201cel licenciado\u201d. Una perla negra para quien prometi\u00f3 combatir la corrupci\u00f3n.<\/p>\n<p>\u00a1Viva el show medi\u00e1tico! Es la constante del gobierno de la #4Transformaci\u00f3n. Desde el p\u00falpito de las ma\u00f1aneras L\u00f3pez Obrador impulsa consultas p\u00fabicas y otros disparates. La autocr\u00edtica no existe. Se impone el: \u201cTengan para que aprendan\u201d, aunque diga que su \u201cfuerte no es la venganza\u201d.<\/p>\n<p>Una vez m\u00e1s, en el Segundo Informe de Gobierno, tratar\u00e1 de suplir la falta de resultados con el cl\u00e1sico contraste con el pasado, al que califica de negativo y corrupto. No habr\u00e1 un mea culpa, ni aceptar\u00e1 errores. \u00c9l tiene \u201cotros datos\u201d, dir\u00e1 que la crisis econ\u00f3mica, sanitaria social y de inseguridad que agobia al pa\u00eds, es el resultado del periodo neoliberal.<\/p>\n<p>Otro intento por descalificar a la oposici\u00f3n y amedrentar a empresarios, pol\u00edticos, acad\u00e9micos y periodistas, coartando la libertad de expresi\u00f3n, en tiempos electorales. Tal como se aprecia, la rendici\u00f3n de cuentas es una utop\u00eda en los tiempos de la <strong><em>#4T<\/em><\/strong>.<\/p>\n<p>&nbsp;<\/p>\n<p style=\"text-align: center;\"><strong>VERICUENTOS<\/strong><\/p>\n<p style=\"text-align: center;\"><strong>\u00bfConsulta o distractor?<\/strong><\/p>\n<p>Los legisladores de Morena se alinean. <strong>Ricardo Monreal,<\/strong> coordinador en el Senado, confirm\u00f3 que su bancada impulsar\u00e1 la realizaci\u00f3n de una consulta para llevar a juicio a los ex presidentes del pa\u00eds. Revel\u00f3 que ser\u00eda en agosto y no en julio de 2021 para no intervenir con las elecciones del pr\u00f3ximo a\u00f1o. Monreal consider\u00f3 que, siendo la consulta un instrumento de legitimaci\u00f3n para la toma de decisiones, bastar\u00eda con que la Fiscal\u00eda General de la Rep\u00fablica vincule a proceso a los ex mandatarios con los elementos que existen. Al respecto, el <strong>coordinador de los diputados del PAN, Juan Carlos Romero Hicks<\/strong>, advirti\u00f3 que esta consulta afectar\u00eda la presunci\u00f3n de inocencia, adem\u00e1s de que violentar\u00eda el debido proceso<strong>. \u00a1Sopa<\/strong><strong>s!<\/strong><\/p>\n<p style=\"text-align: center;\"><strong>Balance Legislativo<\/strong><\/p>\n<p>La Comisi\u00f3n Permanente del Congreso de la Uni\u00f3n clausur\u00f3 sus trabajos en medio de reclamos de legisladores de oposici\u00f3n. Diputados y senadores lograron aprobar apenas el 25 por ciento de las m\u00e1s de dos mil puntos de acuerdo presentados.<\/p>\n<p><em><a href=\"https:\/\/twitter.com\/guillegomora?lang=es\" target=\"_blank\" rel=\"noopener noreferrer\"><i>@guillegomora<\/i><\/a><br \/>\n<\/em><em><a href=\"mailto:guillegomora@hotmail.com\" target=\"_blank\" rel=\"noopener noreferrer\">guillegomora@hotmail.com<\/a><\/em><\/p>\n","protected":false},"excerpt":{"rendered":"<p><span style=\"color: #005497;\"><strong>Guillermina G\u00f3mora Ord\u00f3\u00f1ez<\/strong><\/span><\/p>\n","protected":false},"author":3,"featured_media":0,"comment_status":"open","ping_status":"open","sticky":false,"template":"","format":"standard","meta":{"_monsterinsights_skip_tracking":false,"_monsterinsights_sitenote_active":false,"_monsterinsights_sitenote_note":"","_monsterinsights_sitenote_category":0,"footnotes":""},"categories":[58361],"tags":[58362,58363,43674],"class_list":["post-478956","post","type-post","status-publish","format-standard","hentry","category-guillermina-gomora-ordonez","tag-caleidoscopio","tag-guillermina-gomora-ordonez","tag-opinion"],"_links":{"self":[{"href":"https:\/\/www.diarioimagen.net\/index.php?rest_route=\/wp\/v2\/posts\/478956","targetHints":{"allow":["GET"]}}],"collection":[{"href":"https:\/\/www.diarioimagen.net\/index.php?rest_route=\/wp\/v2\/posts"}],"about":[{"href":"https:\/\/www.diarioimagen.net\/index.php?rest_route=\/wp\/v2\/types\/post"}],"author":[{"embeddable":true,"href":"https:\/\/www.diarioimagen.net\/index.php?rest_route=\/wp\/v2\/users\/3"}],"replies":[{"embeddable":true,"href":"https:\/\/www.diarioimagen.net\/index.php?rest_route=%2Fwp%2Fv2%2Fcomments&post=478956"}],"version-history":[{"count":0,"href":"https:\/\/www.diarioimagen.net\/index.php?rest_route=\/wp\/v2\/posts\/478956\/revisions"}],"wp:attachment":[{"href":"https:\/\/www.diarioimagen.net\/index.php?rest_route=%2Fwp%2Fv2%2Fmedia&parent=478956"}],"wp:term":[{"taxonomy":"category","embeddable":true,"href":"https:\/\/www.diarioimagen.net\/index.php?rest_route=%2Fwp%2Fv2%2Fcategories&post=478956"},{"taxonomy":"post_tag","embeddable":true,"href":"https:\/\/www.diarioimagen.net\/index.php?rest_route=%2Fwp%2Fv2%2Ftags&post=478956"}],"curies":[{"name":"wp","href":"https:\/\/api.w.org\/{rel}","templated":true}]}}