{"id":479079,"date":"2020-09-02T00:08:31","date_gmt":"2020-09-02T05:08:31","guid":{"rendered":"https:\/\/www.diarioimagen.net\/?p=479079"},"modified":"2020-09-01T23:07:17","modified_gmt":"2020-09-02T04:07:17","slug":"amlo-asegura-que-ya-paso-lo-peor-de-la-crisis","status":"publish","type":"post","link":"https:\/\/www.diarioimagen.net\/?p=479079","title":{"rendered":"AMLO asegura que ya pas\u00f3 lo peor de la crisis"},"content":{"rendered":"<h2>Clase Pol\u00edtica<\/h2>\n<h5>Miguel \u00c1ngel Rivera<\/h5>\n<p>&nbsp;<\/p>\n<p>\u201cYa pas\u00f3 lo peor, ahora vamos para arriba\u201d.<\/p>\n<p>As\u00ed lo afirm\u00f3 el presidente\u00a0Andr\u00e9s Manuel L\u00f3pez Obrador al presentar uno m\u00e1s de sus informes, correspondiente al segundo a\u00f1o de su gobierno.<\/p>\n<p>Ahora, m\u00e1s que nunca, es de desear que el primer mandatario tenga \u201cotros datos\u201d y que est\u00e9n bien fundamentados, porque el resto del pa\u00eds aprecia que vamos en sentido contrario, hacia abajo, y sin que se aprecie el fondo del abismo.<\/p>\n<p>Veamos cu\u00e1les son los datos en los cuales fundamenta el Presidente su optimismo.<\/p>\n<p>Ante una audiencia de 70 invitados, con lo cual se evit\u00f3 que apareciera, como en otras ocasiones, como el \u201csolitario de Palacio\u201d, L\u00f3pez Obrador asegur\u00f3:<\/p>\n<p>\u201cPronostiqu\u00e9 que la crisis econ\u00f3mica provocada por la pandemia ser\u00eda transitoria, dije que ser\u00e1 como una \u2018<strong>V\u2019,<\/strong>\u00a0que caer\u00edamos, pero que saldr\u00edamos pronto. Afortunadamente, as\u00ed est\u00e1 sucediendo: ya pas\u00f3 lo peor y ahora vamos para arriba, ya se est\u00e1n recuperando los empleos perdidos, se est\u00e1 regresando poco a poco a la normalidad productiva y ya estamos empezando a crecer\u201d.<\/p>\n<p>\u201cEn el mes de agosto se crearon 93 mil nuevos empleos\u201d.<\/p>\n<p>Aqu\u00ed un obligado par\u00e9ntesis.<\/p>\n<p>En la primera semana de julio pasado, el Banco de M\u00e9xico dio a conocer un reporte, en el cual revel\u00f3 que en nuestro pa\u00eds se perdieron m\u00e1s de 12 millones de empleos, entre trabajos formales e informales, en los meses de abril y mayo.<\/p>\n<p>Con base en informes oficiales, del Instituto Nacional de Estad\u00edstica y Geograf\u00eda (Inegi) y del Instituto Mexicano del Seguro Social (IMSS), el banco central precis\u00f3 que de los 12 millones 180 mil empleos perdidos, 3.72 corresponden a empleos formales y 8.46<\/p>\n<p>fueron trabajos del sector informal.<\/p>\n<p>Si s\u00f3lo se tomaran en cuenta los empleos formales, las 93 mil nuevas plazas pregonadas por el presidente en su informe son menos del 2.5 por ciento del total. En consecuencia, estamos muy lejos de volver a la misma situaci\u00f3n en que nos encontr\u00e1bamos al inicio de la contingencia sanitaria y econ\u00f3mica por Covid-19. Bueno, ni siquiera se recuperan las plazas perdidas antes de esta crisis, ni antes de que nos alcanzara la pandemia, pues de acuerdo con datos del propio IMSS, en 2019 la p\u00e9rdida fue de 342,000 empleos.<\/p>\n<p style=\"text-align: center;\"><strong>La econom\u00eda va a caer, pero no mucho<\/strong><\/p>\n<p>En cuesti\u00f3n de econom\u00eda, el primer mandatario presumi\u00f3 que, \u201ca pesar del desastre mundial, (la ca\u00edda de la econom\u00eda mexicana) fue de 10.4 por ciento en el semestre; pero, aun con la debacle, fue menor el da\u00f1o que nos caus\u00f3 la crisis econ\u00f3mica que nos est\u00e1 afectando que lo que se est\u00e1 registrando en otros pa\u00edses como Italia, Espa\u00f1a, Francia y Reino Unido.<\/p>\n<p>\u201cDebo agregar que casi todos los pa\u00edses recurrieron a cr\u00e9ditos y aumentaron sus deudas en porcentajes elevad\u00edsimos; en contraste, nosotros hemos enfrentado la pandemia y vamos a salir de la crisis econ\u00f3mica sin contratar deuda adicional y sin destinar dinero p\u00fablico a \u2018rescates\u2019 -entre comillas- inmorales, es decir, a quienes no necesitan ser rescatados\u201d.<\/p>\n<p>Por desgracia, en esta materia, el jefe del Ejecutivo federal, est\u00e1 totalmente en desacuerdo con el responsable de las finanzas p\u00fablicas, su colaborador, el secretario de Hacienda, Arturo Herrera, quien a fines de la semana anterior present\u00f3 un panorama desalentador a los senadores de Morena.<\/p>\n<p>\u201cEntre este a\u00f1o y el pr\u00f3ximo, M\u00e9xico vivir\u00e1 la crisis m\u00e1s fuerte desde 1932. Es casi el peor momento econ\u00f3mico para el pa\u00eds en el \u00faltimo siglo. El primer trimestre pas\u00f3 pr\u00e1cticamente fuera de la pandemia, pero en el segundo, la econom\u00eda cay\u00f3 18.7 por ciento.<\/p>\n<p>\u201cHay indicios de recuperaci\u00f3n para el tercero y cuarto ciclos, que podr\u00eda hacer cerrar el a\u00f1o con una ca\u00edda de 7.4 por ciento del PIB, la m\u00e1s fuerte desde las crisis de 1932, 1994 y 2009\u201d.<\/p>\n<p>El titular de Hacienda indic\u00f3 que la situaci\u00f3n de la econom\u00eda mejorar\u00e1 probablemente en lo que resta del a\u00f1o, pero de ninguna manera se puede asegurar que volvamos a la normalidad anterior a la aparici\u00f3n de la pandemia. De hecho \u201cen el mejor de los casos\u201d la ca\u00edda anual ser\u00e1 de s\u00f3lo 7.4 por ciento del Producto Interno Bruto (PIB), \u201cla m\u00e1s fuerte desde las crisis de 1932, 1994 y 2009\u201d.<\/p>\n<p>Lo peor, tal vez, es que seg\u00fan el pron\u00f3stico de Herrera, en adelante el pa\u00eds no tendr\u00e1 algunos recursos que permitieron paliar los efectos de la crisis en los meses anteriores.<\/p>\n<p>\u201cTen\u00edamos fondos para choques de ese tipo: el Fondo de Estabilizaci\u00f3n de los Ingresos Presupuestarios y el Fondo de Estabilizaci\u00f3n de los Ingresos de las Entidades Federativas.<\/p>\n<p>\u201cLa mayor parte van a ser utilizados este a\u00f1o. No vamos a tener el a\u00f1o que entra ese colch\u00f3n, ni un conjunto de guardaditos que hab\u00eda por todos lados, fundamentalmente en fideicomisos .<\/p>\n<p>\u201cAunque no se contrate nueva deuda, \u00e9sta se incrementar\u00e1 entre 10 y 17 puntos del PIB, por efecto del tipo de cambio. No vamos a tener espacio para pedir m\u00e1s, vamos a tener que poner a la econom\u00eda en una trayectoria descendente\u201d.<\/p>\n<p>Esto \u00faltimo contradice la afirmaci\u00f3n del presidente L\u00f3pez Obrador de que M\u00e9xico no se ha endeudado m\u00e1s y le resta valor a otros de los supuestos indicadores positivos de los que presumi\u00f3 en su mensaje, que la paridad del peso est\u00e1 a \u201cmenos de 22 pesos por d\u00f3lar luego de haber estado a m\u00e1s de 25\u201d.<\/p>\n<p>Lo peor para el primer mandatario es el reconocimiento de los repudiados y condenados gobiernos \u201cconservadores\u201d y \u201cneoliberales\u201d que lo antecedieron y a pesar de su denunciada \u201ccorrupci\u00f3n\u201d tuvieron el cuidado de crear reservas para ser utilizadas en casos de contingencia, como ha ocurrido en esta fase posterior a la aparici\u00f3n de la pandemia.<\/p>\n<p>Esto \u00faltimo viene al caso porque L\u00f3pez Obrador cumpli\u00f3 con un aviso previo en el sentido de que iniciar\u00eda su informe con una condena a la corrupci\u00f3n, lo cual ha sido tema permanente desde que estaba en campa\u00f1a.<\/p>\n<p>\u201cEste gobierno no ser\u00e1 recordado por corrupto. Nuestro principal legado ser\u00e1 purificar la vida p\u00fablica de M\u00e9xico y estamos avanzando.<\/p>\n<p>\u201cNo hemos emprendido persecuciones facciosas ni venganzas pol\u00edticas, pero tampoco encubrimos a nadie ni permitimos la impunidad. Ya se acab\u00f3 la robadera de los de arriba, pero todav\u00eda falta desterrar por completo el bandidaje oficial.<\/p>\n<p>\u201cLa austeridad republicana es una realidad, son hechos, no palabras\u201d, dijo AMLO al tiempo que confirm\u00f3 su propuesta de una consulta popular para decidir si se juzga a los ex presidentes.<\/p>\n<p style=\"text-align: center;\"><strong>\u201cNo es para presumir pero contamos con el mejor gobierno\u201d<\/strong><\/p>\n<p>\u201cYa no hay lujos en el gobierno y todo lo que se ahorra se destina a conseguir el bienestar del pueblo. Seg\u00fan c\u00e1lculos oficiales, por no permitir la corrupci\u00f3n y por hacer un gobierno austero, hemos podido ahorrar durante nuestra administraci\u00f3n alrededor de 560 mil millones de pesos. No es para presumir, pero en el peor momento contamos con el mejor gobierno\u201d, destac\u00f3.<\/p>\n<p>Pero no fue el \u00fanico autoelogio. Como ya lo ha hecho antes en sus conferencias ma\u00f1aneras, al referirse a las acciones de su administraci\u00f3n para enfrentar la pandemia de Covid-19, la volvi\u00f3 a presentar como un ejemplo para el resto del mundo.<\/p>\n<p>\u201cEstamos enfrentando la crisis econ\u00f3mica provocada por la pandemia con una f\u00f3rmula distinta, peculiar, heterodoxa, dir\u00eda \u00fanica en el mundo.<\/p>\n<p>\u201cAhora, todos los apoyos y cr\u00e9ditos se entregan de manera directa para reactivar la econom\u00eda de abajo hacia arriba, no se da prioridad a las grandes empresas y bancos. Ahora, por el bien de todos, primero se rescata al pueblo.<\/p>\n<p>\u201cEs motivo de orgullo poder decir que en siete de cada 10 familias est\u00e1 llegando cuando menos un beneficio o algo del presupuesto p\u00fablico, que es dinero de todos\u201d, afirm\u00f3.<\/p>\n<p>Previamente, el mandatario hab\u00eda se\u00f1alado \u201cla pandemia no es un asunto pol\u00edtico, sino de salud p\u00fablica. Por eso he confiado las decisiones en esta materia a un equipo de profesionales con gran experiencia y capacidad\u201d.<\/p>\n<p>Otra vez, sus afirmaciones chocan con la realidad o, al menos, con la opini\u00f3n de muchos expertos -incluidos anteriores secretarios de Salud- que estiman equivocadas muchas de las acciones aprobadas por el jefe del equipo de \u201cexpertos\u201d del que alardea el Presidente.<\/p>\n<p>Al respecto, cabe recordar que la noche anterior al mensaje presidencial, la Secretar\u00eda de Salud inform\u00f3 que el total de infectados por el Coronavirus casi llega a los 600 mil y el total de muertes por la pandemia sum\u00f3 64,414, lo que mantiene a M\u00e9xico en el tercer lugar mundial. Al inicio de la crisis, el subsecretario de Salud, Hugo L\u00f3pez-Gatell, advirti\u00f3 que llegar a 60 mil fallecidos ser\u00eda \u201ccatastr\u00f3fico\u201d.<\/p>\n<p><em><a href=\"mailto:riverapaz@infinitummail.com\" target=\"_blank\" rel=\"noopener noreferrer\">riverapaz@infinitummail.com<\/a><\/em><\/p>\n","protected":false},"excerpt":{"rendered":"<p><span style=\"color: #005497;\"><strong>Miguel \u00c1ngel Rivera<\/strong><\/span><\/p>\n","protected":false},"author":3,"featured_media":0,"comment_status":"open","ping_status":"open","sticky":false,"template":"","format":"standard","meta":{"_monsterinsights_skip_tracking":false,"_monsterinsights_sitenote_active":false,"_monsterinsights_sitenote_note":"","_monsterinsights_sitenote_category":0,"footnotes":""},"categories":[84119],"tags":[84120,84121,43674],"class_list":["post-479079","post","type-post","status-publish","format-standard","hentry","category-miguel-angel-rivera","tag-clase-politica","tag-miguel-angel-rivera","tag-opinion"],"_links":{"self":[{"href":"https:\/\/www.diarioimagen.net\/index.php?rest_route=\/wp\/v2\/posts\/479079","targetHints":{"allow":["GET"]}}],"collection":[{"href":"https:\/\/www.diarioimagen.net\/index.php?rest_route=\/wp\/v2\/posts"}],"about":[{"href":"https:\/\/www.diarioimagen.net\/index.php?rest_route=\/wp\/v2\/types\/post"}],"author":[{"embeddable":true,"href":"https:\/\/www.diarioimagen.net\/index.php?rest_route=\/wp\/v2\/users\/3"}],"replies":[{"embeddable":true,"href":"https:\/\/www.diarioimagen.net\/index.php?rest_route=%2Fwp%2Fv2%2Fcomments&post=479079"}],"version-history":[{"count":0,"href":"https:\/\/www.diarioimagen.net\/index.php?rest_route=\/wp\/v2\/posts\/479079\/revisions"}],"wp:attachment":[{"href":"https:\/\/www.diarioimagen.net\/index.php?rest_route=%2Fwp%2Fv2%2Fmedia&parent=479079"}],"wp:term":[{"taxonomy":"category","embeddable":true,"href":"https:\/\/www.diarioimagen.net\/index.php?rest_route=%2Fwp%2Fv2%2Fcategories&post=479079"},{"taxonomy":"post_tag","embeddable":true,"href":"https:\/\/www.diarioimagen.net\/index.php?rest_route=%2Fwp%2Fv2%2Ftags&post=479079"}],"curies":[{"name":"wp","href":"https:\/\/api.w.org\/{rel}","templated":true}]}}