{"id":479153,"date":"2020-09-03T00:13:24","date_gmt":"2020-09-03T05:13:24","guid":{"rendered":"https:\/\/www.diarioimagen.net\/?p=479153"},"modified":"2020-09-04T00:14:58","modified_gmt":"2020-09-04T05:14:58","slug":"ya-van-380-restaurantes-cerrados-en-cancun-por-la-crisis-economica","status":"publish","type":"post","link":"https:\/\/www.diarioimagen.net\/?p=479153","title":{"rendered":"Ya van 380 restaurantes cerrados en Canc\u00fan por la crisis econ\u00f3mica"},"content":{"rendered":"<h2>Derecho de r\u00e9plica<\/h2>\n<h5>Jos\u00e9 Luis Monta\u00f1ez<\/h5>\n<p>&nbsp;<\/p>\n<ul>\n<li><strong><em>La zona m\u00e1s golpeada es el primer cuadro de la ciudad, afirma Canirac<\/em><\/strong><\/li>\n<\/ul>\n<p>&nbsp;<\/p>\n<div id=\"attachment_479220\" style=\"width: 470px\" class=\"wp-caption aligncenter\"><a href=\"https:\/\/www.diarioimagen.net\/?attachment_id=479220\" rel=\"attachment wp-att-479220\"><img loading=\"lazy\" decoding=\"async\" aria-describedby=\"caption-attachment-479220\" class=\"size-large wp-image-479220\" src=\"https:\/\/www.diarioimagen.net\/wp-content\/uploads\/2020\/09\/dereco-460x259.jpg\" alt=\"\" width=\"460\" height=\"259\" srcset=\"https:\/\/www.diarioimagen.net\/wp-content\/uploads\/2020\/09\/dereco-460x259.jpg 460w, https:\/\/www.diarioimagen.net\/wp-content\/uploads\/2020\/09\/dereco-240x135.jpg 240w, https:\/\/www.diarioimagen.net\/wp-content\/uploads\/2020\/09\/dereco-235x132.jpg 235w, https:\/\/www.diarioimagen.net\/wp-content\/uploads\/2020\/09\/dereco-202x114.jpg 202w, https:\/\/www.diarioimagen.net\/wp-content\/uploads\/2020\/09\/dereco-350x196.jpg 350w, https:\/\/www.diarioimagen.net\/wp-content\/uploads\/2020\/09\/dereco-220x123.jpg 220w, https:\/\/www.diarioimagen.net\/wp-content\/uploads\/2020\/09\/dereco-237x132.jpg 237w, https:\/\/www.diarioimagen.net\/wp-content\/uploads\/2020\/09\/dereco.jpg 480w\" sizes=\"auto, (max-width: 460px) 100vw, 460px\" \/><\/a><p id=\"caption-attachment-479220\" class=\"wp-caption-text\">La Canirac en Canc\u00fan inform\u00f3 que 380 restaurantes han cerrado sus puertas definitivamente en esta ciudad, entre marzo y agosto.<\/p><\/div>\n<p>&nbsp;<\/p>\n<p>Marcy Bezaleel Pacheco, dirigente de la C\u00e1mara Nacional de la Industria de Restaurantes y Alimentos Condimentados (Canirac) en Canc\u00fan, inform\u00f3 que 380 restaurantes han cerrado sus puertas definitivamente en esta ciudad, entre marzo y agosto, esto, derivado de la crisis econ\u00f3mica que trajo consigo la pandemia por Covid-19.<\/p>\n<p>Explic\u00f3 que la zona m\u00e1s golpeada es el primer cuadro de la ciudad, donde en un radio de 10 kil\u00f3metros cuadrados se perdieron en definitiva m\u00e1s de 800 empleos, debido al cierre de los negocios que ofertaban comida a los turistas, raz\u00f3n por la que, ahora se esta derivando una sobreoferta de locales en renta.<\/p>\n<p>\u201cLa Zona Hotelera y otras zonas tur\u00edsticas est\u00e1n sobrellevando mejor el proceso de recuperaci\u00f3n, pero la zona centro y todo el per\u00edmetro fundacional de la ciudad siguen muy afectados. Algunos han cerrado definitivamente y otros simplemente est\u00e1n agonizando\u201d, asever\u00f3.<\/p>\n<p>Entre otros, han cerrado restaurantes emblem\u00e1ticos como la Pasteler\u00eda de Canc\u00fan, Fishers y Sonora Grill, negocios que representan inversiones por m\u00e1s de 2 millones de d\u00f3lares cada uno, tanto por renta de locales, como por equipamiento y contrataci\u00f3n de personal.<\/p>\n<p style=\"text-align: center;\"><strong>P\u00e9rdidas de m\u00e1s de 100 mdp<\/strong><\/p>\n<p>Bezaleel Pacheco a\u00f1adi\u00f3 que las p\u00e9rdidas por los cierres de restaurantes superan los 100 millones de pesos tan s\u00f3lo en la zona centro, sin contar los 10 a 12 establecimientos que tambi\u00e9n cerraron definitivamente en la Zona Hotelera.<\/p>\n<p>Dado lo anterior, hay una afectaci\u00f3n en el precio de las rentas, tanto de los locales, como de viviendas, ya que mucha gente que perdi\u00f3 su empleo regres\u00f3 a su lugar de origen y hoy hay abundancia de espacios desocupados, tanto en el centro como en otros puntos de la ciudad, a\u00f1adi\u00f3. Y aunque la dirigente reconoce que ya hab\u00eda previsto que incluso despu\u00e9s de la reactivaci\u00f3n econ\u00f3mica, muchos restaurantes no reabrir\u00edan o no podr\u00edan mantenerse abiertos por mucho tiempo, debido a la falta de actividad y la lenta recuperaci\u00f3n econ\u00f3mica, afirma que no se han tomado acciones efectivas para ayudar a los empresarios locales, de modo que insistir\u00e1n en solicitar ayuda gubernamental.<\/p>\n<p>Actualmente, m\u00e1s de 35% de los m\u00e1s de 1,000 asociados a la c\u00e1mara, se mantienen cerrados en Canc\u00fan, esperando el cambio de color en el sem\u00e1foro de control estatal a amarillo, para garantizar que al menos podr\u00e1n operar a 60% de su capacidad.<\/p>\n<p style=\"text-align: center;\"><strong>Elaboran pliego petitorio para los tres niveles de gobierno<\/strong><\/p>\n<p>Bezaleel Pacheco manifest\u00f3 que elaboraron un pliego petitorio dirigido a los diferentes niveles de gobierno.<\/p>\n<p>Entre las peticiones se encuentran: la suspensi\u00f3n temporal de actos de fiscalizaci\u00f3n, no pagar Impuesto sobre N\u00f3mina de manera temporal, la ayuda con el IMSS e Infonavit para suspender el pago de las cuotas tanto de patrones, como de trabajadores y el establecimiento de est\u00edmulos fiscales temporales al empleo y a la inversi\u00f3n.<\/p>\n<p>Por otro lado, solicitaron esquemas de financiamiento para poder soportar el cierre temporal de los restaurantes, ayuda para gestionar la suspensi\u00f3n de pagos provisionales de Impuesto sobre la Renta (ISR), prorroga en el pago anual del ISR del 2019 y buscar beneficios en el pago de agua y luz para las familias de los agremiados<\/p>\n<p>Tambi\u00e9n pidieron la aplicaci\u00f3n y condonaci\u00f3n en pagos de licencias de funcionamiento estatales y municipales y la ampliaci\u00f3n en el pago de renovaci\u00f3n de licencias del alcohol.<\/p>\n<p>La dirigente empresarial reconoci\u00f3 que el gobierno estatal les concedi\u00f3 la suspensi\u00f3n temporal de algunas obligaciones, pero dicha suspensi\u00f3n ha llegado a su fin con la llegada de la reactivaci\u00f3n econ\u00f3mica, y ahora deben retomar sus pagos. Asegura que muchos negocios no podr\u00e1n hacerlo debido a que la reactivaci\u00f3n al 30% de su capacidad en el marco del color naranja del sem\u00e1foro epidemiol\u00f3gico estatal, no es suficiente para solventar ni siquiera sus gastos de operaci\u00f3n.<\/p>\n<p style=\"text-align: center;\"><strong>Bancos dan pr\u00f3rrogas y refinanciamientos a empresas<\/strong><\/p>\n<p>Instituciones bancarias informaron que aplazar\u00e1n pr\u00f3rrogas de pagos de cr\u00e9ditos y que emiten refinanciamientos a empresas de Quintana Roo ante la crisis econ\u00f3mica que se deriv\u00f3 de la contingencia sanitaria.<\/p>\n<p>Iv\u00e1n Ferrat Mancera, presidente del Consejo Coordinador Empresarial del Caribe (CCE), mencion\u00f3 que este mes venc\u00edan los plazos para muchos, pues se contemplaba que la pandemia durar\u00eda menos, no obstante, al no ser as\u00ed, los bancos est\u00e1n llamando a los empresarios para ofrecerles nuevas alternativas, e incluso cr\u00e9ditos con un per\u00edodo de gracia de hasta seis meses.<\/p>\n<p>\u201cLas p\u00e9rdidas son incalculables y dependiendo de la industria es el impacto, aunque la industria hotelera y restaurantera\u00a0 son las m\u00e1s afectadas, pues sus ingresos dependen de la llegada de los visitantes o de los comensales\u00a0 y aunque empez\u00f3 la reactivaci\u00f3n econ\u00f3mica el gasto operativo va en aumento\u201d, declar\u00f3.<\/p>\n<p>Los nuevos plazos que est\u00e1n brindando los bancos a las empresas, dice, van a favorecer a la econom\u00eda, pues a partir de septiembre se prev\u00e9 una mayor recuperaci\u00f3n. \u201cLas empresas estaban preocupadas porque en septiembre venc\u00edan los cuatro meses de gracia que dieron las instituciones bancarias, pero en algunos casos dieron dos meses m\u00e1s, y los que financiaron tendr\u00e1n un per\u00edodo de gracia hasta marzo del pr\u00f3ximo a\u00f1o\u201d.<\/p>\n<p>Aunque el Secretario de Hacienda y Cr\u00e9dito P\u00fablico anunci\u00f3 que 2021 ser\u00e1 un a\u00f1o complicado para el pa\u00eds en la econom\u00eda, el CCE conf\u00eda que en Quintana Roo las inversiones van a aterrizar, y esto ayudar\u00e1 al sector empresarial.<\/p>\n<p style=\"text-align: center;\"><strong>Contin\u00faan los despidos en Q. Roo durante reactivaci\u00f3n econ\u00f3mica<\/strong><\/p>\n<p>La crisis econ\u00f3mica derivada de la pandemia ha afectado a todos por igual, pero sin duda el sector empresarial es de los m\u00e1s golpeados y genera un efecto domino, en el que debe comenzar a trabajarse, pues al cerrar sus puertas o perder ingresos, los empresarios deben recortar a su personal, inflando m\u00e1s las cifras del desempleo en la entidad, causante a su vez de un mayor \u00edndice de pobreza y deserci\u00f3n escolar.<\/p>\n<p>Tan s\u00f3lo durante los primeros dos meses de reactivaci\u00f3n econ\u00f3mica, es decir, entre junio y julio, las plazas laborales inscritas ante el Instituto Mexicano del Seguro Social (IMSS) se fueron a la baja, en el caso de los servicios hoteleros en Canc\u00fan presentaron un balance negativo de nueve mil 052 registros menos, a pesar de que m\u00e1s de 30 mil habitaciones ya est\u00e1n operando.<\/p>\n<p>Esta semana, incluso, se propici\u00f3 un conato de huelga en el hotel Bel Air del bulevar Kukulc\u00e1n por el despido de 30 trabajadores, donde Hilario Mungu\u00eda, el coordinador de la delegaci\u00f3n 5 de la Confederaci\u00f3n Revolucionaria de Obreros y Campesinos (Croc), explic\u00f3 que en marzo ya se hab\u00eda liquidado al 40% del personal.<\/p>\n<p>Ahora, para los 30 trabajadores que continuaban en labores,se pidi\u00f3 respeto a sus derechos y que la nueva administraci\u00f3n contrate al personal que ya se ten\u00eda, peticiones que fueron escuchadas y finalmente evitaron la huelga. \u201cDesde el lunes en la tarde comenzaron con las liquidaciones sin tomarnos en cuenta, pese a que ya ten\u00edamos un acuerdo, desde hace un a\u00f1o comenzamos a entablar conversaciones pues sab\u00edamos que este cambio ven\u00eda\u201d, puntualiz\u00f3 Mungu\u00eda.<\/p>\n<p>De este modo, el sindicato logr\u00f3 un acuerdo para que la empresa que tome el control del centro de hospedaje realice la sustituci\u00f3n patronal al contrato colectivo o iniciar uno nuevo.<\/p>\n<p>La Croc inform\u00f3 que 30 mil trabajadores de la industria tur\u00edstica ya fueron colocados en un puesto de trabajo durante la reactivaci\u00f3n econ\u00f3mica entre junio y agosto, mientras que otros de 15 mil contin\u00faan a la espera de que m\u00e1s hoteles abran sus puertas.<\/p>\n<p style=\"text-align: center;\"><strong>M\u00e1s trabajadores en Chetumal desempleados<\/strong><\/p>\n<p>Por lo menos siete trabajadores del \u00e1rea de Servicios Generales de Oficial\u00eda Mayor del Gobierno de Quintana Roo, manifestaron su inconformidad al quedarse sin empleo en plena contingencia sanitaria. Argumentan que, sin previo aviso, el contrato que ten\u00edan no fue renovado en la dependencia donde se desempe\u00f1aban.<\/p>\n<p>Ellos se desempe\u00f1aban como personal de mantenimiento, tarimeros y en el \u00e1rea de log\u00edstica, no obstante, la Secretar\u00eda de Finanzas y Planeaci\u00f3n decidi\u00f3 no renovarles su contrato, a pesar de haberles informado en su momento que s\u00ed estaban considerados para continuar con sus labores.<\/p>\n<p>Darwin Aguilar Jim\u00e9nez, uno de los trabajadores despedidos, declar\u00f3 que, entre marzo y junio, realiz\u00f3 junto a sus compa\u00f1eros la descarga y empacado de las despensas del programa de Apoyo Alimentario, la colocaci\u00f3n de lonas y otras actividades que eran ajenas a sus funciones. Por estas actividades, los empleados dijeron que percib\u00edan seis mil pesos mensuales, pero sin prestaciones.<\/p>\n<p>Finalmente, de manera sorpresiva, el pasado 31 de agosto fueron notificados de que su contrato no ser\u00eda renovado y que no recibir\u00e1n una liquidaci\u00f3n. Los trabajadores consideran que los han dejado a su suerte, ya que la situaci\u00f3n econ\u00f3mica y laboral es dif\u00edcil en este periodo de la pandemia, por lo que solicitan al Gobierno del Estado, que les renueven su contrato mientras se estabiliza la situaci\u00f3n econ\u00f3mica y pueden buscar otras oportunidades laborales.<\/p>\n<p><a href=\"mailto:montanezaguilar@gmail.com\" target=\"_blank\" rel=\"noopener noreferrer\"><em>montanezaguilar@gmail.com<\/em><\/a><\/p>\n","protected":false},"excerpt":{"rendered":"<p><span style=\"color: #005497;\"><strong>Jos\u00e9 Luis Monta\u00f1ez<\/strong><\/span><br \/>\n<br \/>\nMarcy Bezaleel Pacheco, dirigente de la C\u00e1mara Nacional de la Industria de Restaurantes y Alimentos Condimentados (Canirac) en Canc\u00fan, inform\u00f3 que 380 restaurantes han cerrado sus puertas definitivamente en esta ciudad, entre marzo y agosto, esto, derivado de la crisis econ\u00f3mica que trajo consigo la pandemia por Covid-19.<\/p>\n","protected":false},"author":3,"featured_media":479220,"comment_status":"open","ping_status":"open","sticky":false,"template":"","format":"standard","meta":{"_monsterinsights_skip_tracking":false,"_monsterinsights_sitenote_active":false,"_monsterinsights_sitenote_note":"","_monsterinsights_sitenote_category":0,"footnotes":""},"categories":[11622,25512],"tags":[47840,54579,43674],"class_list":["post-479153","post","type-post","status-publish","format-standard","has-post-thumbnail","hentry","category-jose-luis-montanez-aguilar","category-nacional-nacional","tag-derecho-de-replica","tag-jose-luis-montanez","tag-opinion"],"_links":{"self":[{"href":"https:\/\/www.diarioimagen.net\/index.php?rest_route=\/wp\/v2\/posts\/479153","targetHints":{"allow":["GET"]}}],"collection":[{"href":"https:\/\/www.diarioimagen.net\/index.php?rest_route=\/wp\/v2\/posts"}],"about":[{"href":"https:\/\/www.diarioimagen.net\/index.php?rest_route=\/wp\/v2\/types\/post"}],"author":[{"embeddable":true,"href":"https:\/\/www.diarioimagen.net\/index.php?rest_route=\/wp\/v2\/users\/3"}],"replies":[{"embeddable":true,"href":"https:\/\/www.diarioimagen.net\/index.php?rest_route=%2Fwp%2Fv2%2Fcomments&post=479153"}],"version-history":[{"count":0,"href":"https:\/\/www.diarioimagen.net\/index.php?rest_route=\/wp\/v2\/posts\/479153\/revisions"}],"wp:featuredmedia":[{"embeddable":true,"href":"https:\/\/www.diarioimagen.net\/index.php?rest_route=\/wp\/v2\/media\/479220"}],"wp:attachment":[{"href":"https:\/\/www.diarioimagen.net\/index.php?rest_route=%2Fwp%2Fv2%2Fmedia&parent=479153"}],"wp:term":[{"taxonomy":"category","embeddable":true,"href":"https:\/\/www.diarioimagen.net\/index.php?rest_route=%2Fwp%2Fv2%2Fcategories&post=479153"},{"taxonomy":"post_tag","embeddable":true,"href":"https:\/\/www.diarioimagen.net\/index.php?rest_route=%2Fwp%2Fv2%2Ftags&post=479153"}],"curies":[{"name":"wp","href":"https:\/\/api.w.org\/{rel}","templated":true}]}}