{"id":479383,"date":"2020-09-07T00:04:27","date_gmt":"2020-09-07T05:04:27","guid":{"rendered":"https:\/\/www.diarioimagen.net\/?p=479383"},"modified":"2020-09-07T00:21:48","modified_gmt":"2020-09-07T05:21:48","slug":"reconoce-naucalpan-a-heroes-de-la-independencia","status":"publish","type":"post","link":"https:\/\/www.diarioimagen.net\/?p=479383","title":{"rendered":"Reconoce Naucalpan a H\u00e9roes de la Independencia\u00a0"},"content":{"rendered":"<p>&nbsp;<\/p>\n<p><img loading=\"lazy\" decoding=\"async\" class=\"aligncenter wp-image-479384 size-large\" src=\"http:\/\/www.diarioimagen.net\/wp-content\/uploads\/2020\/09\/CAMACHO7-dpor-460x268.jpg\" alt=\"\" width=\"460\" height=\"268\" srcset=\"https:\/\/www.diarioimagen.net\/wp-content\/uploads\/2020\/09\/CAMACHO7-dpor-460x268.jpg 460w, https:\/\/www.diarioimagen.net\/wp-content\/uploads\/2020\/09\/CAMACHO7-dpor-240x140.jpg 240w, https:\/\/www.diarioimagen.net\/wp-content\/uploads\/2020\/09\/CAMACHO7-dpor.jpg 480w\" sizes=\"auto, (max-width: 460px) 100vw, 460px\" \/><\/p>\n<p>&nbsp;<\/p>\n<p><b>Naucalpan, Estado de M\u00e9xico.- <\/b>El gobierno lanz\u00f3 la campa\u00f1a \u201cVive Naucalpan, Viva M\u00e9xico\u201d para reconocer a los hombres y mujeres que participaron en la guerra de Independencia.<\/p>\n<p>A unos d\u00edas de cumplirse 210 a\u00f1os del inicio de la lucha por la Independencia de M\u00e9xico, la presidenta municipal, Patricia Dur\u00e1n Reveles, se\u00f1al\u00f3 que la uni\u00f3n de todos los mexicanos ser\u00e1 una de las claves para salir adelante ante los desaf\u00edos que se nos presentan.<\/p>\n<p>\u201cTenemos ante nosotros la oportunidad de contribuir a la transformaci\u00f3n de M\u00e9xico, con pr\u00e1cticas que abonen al gasto responsable, a la transparencia y la rendici\u00f3n de cuentas. \u201cAl mismo tiempo, enfrentamos desaf\u00edos como la pandemia de coronavirus y su impacto en la econom\u00eda. Solo si nos mantenemos unidos, podremos salir adelante\u201d, indic\u00f3.<\/p>\n","protected":false},"excerpt":{"rendered":"<p>El gobierno lanz\u00f3 la campa\u00f1a \u201cVive Naucalpan, Viva M\u00e9xico\u201d para reconocer a los hombres y mujeres que participaron en la guerra de Independencia.<\/p>\n","protected":false},"author":1,"featured_media":479384,"comment_status":"open","ping_status":"open","sticky":false,"template":"","format":"standard","meta":{"_monsterinsights_skip_tracking":false,"_monsterinsights_sitenote_active":false,"_monsterinsights_sitenote_note":"","_monsterinsights_sitenote_category":0,"footnotes":""},"categories":[5],"tags":[43675,970],"class_list":["post-479383","post","type-post","status-publish","format-standard","has-post-thumbnail","hentry","category-estado-de-mexico","tag-estado-de-mexico","tag-naucalpan"],"_links":{"self":[{"href":"https:\/\/www.diarioimagen.net\/index.php?rest_route=\/wp\/v2\/posts\/479383","targetHints":{"allow":["GET"]}}],"collection":[{"href":"https:\/\/www.diarioimagen.net\/index.php?rest_route=\/wp\/v2\/posts"}],"about":[{"href":"https:\/\/www.diarioimagen.net\/index.php?rest_route=\/wp\/v2\/types\/post"}],"author":[{"embeddable":true,"href":"https:\/\/www.diarioimagen.net\/index.php?rest_route=\/wp\/v2\/users\/1"}],"replies":[{"embeddable":true,"href":"https:\/\/www.diarioimagen.net\/index.php?rest_route=%2Fwp%2Fv2%2Fcomments&post=479383"}],"version-history":[{"count":0,"href":"https:\/\/www.diarioimagen.net\/index.php?rest_route=\/wp\/v2\/posts\/479383\/revisions"}],"wp:featuredmedia":[{"embeddable":true,"href":"https:\/\/www.diarioimagen.net\/index.php?rest_route=\/wp\/v2\/media\/479384"}],"wp:attachment":[{"href":"https:\/\/www.diarioimagen.net\/index.php?rest_route=%2Fwp%2Fv2%2Fmedia&parent=479383"}],"wp:term":[{"taxonomy":"category","embeddable":true,"href":"https:\/\/www.diarioimagen.net\/index.php?rest_route=%2Fwp%2Fv2%2Fcategories&post=479383"},{"taxonomy":"post_tag","embeddable":true,"href":"https:\/\/www.diarioimagen.net\/index.php?rest_route=%2Fwp%2Fv2%2Ftags&post=479383"}],"curies":[{"name":"wp","href":"https:\/\/api.w.org\/{rel}","templated":true}]}}