{"id":479457,"date":"2020-09-07T00:05:25","date_gmt":"2020-09-07T05:05:25","guid":{"rendered":"http:\/\/www.diarioimagen.net\/?p=479457"},"modified":"2020-09-07T01:41:12","modified_gmt":"2020-09-07T06:41:12","slug":"fch-munoz-ledo-la-verdadera-oposicion","status":"publish","type":"post","link":"https:\/\/www.diarioimagen.net\/?p=479457","title":{"rendered":"FCH-Mu\u00f1oz Ledo, la verdadera oposici\u00f3n"},"content":{"rendered":"<h2>Desde el portal<\/h2>\n<h5>\u00c1ngel Soriano<\/h5>\n<p>&nbsp;<\/p>\n<p>El hist\u00f3rico diputado Porfirio Mu\u00f1oz Ledo anunci\u00f3 su intenci\u00f3n de buscar el liderazgo nacional de Morena para acumular tres de los principales partidos pol\u00edticos del pa\u00eds -dos ya en decadencia, PRI y PRD- y participar en la tarea de transformaci\u00f3n que encabeza el presidente Andr\u00e9s Manuel L\u00f3pez Obrador, simult\u00e1neamente a la negativa del registro de M\u00e9xico Libre, del ex presidente Calder\u00f3n.<\/p>\n<p>Como ocurri\u00f3 en el periodo del presidente Echeverr\u00eda, cuando expropi\u00f3 las tierras del ingeniero Manuel J. Clouthier en Sinaloa, el malogrado candidato presidencial exclam\u00f3 en Culiac\u00e1n: No sabe el Presidente que tipo de alacr\u00e1n se ech\u00f3 al pecho. Y, precisamente, con el rechazo a M\u00e9xico Libre, el INE no sabe qu\u00e9 tipo -aunque haiga sido como haiga sido- tipo de alacr\u00e1n incub\u00f3 la IV Transformaci\u00f3n.<\/p>\n<p>Porque la experiencia pol\u00edtica y electoral del ex presidente Calder\u00f3n no es nueva ni carece de ingenio ni imaginaci\u00f3n, ni es tampoco un l\u00edder improvisado. Se trata de un experimentado dirigente social, con amplia formaci\u00f3n intelectual, y, por si fuera poco, ya derrot\u00f3 al hoy presidente en las circunstancias como hayan ocurrido. Ambos se conocen bien y saben en qu\u00e9 terreno act\u00faan.<\/p>\n<p>Mu\u00f1oz Ledo se cuece aparte. Un pol\u00edtico de Estado que acumula vasta experiencia pol\u00edtica, diplom\u00e1tica, intelectual, social, parlamentaria y emoci\u00f3n social. Su cultura pol\u00edtica y liderazgo sin duda se requiere en este momento en el pa\u00eds, por lo que el presidente L\u00f3pez Obrador se enfrentar\u00e1 a dos pesos completos en su tarea hist\u00f3rica y reformadora. El pa\u00eds tendr\u00e1 ya a tres dirigentes en este momento hist\u00f3rico.<\/p>\n<p style=\"text-align: center;\"><strong>TURBULENCIAS<br \/>\nLa vacuna, entre la ciencia y la pol\u00edtica<\/strong><\/p>\n<p>El canciller Marcelo Ebrard afirma que M\u00e9xico tendr\u00e1 acceso a cuando menos una docena de vacunas en tiempo y forma en el concierto internacional y ha anunciado que ser\u00e1n dos mil de\u00a0 nuestros compatriotas en quienes se experimentar\u00e1 la vacuna rusa. En nuestro pa\u00eds, ha precisado el subsecretario Hugo L\u00f3pez-Gatell, es la Secretar\u00eda de Salud la que de la autorizaci\u00f3n para cualquier experimento cl\u00ednico, de cualquier vacuna, pues la canciller\u00eda carece de facultades para ello y, en todo caso, invadir\u00eda funciones\u2026 La Asamblea General de la Asociaci\u00f3n Nacional de Almacenes Fiscalizados, AC, reeligi\u00f3 de forma un\u00e1nime como su presidente para el periodo 2020-2022 a Julio Fernando Smithers Jim\u00e9nez, quien destac\u00f3 entre sus prioridades en la construcci\u00f3n de la nueva terminal de carga del Aeropuerto Internacional Felipe \u00c1ngeles, con el fin de mantener el flujo del comercio exterior. \u201cPara nosotros es muy importante seguir coadyuvando con el gobierno de M\u00e9xico como facilitadores, para hacer que el flujo de mercanc\u00edas a nivel internacional sea \u00e1gil y de esa forma colaborar con esta parte tan importante para nuestro pa\u00eds que es la relaci\u00f3n comercial con el mundo\u201d, destac\u00f3 Smithers Jim\u00e9nez\u2026 El Programa Sembrando Vida llega a 245 mil 550 sembradoras y sembradores que adem\u00e1s de reforestar y hacer productivas sus parcelas, son sujetos activos de cambio en sus comunidades y ayudan a regenerar el tejido social, as\u00ed lo explic\u00f3 el secretario de Bienestar, Javier May Rodr\u00edguez, durante su participaci\u00f3n en el reporte diario de avances de los Programas Integrales de Desarrollo, consider\u00f3 que las comunidades donde opera Sembrando Vida son verdaderos centros de promoci\u00f3n de paz e integraci\u00f3n comunitaria, pues el programa va acompa\u00f1ado de un proyecto socioeducativo a trav\u00e9s de sus m\u00e1s de 13 mil Comunidades de Aprendizaje Campesino (CAC)\u2026 El gobernador Alejandro Murat Hinojosa acompa\u00f1\u00f3 a la secretaria de Cultura federal, Alejandra Frausto Guerrero, en la entrega de 94 instrumentos a 10 agrupaciones musicales de las regiones de la Sierra Norte, Valles Centrales e Istmo de Tehuantepec, la cual da cumplimiento al compromiso del presidente Andr\u00e9s Manuel L\u00f3pez Obrador de dotar con instrumentos a las bandas comunitarias del estado de Oaxaca. En presencia del presidente municipal de este lugar, Le\u00f3n D\u00edaz y del director del Centro de Capacitaci\u00f3n Musical y Desarrollo de la Cultura Mixe (Cecam), Aristeo V\u00e1squez Mart\u00ednez y agradeci\u00f3 el apoyo otorgado por el gobierno de M\u00e9xico a los pueblos originarios de la entidad, quienes son un baluarte fundamental en la preservaci\u00f3n de las costumbres y tradiciones, adem\u00e1s de reconocer su importancia y ponerlos en el centro de los programas de gobierno\u2026<\/p>\n<p><a href=\"mailto:asorianocarrasco@yahoo.com\" target=\"_blank\" rel=\"noopener noreferrer\"><em>asorianocarrasco@yahoo.com<\/em><\/a><br \/>\n<em><a href=\"https:\/\/twitter.com\/brecharevista\" target=\"_blank\" rel=\"noopener noreferrer\">@BrechaRevista<\/a><a href=\"mailto:asorianocarrasco@yahoo.com\" target=\"_blank\" rel=\"noopener noreferrer\"><br \/>\n<\/a><a href=\"https:\/\/revistabrecha.com\" target=\"_blank\" rel=\"noopener noreferrer\">www.revistabrecha.com<\/a><\/em><\/p>\n","protected":false},"excerpt":{"rendered":"<p><span style=\"color: #005497;\"><strong>\u00c1ngel Soriano<\/strong><\/span><\/p>\n","protected":false},"author":3,"featured_media":0,"comment_status":"open","ping_status":"open","sticky":false,"template":"","format":"standard","meta":{"_monsterinsights_skip_tracking":false,"_monsterinsights_sitenote_active":false,"_monsterinsights_sitenote_note":"","_monsterinsights_sitenote_category":0,"footnotes":""},"categories":[135],"tags":[85,86,43674],"class_list":["post-479457","post","type-post","status-publish","format-standard","hentry","category-angel-soriano-opinion","tag-angel-soriano","tag-desde-el-portal","tag-opinion"],"_links":{"self":[{"href":"https:\/\/www.diarioimagen.net\/index.php?rest_route=\/wp\/v2\/posts\/479457","targetHints":{"allow":["GET"]}}],"collection":[{"href":"https:\/\/www.diarioimagen.net\/index.php?rest_route=\/wp\/v2\/posts"}],"about":[{"href":"https:\/\/www.diarioimagen.net\/index.php?rest_route=\/wp\/v2\/types\/post"}],"author":[{"embeddable":true,"href":"https:\/\/www.diarioimagen.net\/index.php?rest_route=\/wp\/v2\/users\/3"}],"replies":[{"embeddable":true,"href":"https:\/\/www.diarioimagen.net\/index.php?rest_route=%2Fwp%2Fv2%2Fcomments&post=479457"}],"version-history":[{"count":0,"href":"https:\/\/www.diarioimagen.net\/index.php?rest_route=\/wp\/v2\/posts\/479457\/revisions"}],"wp:attachment":[{"href":"https:\/\/www.diarioimagen.net\/index.php?rest_route=%2Fwp%2Fv2%2Fmedia&parent=479457"}],"wp:term":[{"taxonomy":"category","embeddable":true,"href":"https:\/\/www.diarioimagen.net\/index.php?rest_route=%2Fwp%2Fv2%2Fcategories&post=479457"},{"taxonomy":"post_tag","embeddable":true,"href":"https:\/\/www.diarioimagen.net\/index.php?rest_route=%2Fwp%2Fv2%2Ftags&post=479457"}],"curies":[{"name":"wp","href":"https:\/\/api.w.org\/{rel}","templated":true}]}}