{"id":479460,"date":"2020-09-07T00:03:29","date_gmt":"2020-09-07T05:03:29","guid":{"rendered":"http:\/\/www.diarioimagen.net\/?p=479460"},"modified":"2020-09-09T00:26:35","modified_gmt":"2020-09-09T05:26:35","slug":"la-arena-del-desierto","status":"publish","type":"post","link":"https:\/\/www.diarioimagen.net\/?p=479460","title":{"rendered":"La arena del desierto"},"content":{"rendered":"<h2>Perfil de M\u00e9xico<\/h2>\n<h5>Armando R\u00edos Ruiz<\/h5>\n<p>&nbsp;<\/p>\n<p>Hace muchos a\u00f1os, el ganador del premio mundial de Econom\u00eda \u2014cuyo nombre no recuerdo\u2014, declar\u00f3 que si el gobierno mexicano administrara el desierto del Sahara, en un a\u00f1o estar\u00eda importando arena. A\u00fan no entraba siquiera en el sue\u00f1o del actual Presidente llegar a ese pelda\u00f1o pol\u00edtico. Por tanto, no imaginaba que un d\u00eda se convertir\u00eda en el destructor de todo un pa\u00eds.<\/p>\n<p>En 2018, cuando el tabasque\u00f1o habl\u00f3 de su proyecto J\u00f3venes Construyendo el Futuro, dijo que destinar\u00eda 110 mil millones de pesos para ese gremio, de entre 18 y 29 a\u00f1os, para contener, entre otros problemas, el de inseguridad y delincuencia, que a dos a\u00f1os de iniciada la actual administraci\u00f3n, ha tenido los resultados m\u00e1s negativos y desastrosos que alguien hubiera imaginado.<\/p>\n<p>Adem\u00e1s, ning\u00fan mexicano sensato, pensante, crey\u00f3 que ese fuera el prop\u00f3sito real, sino el de comprar los votos m\u00e1s caros de la historia de M\u00e9xico, abonando en la conciencia de quienes reciben, un agradecimiento forzado, para depositar sufragios a su favor cada vez que fuesen requeridos.<\/p>\n<p>Es decir, pens\u00f3 en un gasto superior a los 100 mil millones de pesos para lograr sus prop\u00f3sitos pol\u00edticos o ahora s\u00ed, su sue\u00f1o muy mexicano, pero no siquiera inspirado en sus propias concepciones y ambiciones, sino copiado a los mandatarios venezolanos, burdos, avariciosos, abusivos y arbitrarios.<\/p>\n<p>Dijo aquella ocasi\u00f3n que eso ayudar\u00eda a que exista paz y tranquilidad. \u201cSi se procura que haya crecimiento econ\u00f3mico, si tenemos empleos, si se atiende a los j\u00f3venes, si hay bienestar, se controla el problema de la inseguridad y la violencia\u201d. Pero ya no hay arena y el panorama econ\u00f3mico empeor\u00f3 con la pandemia.<\/p>\n<p>El c\u00e1lculo del mandatario fue superado por el de la Organizaci\u00f3n para la Cooperaci\u00f3n y Desarrollo Econ\u00f3micos (OCDE), que estim\u00f3 el mismo gasto en 0.9 por ciento del Producto Interno Bruto, que estimado en pesos, alcanza la cifra de casi 200 mil millones de pesos cada a\u00f1o.<\/p>\n<p>Seguramente vale la pena la inversi\u00f3n, si asegura una estancia en la presidencia indefinida y con posibilidades de heredar el cargo a familiares o a los amigos que garanticen futuro c\u00f3modo y cuidado extremo a los mismos.<\/p>\n<p>S\u00f3lo que para los dem\u00e1s mexicanos significa continuar inmersos en la pobreza cada d\u00eda m\u00e1s acentuada. Por lo mismo, acicateados por todos los jinetes del mal. Sabemos hasta por experiencia, que a falta de numerario, incremento del delito, porque es la \u00fanica salida para la obtenci\u00f3n de satisfactores. De ah\u00ed que el razonamiento del Presidente no tiene l\u00f3gica.<\/p>\n<p>Pero al gasto anterior hay que agregarle el del pago a los adultos mayores cada dos meses, de poco m\u00e1s de 2,500 pesos que, multiplicados por m\u00e1s de ocho millones, arroja una cifra superior a los 20 mil millones de pesos por bimestre. Esto, sin tomar en cuenta muchos otros gastos, que llevan al verdadero desfiladero a M\u00e9xico.<\/p>\n<p>Por si fuera poco, hay que tomar en cuenta que para contribuir a la disminuci\u00f3n del crimen se necesitan otros recursos, como una mejor educaci\u00f3n a partir del hogar, que requiere de un conocimiento extraordinario de los padres o por lo menos, de una inteligencia equilibrada o de una intuici\u00f3n bien orientada.<\/p>\n<p>Tambi\u00e9n de una educaci\u00f3n en las escuelas, que hoy dista de ser aceptable. La reforma educativa del gobierno es considerada por los conocedores como \u201cuna propuesta pobre, mal escrita, mal fundada, con errores de sintaxis y fallas imperdonables\u201d.<\/p>\n<p>En la apreciaci\u00f3n de Manuel Gil Ant\u00f3n, investigador de El Colegio de M\u00e9xico, aboli\u00f3 las evaluaciones a los docentes que determinaban su permanencia en el magisterio, pero mantiene la estructura de la reforma anterior y sustituye a dos organismos clave de la reforma de Pe\u00f1a Nieto\u00a0\u201cpor otros con distinto nombre, pero con funciones semejantes\u201d.<\/p>\n<p>A\u00fan hay m\u00e1s rubros a considerar, para alcanzar los logros que el Presidente quiere, repartiendo el dinero que piensa es de \u00e9l, no del pueblo.<\/p>\n<p><a href=\"mailto:ariosruiz@gmail.com\" target=\"_blank\" rel=\"noopener noreferrer\"><em>ariosruiz@gmail.com<\/em><\/a><\/p>\n","protected":false},"excerpt":{"rendered":"<p><span style=\"color: #005497;\"><strong>Armando R\u00edos Ruiz<\/strong><\/span><\/p>\n","protected":false},"author":3,"featured_media":0,"comment_status":"open","ping_status":"open","sticky":false,"template":"","format":"standard","meta":{"_monsterinsights_skip_tracking":false,"_monsterinsights_sitenote_active":false,"_monsterinsights_sitenote_note":"","_monsterinsights_sitenote_category":0,"footnotes":""},"categories":[88405],"tags":[88407,43674,91193],"class_list":["post-479460","post","type-post","status-publish","format-standard","hentry","category-armando-rios-ruiz","tag-armando-rios-ruiz","tag-opinion","tag-perfil-de-mexico"],"_links":{"self":[{"href":"https:\/\/www.diarioimagen.net\/index.php?rest_route=\/wp\/v2\/posts\/479460","targetHints":{"allow":["GET"]}}],"collection":[{"href":"https:\/\/www.diarioimagen.net\/index.php?rest_route=\/wp\/v2\/posts"}],"about":[{"href":"https:\/\/www.diarioimagen.net\/index.php?rest_route=\/wp\/v2\/types\/post"}],"author":[{"embeddable":true,"href":"https:\/\/www.diarioimagen.net\/index.php?rest_route=\/wp\/v2\/users\/3"}],"replies":[{"embeddable":true,"href":"https:\/\/www.diarioimagen.net\/index.php?rest_route=%2Fwp%2Fv2%2Fcomments&post=479460"}],"version-history":[{"count":0,"href":"https:\/\/www.diarioimagen.net\/index.php?rest_route=\/wp\/v2\/posts\/479460\/revisions"}],"wp:attachment":[{"href":"https:\/\/www.diarioimagen.net\/index.php?rest_route=%2Fwp%2Fv2%2Fmedia&parent=479460"}],"wp:term":[{"taxonomy":"category","embeddable":true,"href":"https:\/\/www.diarioimagen.net\/index.php?rest_route=%2Fwp%2Fv2%2Fcategories&post=479460"},{"taxonomy":"post_tag","embeddable":true,"href":"https:\/\/www.diarioimagen.net\/index.php?rest_route=%2Fwp%2Fv2%2Ftags&post=479460"}],"curies":[{"name":"wp","href":"https:\/\/api.w.org\/{rel}","templated":true}]}}