{"id":479463,"date":"2020-09-07T00:04:46","date_gmt":"2020-09-07T05:04:46","guid":{"rendered":"http:\/\/www.diarioimagen.net\/?p=479463"},"modified":"2020-09-07T01:48:06","modified_gmt":"2020-09-07T06:48:06","slug":"mexico-libre-sin-premio","status":"publish","type":"post","link":"https:\/\/www.diarioimagen.net\/?p=479463","title":{"rendered":"M\u00e9xico Libre, sin premio"},"content":{"rendered":"<h2>Punto por punto<\/h2>\n<h5>Augusto Corro<\/h5>\n<p>&nbsp;<\/p>\n<p>El Instituto Nacional Electoral (INE) le neg\u00f3 el registro como partido pol\u00edtico a la organizaci\u00f3n Libertad y Responsabilidad Democr\u00e1tica A. C. (M\u00e9xico Libre), propiedad del ex presidente Felipe Calder\u00f3n y su esposa, Margarita Zavala. La decisi\u00f3n de las autoridades laborales evit\u00f3 con esta decisi\u00f3n limpiar a la pol\u00edtica de personajes, cuya ambici\u00f3n por el poder pol\u00edtica es desmedida. Felipe del Sagrado Coraz\u00f3n de Jes\u00fas Calder\u00f3n ya tuvo la oportunidad de gobernar M\u00e9xico y lo que hizo fue sembrar de muerte, terror y luto al pa\u00eds. No conforme con sus errores monumentales, opt\u00f3 por continuar en la pol\u00edtica, que le result\u00f3 contraproducente.<\/p>\n<p>En lugar de retirarse a reflexionar sobre el da\u00f1o que provoc\u00f3 su guerra fallida contra la delincuencia organizada, decidi\u00f3, junto con su mujer, tener su propio partido, no obstante que su carrera pol\u00edtica siempre estuvo marcada por el fraude, la demagogia y la ineptitud. Por ejemplo, gan\u00f3 la Presidencia de la Rep\u00fablica a la mala. Cobijado por su amigo Vicente Fox, Calder\u00f3n no tuvo empacho alguno en ganar con trampas la silla presidencial. Ya en el poder y para justificar su \u201clegitimidad\u201d de un triunfo que no tuvo, opt\u00f3 por enfrentarse a los c\u00e1rteles de la droga. Los resultados de esa aventura todo mundo la conoce.<\/p>\n<p>Esa desafortunada determinaci\u00f3n tiene al ex presidente con la angustia de que las autoridades de Estados Unidos lo llamen a responder ante un juez que fue lo ocurri\u00f3 durante su mandato en materia de lucha contra el narcotr\u00e1fico, pues su brazo derecho en materia de Seguridad, Genaro Garc\u00eda Luna, (o mejor dicho, su mano negra) est\u00e1 preso en una c\u00e1rcel neoyorquina, acusado de varios delitos entre otros el de recibir sobornos millonarios en d\u00f3lares para proteger al C\u00e1rtel de Sinaloa, de Joaqu\u00edn \u201cEl Chapo\u201d Guzm\u00e1n, sentenciado a cada perpetua en el vecino pa\u00eds.<\/p>\n<p>La interrogante es obvia: \u00bfC\u00f3mo es posible que el Presidente de M\u00e9xico no supo que su colaborador principal trabajaba en contubernio con una de las organizaciones criminales m\u00e1s importantes de M\u00e9xico? Es seguro que Garc\u00eda Luna tendr\u00e1 que dar una explicaci\u00f3n amplia del asunto al juez. A ra\u00edz de ese enfrentamiento cruento en varias partes del territorio se destruy\u00f3 el tejido social la estructura del gobierno.\u00a0 A la fecha, son innumerables los territorios donde los narcos son la autoridad. La opini\u00f3n p\u00fablica est\u00e1 pendiente de las declaraciones del secretario de Seguridad Garc\u00eda Luna que es posible que involucre a su jefe, quien deber\u00e1 aclarar su silencio ante la conducta criminal de su subordinado.<\/p>\n<p>La historia criminal de Calder\u00f3n tiene varios \u00e1ngulos, algunos de estos tendr\u00e1n que tratarse a fondo; por ejemplo, las denuncias contra el ex presidente y su gabinete de Seguridad en la Corte Internacional de Justicia de la Haya, en las que se se\u00f1alan m\u00faltiples delitos como torturas para lograr autoinculpaciones, desapariciones forzadas, esclavizaci\u00f3n de migrantes por parte de funcionarios coludidos con el narcotr\u00e1fico, etc\u00e9tera. Tambi\u00e9n est\u00e1 pendiente el esc\u00e1ndalo por el operativo \u201cR\u00e1pido y Furioso\u201d que dot\u00f3 de armas provenientes de Estados Unidos al C\u00e1rtel de Sinaloa. Calder\u00f3n debe dar una amplia respuesta del contrabando de armas. Durante el sexenio del entonces presidente panista se registraron masacres como la de San Fernando, Tamaulipas y la de Allende Coahuila; as\u00ed como los asesinatos de los estudiantes del Tecnol\u00f3gico de Monterrey, en el que participaron fuerzas federales. Los j\u00f3venes fueron confundidos con narcotraficantes.<\/p>\n<p>Calder\u00f3n tiene suficientes acusaciones para que un juez lo mande a prisi\u00f3n. Sin embargo, sus ambiciones pol\u00edticas lo inclinan a buscar el poder que da el fuero para evitar que lo alcance del brazo de la justicia; y qu\u00e9 mejor condici\u00f3n que la de ser due\u00f1o de una instituci\u00f3n\u00a0 pol\u00edtica para convertirse en intocable, para de ah\u00ed obtener despu\u00e9s el anhelado fuero; pero\u00a0 los Calder\u00f3n-Zavala esta vez no lograron que sus triqui\u00f1uelas y fraudes les funcionaran. El INE rechaz\u00f3 su registro como partido por irregularidades en su financiamiento. Concretamente, la organizaci\u00f3n mencionada recibi\u00f3 aportaciones por un monto de un mill\u00f3n 60 mil pesos hechas mediante el dispositivo clip, no permitido por las leyes electorales. Por est\u00e1 ilegalidad los esposos Calder\u00f3n-Zavala fueron multados, con anticipaci\u00f3n. La se\u00f1ora Zavala dijo que impugnar\u00e1n \u201cde inmediato\u201d la decisi\u00f3n del INE ante el Tribunal Electoral del Poder Judicial de la Federaci\u00f3n. \u00bfUsted qu\u00e9 opina amable lector?<\/p>\n<p><a href=\"mailto:aco2742@hotmail.com\" target=\"_blank\" rel=\"noopener noreferrer\"><em>aco2742@hotmail.com<\/em><\/a><\/p>\n","protected":false},"excerpt":{"rendered":"<p><span style=\"color: #005497;\"><strong>Augusto Corro<\/strong><\/span><\/p>\n","protected":false},"author":3,"featured_media":0,"comment_status":"open","ping_status":"open","sticky":false,"template":"","format":"standard","meta":{"_monsterinsights_skip_tracking":false,"_monsterinsights_sitenote_active":false,"_monsterinsights_sitenote_note":"","_monsterinsights_sitenote_category":0,"footnotes":""},"categories":[157],"tags":[43686,43674,11515],"class_list":["post-479463","post","type-post","status-publish","format-standard","hentry","category-augusto-corro","tag-augusto-corro","tag-opinion","tag-punto-por-punto"],"_links":{"self":[{"href":"https:\/\/www.diarioimagen.net\/index.php?rest_route=\/wp\/v2\/posts\/479463","targetHints":{"allow":["GET"]}}],"collection":[{"href":"https:\/\/www.diarioimagen.net\/index.php?rest_route=\/wp\/v2\/posts"}],"about":[{"href":"https:\/\/www.diarioimagen.net\/index.php?rest_route=\/wp\/v2\/types\/post"}],"author":[{"embeddable":true,"href":"https:\/\/www.diarioimagen.net\/index.php?rest_route=\/wp\/v2\/users\/3"}],"replies":[{"embeddable":true,"href":"https:\/\/www.diarioimagen.net\/index.php?rest_route=%2Fwp%2Fv2%2Fcomments&post=479463"}],"version-history":[{"count":0,"href":"https:\/\/www.diarioimagen.net\/index.php?rest_route=\/wp\/v2\/posts\/479463\/revisions"}],"wp:attachment":[{"href":"https:\/\/www.diarioimagen.net\/index.php?rest_route=%2Fwp%2Fv2%2Fmedia&parent=479463"}],"wp:term":[{"taxonomy":"category","embeddable":true,"href":"https:\/\/www.diarioimagen.net\/index.php?rest_route=%2Fwp%2Fv2%2Fcategories&post=479463"},{"taxonomy":"post_tag","embeddable":true,"href":"https:\/\/www.diarioimagen.net\/index.php?rest_route=%2Fwp%2Fv2%2Ftags&post=479463"}],"curies":[{"name":"wp","href":"https:\/\/api.w.org\/{rel}","templated":true}]}}