{"id":479983,"date":"2020-09-11T00:02:52","date_gmt":"2020-09-11T05:02:52","guid":{"rendered":"https:\/\/www.diarioimagen.net\/?p=479983"},"modified":"2020-09-11T05:39:16","modified_gmt":"2020-09-11T10:39:16","slug":"mario-delgado-candidato-ideal-para-presidir-morena","status":"publish","type":"post","link":"https:\/\/www.diarioimagen.net\/?p=479983","title":{"rendered":"Mario Delgado, candidato ideal para presidir Morena"},"content":{"rendered":"<h2>La Retaguardia<\/h2>\n<h5>Adriana Moreno Cordero<\/h5>\n<p>&nbsp;<\/p>\n<ul>\n<li><strong><em>Reaparece Rosario Piedra Ibarra; senadores le piden renunciar<\/em><\/strong><\/li>\n<\/ul>\n<p>&nbsp;<\/p>\n<p>Concluye la semana y en lo que respecta al proceso de selecci\u00f3n de quien ser\u00e1 el nuevo dirigente de Morena, en ese instituto pol\u00edtico cada vez es m\u00e1s claro qui\u00e9n va a la delantera para quedarse con la presidencia nacional.\u00a0\u00a0Se trata del senador <strong>Mario Mart\u00edn Delgado<\/strong>, quien es respaldado no solo por la fracci\u00f3n parlamentaria de ese instituto pol\u00edtico en el Senado de la Rep\u00fablica, cuyo coordinador es <strong>Ricardo Monreal \u00c1vila<\/strong>, sino tambi\u00e9n por la bancada de su partido en la C\u00e1mara de Diputados; ambos grupos de legisladores le hicieron patente su apoyo que igualmente le han manifestado otros importantes comit\u00e9s partidistas.<\/p>\n<p>Sin duda, el proyecto que enarbola el diputado Delgado para dirigir a Morena convence, porque se suma a la transformaci\u00f3n planteada por el presidente <strong>Andr\u00e9s Manuel L\u00f3pez Obrador<\/strong> y, adem\u00e1s, garantiza la construcci\u00f3n de unidad en el partido Morena.<\/p>\n<p>Asimismo, han surgido encuestas que colocan al tambi\u00e9n presidente de la Junta de Coordinaci\u00f3n Pol\u00edtica en el Palacio Legislativo de San L\u00e1zaro, como favorito, pues se lleva alrededor de 7 puntos sobre sus principales contrincantes, que son, <strong>Porfirio Mu\u00f1oz Ledo<\/strong> y <strong>Yeidckol Polevnsky<\/strong>.<\/p>\n<p>No hay duda de que el diputado Delgado cuenta con el apoyo de la bancada mayoritaria del Congreso de la Uni\u00f3n. Por ejemplo, la senadora <strong>Luc\u00eda Meza<\/strong> se\u00f1al\u00f3 que \u201cun liderazgo, como el de Mario Delgado, es el que se requiere para que Morena enfrente con \u00e9xito el proceso electoral de 2021, que ser\u00e1 uno de los procesos m\u00e1s competidos de la historia y en el que estar\u00e1n en juego 15 gubernaturas y la renovaci\u00f3n de la C\u00e1mara de Diputados\u201d.<\/p>\n<p>En base a lo anterior, es posible concluir que Mario Delgado es el candidato ideal para encabezar a Morena, sobre todo en los pr\u00f3ximos tiempos electorales que se avecinan y son las elecciones m\u00e1s importantes, las de 2021, donde dicho instituto pol\u00edtico tendr\u00eda que reiterar su fortaleza. Sin duda, el diputado Delgado cuenta con la reputaci\u00f3n y el liderazgo que necesita el presidente del partido m\u00e1s importante del M\u00e9xico actual y ello est\u00e1 por demostrarse.<\/p>\n<p>Sobre el diputado <strong>Porfirio Mu\u00f1oz Ledo<\/strong>, hay que subrayar que ya no estar\u00eda en edad para andar en esas danzas y mal parado queda con la compa\u00f1era de f\u00f3rmula que escogi\u00f3, la senadora <strong>Citlali Hern\u00e1ndez<\/strong>, que de entrada, carece de la experiencia requerida para esas lides, o sea, le queda muy grande la aspiraci\u00f3n, adem\u00e1s de que nadie la conoce, s\u00f3lo por el grado de beligerancia que es capaz de desplegar en la c\u00e1mara alta.<\/p>\n<p>Por la misma situaci\u00f3n anda <strong>Gibr\u00e1n Ram\u00edrez<\/strong>, que ya se siente con un pie en la dirigencia morenista y eso es un ejercicio de soberbia. Ni qu\u00e9 decir de <strong>Antonio Attolini<\/strong>, conocido por ser muy oportunista.<\/p>\n<p>Otro de los temas de la semana fue la toma de las instalaciones de la Comisi\u00f3n Nacional de los Derechos Humanos por un grupo de mujeres que no han recibido la m\u00e1s m\u00ednima atenci\u00f3n en sus casos, ante lo cual, la a\u00fan presidenta de dicha Comisi\u00f3n, <strong>Rosario Piedra<\/strong>, muy al estilo del l\u00f3pezobradorismo, se lava las manos y dice que este conflicto viene del tempo de los neoliberales.<\/p>\n<p>En este espacio se consign\u00f3 en anterior entrega que como dice un refr\u00e1n cl\u00e1sico: \u201clo que mal empieza, mal acaba\u201d y as\u00ed, en esos deteriorados t\u00e9rminos lleg\u00f3 la se\u00f1ora Piedra Ibarra a la presidencia de la CNDH. Ante la ausencia y la distancia que puso con las quejosas, en el Senado de la Rep\u00fablica, la oposici\u00f3n plante\u00f3 un Punto de Acuerdo para que compareciera y finalmente ayer, Piedra Ibarra se apareci\u00f3 por la c\u00e1mara de senadores, donde se reuni\u00f3 con integrantes de la Comisi\u00f3n de Derechos Humanos de esa instancia legislativa, que preside la senadora panista, <strong>Kenia L\u00f3pez Rabad\u00e1n<\/strong>.<\/p>\n<p>La a\u00fan presidenta de la CNDH fue sometida a alrededor de 30 -muchos de ellos- duros cuestionamientos y de parte de la oposici\u00f3n le pidieron \u201cque se aclimate o se aclimuera\u201d, como dice otro refr\u00e1n que puede traducirse en que atienda el cargo para el que fue designada o de plano, que mejor renuncie.<\/p>\n<p>Acertada fue L\u00f3pez Rabad\u00e1n al se\u00f1alar que no se puede dirigir a la CNDH por afectos y lealtades al gobierno y destac\u00f3 que Rosario Piedra, \u201cempez\u00f3 tan mal, pues evidentemente contin\u00faa en un escenario tan lamentable\u2026 no solamente estamos hablando de un tema administrativo, sino de un tema de no respuesta a las v\u00edctimas de este pa\u00eds. Definitivo, la se\u00f1ora Piedra, adem\u00e1s de ser \u201cuna Piedra en el zapato\u201d, est\u00e1 muy lejos de dar el ancho en la encomienda que a\u00fan tiene, as\u00ed que habr\u00e1 que estar atentos porque de un momento a otro, se puede ir defintivamente. \u00bfSer\u00e1?<\/p>\n<p style=\"text-align: center;\"><strong>Municiones<\/strong><\/p>\n<p>*** En el marco de la conferencia virtual, \u201cLa importancia de la salud gastrointestinal en tiempos de Covid-19\u201d, el doctor <strong>H\u00e9ctor Ra\u00fal P\u00e9rez G\u00f3mez<\/strong>, m\u00e9dico especialista en infectolog\u00eda y miembro del\u00a0 Sistema Nacional de Investigadores, Nivel I, explic\u00f3 que, \u201cla mucosa de nuestro intestino, es el lugar donde las bacterias, de todo tipo, se establecen y son absorbidas hacia el torrente sangu\u00edneo. El intestino constituye la primera l\u00ednea de batalla de nuestros sistema inmunitario, pues ambos sistemas -el digestivo y el inmunol\u00f3gico- est\u00e1n \u00edntimamente ligados\u201d. Para reestablecer la buena funci\u00f3n de la microbiota, hay que tener una alimentaci\u00f3n bien balanceada; no tener el h\u00e1bito del tabaquismo y no consumir indiscriminadamente y sin asesor\u00eda m\u00e9dica antibi\u00f3ticos, medicamentos antiinflamatorios no esteroideos (AINEs), porque ello debilita las c\u00e9lulas intestinales produciendo alteraciones en el delicado ecosistema de nuestra microbiota. Una alternativa son los diferentes tratamientos como algunos antibi\u00f3ticos, probi\u00f3ticos, prebi\u00f3ticos y el trasplante de materia fecal. Uno de los m\u00e1s usados, son los simbi\u00f3ticos: aquellos que combinan probi\u00f3ticos con prebi\u00f3ticos. De acuerdo con la OMS, un probi\u00f3tico\u00a0 es un microorganismo vivo que, consumido en cantidades adecuadas,\u00a0 produce\u00a0 un\u00a0 efecto\u00a0 beneficioso\u00a0 para\u00a0 la\u00a0 salud,\u00a0 m\u00e1s\u00a0 all\u00e1\u00a0 del\u00a0 simple\u00a0 efecto nutritivo. El doctor P\u00e9rez G\u00f3mez concluye que este tratamiento, \u201cpuede lograr una mejor respuesta de la digesti\u00f3n de manera m\u00e1s natural, segura y menos invasiva, pues los probi\u00f3ticos no est\u00e1n asociados a efectos adversos, lo que garantiza su seguridad\u201d.<\/p>\n<p>*** <strong>Carlos Mendoza Davis<\/strong>, gobernador de Baja California Sur; <strong>Carlos Joaqu\u00edn Gonz\u00e1lez<\/strong>, de Quintana Roo; <strong>Francisco Dom\u00ednguez Servi\u00e9n<\/strong>, de Quer\u00e9taro y <strong>Mauricio Vila Doval<\/strong>, de Yucat\u00e1n, son los mandatarios estatales que decidieron permanecer en la Conago y no formar parte de la Alianza Federalista. Pues ayer, la Conferencia Nacional de Gobernadores sostuvo una reuni\u00f3n con la secretaria de Gobernaci\u00f3n, <strong>Olga S\u00e1nchez Cordero<\/strong> en donde se abord\u00f3 el tema de la salud, especialmente la pandemia de Covid-19 y la importancia de emprender vacuna contra la influenza para alrededor de\u00a0 36.5 millones de personas en el pa\u00eds, para que la influenza no se empate con la pandemia de coronavirus.<\/p>\n<p><u><a href=\"mailto:morcora@gmail.com\" target=\"_blank\" rel=\"noopener noreferrer\"><em>morcora@gmail.com<\/em><\/a><\/u><\/p>\n","protected":false},"excerpt":{"rendered":"<p><span style=\"color: #005497;\"><strong>Adriana Moreno Cordero<\/strong><\/span><\/p>\n","protected":false},"author":3,"featured_media":0,"comment_status":"open","ping_status":"open","sticky":false,"template":"","format":"standard","meta":{"_monsterinsights_skip_tracking":false,"_monsterinsights_sitenote_active":false,"_monsterinsights_sitenote_note":"","_monsterinsights_sitenote_category":0,"footnotes":""},"categories":[69370],"tags":[69369,69368],"class_list":["post-479983","post","type-post","status-publish","format-standard","hentry","category-adriana-moreno-cordero","tag-adriana-moreno-cordero","tag-la-retaguardia"],"_links":{"self":[{"href":"https:\/\/www.diarioimagen.net\/index.php?rest_route=\/wp\/v2\/posts\/479983","targetHints":{"allow":["GET"]}}],"collection":[{"href":"https:\/\/www.diarioimagen.net\/index.php?rest_route=\/wp\/v2\/posts"}],"about":[{"href":"https:\/\/www.diarioimagen.net\/index.php?rest_route=\/wp\/v2\/types\/post"}],"author":[{"embeddable":true,"href":"https:\/\/www.diarioimagen.net\/index.php?rest_route=\/wp\/v2\/users\/3"}],"replies":[{"embeddable":true,"href":"https:\/\/www.diarioimagen.net\/index.php?rest_route=%2Fwp%2Fv2%2Fcomments&post=479983"}],"version-history":[{"count":0,"href":"https:\/\/www.diarioimagen.net\/index.php?rest_route=\/wp\/v2\/posts\/479983\/revisions"}],"wp:attachment":[{"href":"https:\/\/www.diarioimagen.net\/index.php?rest_route=%2Fwp%2Fv2%2Fmedia&parent=479983"}],"wp:term":[{"taxonomy":"category","embeddable":true,"href":"https:\/\/www.diarioimagen.net\/index.php?rest_route=%2Fwp%2Fv2%2Fcategories&post=479983"},{"taxonomy":"post_tag","embeddable":true,"href":"https:\/\/www.diarioimagen.net\/index.php?rest_route=%2Fwp%2Fv2%2Ftags&post=479983"}],"curies":[{"name":"wp","href":"https:\/\/api.w.org\/{rel}","templated":true}]}}