{"id":480012,"date":"2020-09-11T00:00:07","date_gmt":"2020-09-11T05:00:07","guid":{"rendered":"https:\/\/www.diarioimagen.net\/?p=480012"},"modified":"2020-09-11T06:13:11","modified_gmt":"2020-09-11T11:13:11","slug":"derrama-de-429-8-mdd-por-turistas-internacionales-en-julio","status":"publish","type":"post","link":"https:\/\/www.diarioimagen.net\/?p=480012","title":{"rendered":"Derrama de 429.8 mdd por turistas internacionales en julio"},"content":{"rendered":"<h2>Hora 14\u201d<\/h2>\n<h5>Mauricio Conde Olivares<\/h5>\n<p>&nbsp;<\/p>\n<p>El Instituto Nacional de Estad\u00edstica y Geograf\u00eda (INEGI) present\u00f3 los resultados de las Encuestas de Viajeros Internacionales (EVI) -Encuesta de Turismo de Internaci\u00f3n (ETI) y Encuesta de Viajeros Fronterizos (EVF)-, las cuales tienen la finalidad de dar a conocer el n\u00famero de visitantes internacionales que ingresaron y salieron del pa\u00eds, as\u00ed como los gastos realizados por \u00e9stos.<\/p>\n<p>Seg\u00fan los datos oficiales, durante julio de 2020 ingresaron al pa\u00eds 2 millones 854 mil 945 visitantes, de los cuales 1 mill\u00f3n 390 mil 209 fueron turistas internacionales.<\/p>\n<p>El ingreso de divisas referente al gasto total de los visitantes internacionales report\u00f3 un monto de 490.4 millones de d\u00f3lares, lo que signific\u00f3 una variaci\u00f3n anual de (-)77.4 por ciento.<\/p>\n<p>Las divisas que egresaron del pa\u00eds por concepto de visitantes internacionales fueron de 168.2 millones de d\u00f3lares, lo que represent\u00f3 una ca\u00edda anual de (-)82.4% en julio de este a\u00f1o.<\/p>\n<p>El gasto medio realizado por los turistas de internaci\u00f3n que ingresaron v\u00eda a\u00e9rea fue de 948.49 d\u00f3lares, con un decremento de (-)5.2% respecto al s\u00e9ptimo mes de 2019.<\/p>\n<p>Del total de turistas de internaci\u00f3n que ingresaron al pa\u00eds durante el s\u00e9ptimo mes del a\u00f1o en curso, 60.8% correspondi\u00f3 a turistas por v\u00eda a\u00e9rea y el restante 39.2% a turistas por v\u00eda terrestre.<\/p>\n<p>En el mes en cuesti\u00f3n, el ingreso de divisas por concepto de turistas internacionales alcanz\u00f3 428.9 millones de d\u00f3lares, de los cuales el 90.7% se deriv\u00f3 de los turistas de internaci\u00f3n y el 9.3% de los turistas fronterizos. Con relaci\u00f3n a los primeros, destaca el monto de las divisas reportadas por los turistas que ingresaron por v\u00eda a\u00e9rea, con 306.1 millones de d\u00f3lares.<\/p>\n<p>Tambi\u00e9n le comento que en el marco de la reactivaci\u00f3n econ\u00f3mica de Canc\u00fan y luego que Aerom\u00e9xicorecibi\u00f3 los primeros 100 millones de d\u00f3lares del financiamiento preferencial por mil millones de d\u00f3lares otorgado por Apollo Global Management, ayer fue inaugurada la nueva ruta a\u00e9rea desde Guadalajara hacia Canc\u00fan con 7 frecuencias semanales de Aerom\u00e9xico.<\/p>\n<p>Luego de que dos carros de bomberos rociar\u00e1n con un arco de agua al avi\u00f3n de Aerom\u00e9xico se incorpor\u00f3 esta nueva ruta que conectar\u00e1 a Canc\u00fan con sus tres hubs principales: Ciudad de M\u00e9xico, Monterrey y Guadalajara.Los primeros pasajeros partieron de este destino tur\u00edstico en punto de las 11:40 horas.<\/p>\n<p>Esta terminal a\u00e9rea es administrada por el Grupo Aeroportuario del Sureste (ASUR), cuyos datos revelan que en lo que va del presente a\u00f1o se han perdido 10 millones de pasajeros, respecto al mismo lapso de 2019.<\/p>\n<p>Fueron 7 millones de pasajeros internacionales menos y 3 millones de pasajeros nacionales tambi\u00e9n menos; estos \u00faltimos fueron 6 millones el a\u00f1o pasado y en los 8 primeros meses del presente a\u00f1o fueron 4.7millones de pasajeros internacionales cuando en el mismo periodo del a\u00f1o anterior sumaron 11.8 millones.<\/p>\n<p>De esta forma, Asur cerr\u00f3 agosto con una ca\u00edda de 55.8% en su tr\u00e1fico global de pasajeros en M\u00e9xico, dentro de lo cual el Aeropuerto Internacional de Canc\u00fan (AIC) report\u00f3 una reducci\u00f3n de 56.8%, con lo cual acumula una disminuci\u00f3n de 56.8% en lo que va del a\u00f1o.<\/p>\n<p>La buena noticia es que el rubro de pasajeros internacionales ha comenzado a rebasar al turismo nacional.<\/p>\n<p>Otra buena noticia en Quintana Roo es que despu\u00e9s de casi cinco meses que permanecieron cerradas, el pr\u00f3ximo 14 de septiembre reabrir\u00e1n las primeras cuatro zonas arqueol\u00f3gicas de Quintana Roo: Tulum, Cob\u00e1, Muyil y San Gervasio, que son las m\u00e1s visitadas, anunci\u00f3 Margarito Molina Rend\u00f3n, delegado del Instituto Nacional de Antropolog\u00eda e Historia (INAH).<\/p>\n<p>Adem\u00e1s, teniendo la expectativa de que el Tren Maya detonar\u00e1 una inversi\u00f3n de 17 mil millones de pesos en Quintana Roo, la Asociaci\u00f3n Mexicana de Profesionales Inmobiliarios (AMPI) Secci\u00f3n Canc\u00fan prev\u00e9 que al 2030 el Caribe Mexicano pr\u00e1cticamente duplicar\u00e1 su n\u00famero de hoteles, habitaciones y habitantes, lo cual le permitir\u00e1 captar 33.5 millones de turistas y una derrama econ\u00f3mica anual de 21 mil 900 millones de d\u00f3lares.<\/p>\n<p>Con este panorama se estima que en 2021 Quintana Roo registrar\u00eda una reducci\u00f3n de 3.81% en los subsidios, aportaciones y participaciones federales, lo cual representa 988.65 millones de pesos menos, de acuerdo con la propuesta del Presupuesto de Egresos de la Federaci\u00f3n (PEF) presentada por el Gobierno de M\u00e9xico, que prev\u00e9 tambi\u00e9n un presupuesto superior a 36 mil 288 millones para el proyecto del Tren Maya y m\u00e1s de 222 millones para el mantenimiento del CIP y el Proyecto Tur\u00edstico Integral (PTI) Caribe.<\/p>\n<p>El gobierno federal contempla gastar en Quintana Roo hasta 31 mil 459 millones de pesos para el Ejercicio Fiscal 2021, un incremento de poco m\u00e1s de cuatro mil millones con respecto a lo destinado para este a\u00f1o.<\/p>\n<p>De acuerdo con el Proyecto de Presupuesto de Egresos 2021 enviado a la C\u00e1mara de Diputados, el incremento de 14.8% es uno de los m\u00e1s altos del pa\u00eds, por lo que habr\u00e1 repercusi\u00f3n en el cobro de derechos.<\/p>\n<p>Adem\u00e1s, la Asociaci\u00f3n Mexicana de Profesionales Inmobiliarios (AMPI) -Secci\u00f3n Canc\u00fan- prev\u00e9 que al 2030 el Caribe Mexicano pr\u00e1cticamente duplicar\u00e1 su n\u00famero de hoteles, habitaciones y habitantes, lo cual le permitir\u00e1 captar 33.5 millones de turistas y una derrama econ\u00f3mica anual de 21 mil 900 millones de d\u00f3lares, esto ante la expectativa de que el Tren Maya detonar\u00e1 una inversi\u00f3n de 17 mil millones de pesos en Quintana Roo.<\/p>\n<p>En el marco del Foro Nuevas Oportunidades de Inversi\u00f3n y Desarrollo en el Caribe Mexicano 2021, el presidente de la AMPI Canc\u00fan, Miguel \u00c1ngel Lemus Mateos, proyect\u00f3 que el n\u00famero de hoteles pasar\u00e1 de mil 102 con 120 mil habitaciones a dos mil con 200 mil llaves, mientras que la poblaci\u00f3n se duplicar\u00e1 de 1.7 a 3.4 millones de habitantes.<\/p>\n<p>Por otra parte, resulta que con ocho d\u00edas de retraso y despu\u00e9s de que el director de Fonatur, Rogelio Jim\u00e9nez Pons, dijera que Black Rock ten\u00eda ventaja para realizar el Tramo 5 del Tren Maya, la dependencia decidi\u00f3 declarar desierta la licitaci\u00f3n.<\/p>\n<p>A trav\u00e9s de un comunicado, la dependencia se\u00f1al\u00f3 que la propuesta econ\u00f3mica que present\u00f3 el consorcio encabezado por Black Rock M\u00e9xico Infraestructura, Greenfield, Promotora y Desarrolladora Mexicana, Promotora y Desarrolladora Mexicana de Infraestructura, Prodemex Construcciones, y Constructora de Infraestructura Nacional fue considerada insolvente.<\/p>\n<p>Fonatur determin\u00f3 que la oferta econ\u00f3mica presentada el pasado 13 de agosto de 2020, es no solvente de conformidad al acta de notificaci\u00f3n del fallo publicadaen el sitio Compranet, confirm\u00f3 Fonatur. El esquema de contrataci\u00f3n ser\u00eda mediante una Asociaci\u00f3n P\u00fablico Privada (APP), en la que Black Rock fue la \u00fanica que present\u00f3 propuesta por 16 mil 751 mdp en una concesi\u00f3n a 18 a\u00f1os; empero, lo anterior ser\u00e1 motivo de posterior an\u00e1lisis en otra entrega de <strong><em>Hora 14<\/em><\/strong>.<\/p>\n<p><em><a href=\"mailto:%20mauricio_conde@msn.com\" target=\"_blank\" rel=\"noopener noreferrer\">mauricioconde59@outlook.com<\/a><\/em><br \/>\n<em><a href=\"https:\/\/twitter.com\/mauconde007\" target=\"_blank\" rel=\"noopener noreferrer\">@mauconde007<\/a> <\/em><br \/>\n<em><a href=\"https:\/\/mauriciocondeblog.wordpress.com\" target=\"_blank\" rel=\"noopener noreferrer\">https:\/\/mauriciocondeblog.wordpress.com<\/a><\/em><\/p>\n","protected":false},"excerpt":{"rendered":"<p><span style=\"color: #005497;\"><strong>Mauricio Conde Olivares<\/strong><\/span><\/p>\n","protected":false},"author":3,"featured_media":0,"comment_status":"open","ping_status":"open","sticky":false,"template":"","format":"standard","meta":{"_monsterinsights_skip_tracking":false,"_monsterinsights_sitenote_active":false,"_monsterinsights_sitenote_note":"","_monsterinsights_sitenote_category":0,"footnotes":""},"categories":[35889],"tags":[43712,43674,44860],"class_list":["post-480012","post","type-post","status-publish","format-standard","hentry","category-mauricio-conde-olivares","tag-mauricio-conde-olivares","tag-opinion","tag-hora-14"],"_links":{"self":[{"href":"https:\/\/www.diarioimagen.net\/index.php?rest_route=\/wp\/v2\/posts\/480012","targetHints":{"allow":["GET"]}}],"collection":[{"href":"https:\/\/www.diarioimagen.net\/index.php?rest_route=\/wp\/v2\/posts"}],"about":[{"href":"https:\/\/www.diarioimagen.net\/index.php?rest_route=\/wp\/v2\/types\/post"}],"author":[{"embeddable":true,"href":"https:\/\/www.diarioimagen.net\/index.php?rest_route=\/wp\/v2\/users\/3"}],"replies":[{"embeddable":true,"href":"https:\/\/www.diarioimagen.net\/index.php?rest_route=%2Fwp%2Fv2%2Fcomments&post=480012"}],"version-history":[{"count":0,"href":"https:\/\/www.diarioimagen.net\/index.php?rest_route=\/wp\/v2\/posts\/480012\/revisions"}],"wp:attachment":[{"href":"https:\/\/www.diarioimagen.net\/index.php?rest_route=%2Fwp%2Fv2%2Fmedia&parent=480012"}],"wp:term":[{"taxonomy":"category","embeddable":true,"href":"https:\/\/www.diarioimagen.net\/index.php?rest_route=%2Fwp%2Fv2%2Fcategories&post=480012"},{"taxonomy":"post_tag","embeddable":true,"href":"https:\/\/www.diarioimagen.net\/index.php?rest_route=%2Fwp%2Fv2%2Ftags&post=480012"}],"curies":[{"name":"wp","href":"https:\/\/api.w.org\/{rel}","templated":true}]}}