{"id":480020,"date":"2020-09-14T00:03:48","date_gmt":"2020-09-14T05:03:48","guid":{"rendered":"https:\/\/www.diarioimagen.net\/?p=480020"},"modified":"2020-09-13T22:16:38","modified_gmt":"2020-09-14T03:16:38","slug":"macro-mural-de-loma-bonita-conjunta-arte-e-integracion-social-en-cuautitlan","status":"publish","type":"post","link":"https:\/\/www.diarioimagen.net\/?p=480020","title":{"rendered":"Macro mural de Loma Bonita conjunta arte e integraci\u00f3n social, en Cuautitl\u00e1n"},"content":{"rendered":"<p>&nbsp;<\/p>\n<p><img loading=\"lazy\" decoding=\"async\" class=\"aligncenter size-full wp-image-480021\" src=\"https:\/\/www.diarioimagen.net\/wp-content\/uploads\/2020\/09\/CAMACHO14-dpor.jpg\" alt=\"\" width=\"480\" height=\"280\" \/><\/p>\n<p>&nbsp;<\/p>\n<p><b>Cuautitl\u00e1n, Estado de M\u00e9xico<\/b><b>.-<\/b> Ocupar espacios a trav\u00e9s del arte permite mejorar el entorno urbano, se convierte en un sitio de convivencia logrando integrar a los vecinos con una visi\u00f3n diferente, coincidieron autoridades municipales, habitantes de la colonia Loma Bonita y representantes de la empresa participante, durante la presentaci\u00f3n del macro mural Corredor Art\u00edstico Loma Bonita.<\/p>\n<p>Con m\u00e1s de 300 metros cuadrados de arte y expresiones de gran calidad se cambia el entorno, destac\u00f3 el presidente municipal Ariel Ju\u00e1rez Rodr\u00edguez, al reconocer el esfuerzo de los j\u00f3venes artistas que participaron en la creaci\u00f3n de este espacio, que cont\u00f3 con el apoyo de la empresa IMERYS y de las autoridades auxiliares, quienes adem\u00e1s de apoyar el proyecto desde su inicio colaboraron activamente, resalt\u00f3 el alcalde.<\/p>\n","protected":false},"excerpt":{"rendered":"<p>Ocupar espacios a trav\u00e9s del arte permite mejorar el entorno urbano, se convierte en un sitio de convivencia logrando integrar a los vecinos con una visi\u00f3n diferente, coincidieron autoridades municipales, habitantes de la colonia Loma Bonita y representantes de la empresa participante, durante la presentaci\u00f3n del macro mural Corredor Art\u00edstico Loma Bonita.<\/p>\n","protected":false},"author":1,"featured_media":480021,"comment_status":"open","ping_status":"open","sticky":false,"template":"","format":"standard","meta":{"_monsterinsights_skip_tracking":false,"_monsterinsights_sitenote_active":false,"_monsterinsights_sitenote_note":"","_monsterinsights_sitenote_category":0,"footnotes":""},"categories":[5],"tags":[681,43675,91601],"class_list":["post-480020","post","type-post","status-publish","format-standard","has-post-thumbnail","hentry","category-estado-de-mexico","tag-cuautitlan","tag-estado-de-mexico","tag-integracion"],"_links":{"self":[{"href":"https:\/\/www.diarioimagen.net\/index.php?rest_route=\/wp\/v2\/posts\/480020","targetHints":{"allow":["GET"]}}],"collection":[{"href":"https:\/\/www.diarioimagen.net\/index.php?rest_route=\/wp\/v2\/posts"}],"about":[{"href":"https:\/\/www.diarioimagen.net\/index.php?rest_route=\/wp\/v2\/types\/post"}],"author":[{"embeddable":true,"href":"https:\/\/www.diarioimagen.net\/index.php?rest_route=\/wp\/v2\/users\/1"}],"replies":[{"embeddable":true,"href":"https:\/\/www.diarioimagen.net\/index.php?rest_route=%2Fwp%2Fv2%2Fcomments&post=480020"}],"version-history":[{"count":0,"href":"https:\/\/www.diarioimagen.net\/index.php?rest_route=\/wp\/v2\/posts\/480020\/revisions"}],"wp:featuredmedia":[{"embeddable":true,"href":"https:\/\/www.diarioimagen.net\/index.php?rest_route=\/wp\/v2\/media\/480021"}],"wp:attachment":[{"href":"https:\/\/www.diarioimagen.net\/index.php?rest_route=%2Fwp%2Fv2%2Fmedia&parent=480020"}],"wp:term":[{"taxonomy":"category","embeddable":true,"href":"https:\/\/www.diarioimagen.net\/index.php?rest_route=%2Fwp%2Fv2%2Fcategories&post=480020"},{"taxonomy":"post_tag","embeddable":true,"href":"https:\/\/www.diarioimagen.net\/index.php?rest_route=%2Fwp%2Fv2%2Ftags&post=480020"}],"curies":[{"name":"wp","href":"https:\/\/api.w.org\/{rel}","templated":true}]}}