{"id":480040,"date":"2020-09-14T00:07:42","date_gmt":"2020-09-14T05:07:42","guid":{"rendered":"https:\/\/www.diarioimagen.net\/?p=480040"},"modified":"2020-09-14T22:15:49","modified_gmt":"2020-09-15T03:15:49","slug":"investigadores-de-la-uaem-obtuvieron-otra-patente-de-modelo-industrial-ante-el-impi","status":"publish","type":"post","link":"https:\/\/www.diarioimagen.net\/?p=480040","title":{"rendered":"Investigadores de la UAEM obtuvieron otra patente de modelo industrial ante el IMPI\u00a0"},"content":{"rendered":"<p>&nbsp;<\/p>\n<ul>\n<li><em><strong>Con el \u201cSet modular para agricultura urbana\u201d<\/strong><\/em><\/li>\n<\/ul>\n<p>&nbsp;<\/p>\n<div id=\"attachment_480041\" style=\"width: 490px\" class=\"wp-caption aligncenter\"><img loading=\"lazy\" decoding=\"async\" aria-describedby=\"caption-attachment-480041\" class=\"size-full wp-image-480041\" src=\"https:\/\/www.diarioimagen.net\/wp-content\/uploads\/2020\/09\/UAEM14-BISpor.jpg\" alt=\"\" width=\"480\" height=\"280\" \/><p id=\"caption-attachment-480041\" class=\"wp-caption-text\">Los investigadores Jos\u00e9 Eduardo Parada y Silverio Hern\u00e1ndez contribuyen con un desarrollo que permite la producci\u00f3n de alimentos y podr\u00eda proveer a una familia de hasta cuatro integrantes.<\/p><\/div>\n<p>&nbsp;<\/p>\n<p><strong>Toluca, Estado de M\u00e9xico<\/strong>.\u2013 Con el dise\u00f1o de un set modular para el cultivo dom\u00e9stico o comercial de frutas y hortalizas, investigadores de la Facultad de Arquitectura y Dise\u00f1o de la Universidad Aut\u00f3noma del Estado de M\u00e9xico obtuvieron el registro de un modelo industrial ante el Instituto Mexicano de la Propiedad Industrial (IMPI).<\/p>\n<p>Con el \u201cSet modular para agricultura urbana\u201d, los investigadores Silverio Hern\u00e1ndez Moreno y Jos\u00e9 Eduardo Parada Rodr\u00edguez contribuyen con un desarrollo que permite la producci\u00f3n de alimentos y podr\u00eda proveer a una familia de hasta cuatro integrantes o bien, en su tama\u00f1o comercial, ubicarse en espacios p\u00fablicos como plazas o camellones.<\/p>\n<p>Hern\u00e1ndez Moreno precis\u00f3 que ante la urgencia de crear espacios donde se cultiven productos saludables en \u00e1reas urbanas, el dise\u00f1o propuesto se adecua a lugares con aproximadamente dos metros de di\u00e1metro; asimismo, se sugiere que en su construcci\u00f3n se empleen materiales reciclados o subproductos, lo que ayudar\u00eda a conservar el ambiente.<\/p>\n<p>El integrante del Sistema Nacional de Investigadores (SNI) detall\u00f3 que los tres m\u00f3dulos geom\u00e9tricos del set pueden integrarse entre s\u00ed para formar una jardinera, que en su interior lleva grava y arena como primera capa, posteriormente composta y tierra vegetal en la superficie para poder sembrar.<\/p>\n<p>El catedr\u00e1tico de la m\u00e1xima casa de estudios mexiquense indic\u00f3 que la primera capa de grava y arena permitir\u00eda la filtraci\u00f3n de los l\u00edquidos y en los m\u00f3dulos puede sembrarse cualquier tipo de fruto o vegetal.<\/p>\n<p>Silverio Hern\u00e1ndez Moreno manifest\u00f3 que este modelo industrial tiene como objetivo principal promover una agricultura urbana que contribuya a disminuir los gases de efecto invernadero, que en parte se producen por la movilizaci\u00f3n terrestre de alimentos.<\/p>\n","protected":false},"excerpt":{"rendered":"<p>Con el dise\u00f1o de un set modular para el cultivo dom\u00e9stico o comercial de frutas y hortalizas, investigadores de la Facultad de Arquitectura y Dise\u00f1o de la Universidad Aut\u00f3noma del Estado de M\u00e9xico obtuvieron el registro de un modelo industrial ante el Instituto Mexicano de la Propiedad Industrial (IMPI).\u00a0<\/p>\n","protected":false},"author":1,"featured_media":480041,"comment_status":"open","ping_status":"open","sticky":false,"template":"","format":"standard","meta":{"_monsterinsights_skip_tracking":false,"_monsterinsights_sitenote_active":false,"_monsterinsights_sitenote_note":"","_monsterinsights_sitenote_category":0,"footnotes":""},"categories":[5],"tags":[43675,91604,452,1491],"class_list":["post-480040","post","type-post","status-publish","format-standard","has-post-thumbnail","hentry","category-estado-de-mexico","tag-estado-de-mexico","tag-patente-impi","tag-toluca","tag-uaem"],"_links":{"self":[{"href":"https:\/\/www.diarioimagen.net\/index.php?rest_route=\/wp\/v2\/posts\/480040","targetHints":{"allow":["GET"]}}],"collection":[{"href":"https:\/\/www.diarioimagen.net\/index.php?rest_route=\/wp\/v2\/posts"}],"about":[{"href":"https:\/\/www.diarioimagen.net\/index.php?rest_route=\/wp\/v2\/types\/post"}],"author":[{"embeddable":true,"href":"https:\/\/www.diarioimagen.net\/index.php?rest_route=\/wp\/v2\/users\/1"}],"replies":[{"embeddable":true,"href":"https:\/\/www.diarioimagen.net\/index.php?rest_route=%2Fwp%2Fv2%2Fcomments&post=480040"}],"version-history":[{"count":0,"href":"https:\/\/www.diarioimagen.net\/index.php?rest_route=\/wp\/v2\/posts\/480040\/revisions"}],"wp:featuredmedia":[{"embeddable":true,"href":"https:\/\/www.diarioimagen.net\/index.php?rest_route=\/wp\/v2\/media\/480041"}],"wp:attachment":[{"href":"https:\/\/www.diarioimagen.net\/index.php?rest_route=%2Fwp%2Fv2%2Fmedia&parent=480040"}],"wp:term":[{"taxonomy":"category","embeddable":true,"href":"https:\/\/www.diarioimagen.net\/index.php?rest_route=%2Fwp%2Fv2%2Fcategories&post=480040"},{"taxonomy":"post_tag","embeddable":true,"href":"https:\/\/www.diarioimagen.net\/index.php?rest_route=%2Fwp%2Fv2%2Ftags&post=480040"}],"curies":[{"name":"wp","href":"https:\/\/api.w.org\/{rel}","templated":true}]}}