{"id":480089,"date":"2020-09-14T00:03:41","date_gmt":"2020-09-14T05:03:41","guid":{"rendered":"https:\/\/www.diarioimagen.net\/?p=480089"},"modified":"2020-09-14T23:43:14","modified_gmt":"2020-09-15T04:43:14","slug":"amlo-dos-golpes-pio-y-su-cunada","status":"publish","type":"post","link":"https:\/\/www.diarioimagen.net\/?p=480089","title":{"rendered":"AMLO, dos golpes, P\u00edo y su cu\u00f1ada\u00a0"},"content":{"rendered":"<h2>Centro..!<\/h2>\n<h5>Arturo R\u00edos Ruiz<em>\u00a0<\/em><\/h5>\n<p><em>\u00a0<\/em><\/p>\n<ul>\n<li><strong><em>Lo del hermano fren\u00f3 videos de Lozoya<\/em><\/strong><\/li>\n<li><strong><em>Lo de la pariente, un gancho al h\u00edgado\u00a0<\/em><\/strong><\/li>\n<\/ul>\n<p>&nbsp;<\/p>\n<p>El 21 de agosto le estall\u00f3 el cuete a Palacio Nacional con el video de P\u00edo L\u00f3pez Orador recibiendo billetes de parte de David Le\u00f3n, su propio verdugo que lo grababa y, que hasta ahora, se desconoce cu\u00e1l fue el descuido que rompi\u00f3 la secrec\u00eda de ese acto, \u00bf\u00c9l lo filtr\u00f3 o se lo robaron? \u00bfLo vendi\u00f3? Son muchas inc\u00f3gnitas.<\/p>\n<p>La eficiencia de Le\u00f3n estaba demostrada, as\u00ed se comprob\u00f3 por la deferencia que se le brindaba desde Palacio, por su \u201ctrabajo\u201d de recolector de dinero para la causa en Tabasco.<\/p>\n<p>Fue premiado primero como Coordinaci\u00f3n del Sistema Nacional de Protecci\u00f3n Civil y ya se preparaba para escalar, nada menos que a coordinador de medicamentos y vacunas, con presupuesto de nivel de altura.<\/p>\n<p>Todo se le esfum\u00f3, AMLO no perdona errores y menos cuando se descubre cu\u00e1l es su modus operandi, \u00e9l no recibe nada, tiene a sus encargados para ese trabajo sucio.<\/p>\n<p>Recordemos a Eva Cadena en Veracruz, recibiendo medio mill\u00f3n de pesos y ah\u00ed se dijo que era para la campa\u00f1a de AMLO y una semana despu\u00e9s, era abrazada p\u00fablicamente por el candidato a la Presidencia y ella se perfilaba para la alcald\u00eda de Las Choapas.<\/p>\n<p>El ser exhibida se le acab\u00f3 el encanto, AMLO la desapareci\u00f3 del escenario de Morena. Eva, se quem\u00f3 para siempre.<\/p>\n<p>Pero los problemas de la insistida honestidad del Presidente empieza a mancharse gracias a los m\u00e1s cercanos, ahora entra al escenario su cu\u00f1ada, Concepci\u00f3n Falc\u00f3n Montejo, esposa de\u00a0Ramiro L\u00f3pez Obrador,<\/p>\n<p>Ella era s\u00edndica del Ayuntamiento y result\u00f3 inmiscuida en un faltante de 223 millones de pesos y al ser exhibidos, tanto el alcalde como los11 enlodados pidieron licencia permanente en el Ayuntamiento de Macuspana, cuna del mero \u201cpreciso\u201d<strong>.\u00a0<\/strong><\/p>\n<p><strong>\u00a0<\/strong>Son dos golpes espectaculares para el Presidente, desde el coraz\u00f3n de la familia le asestaron una severa estocada y ellos mismos descubrieron al p\u00fablico nacional, c\u00f3mo opera su jefe, siempre a trav\u00e9s de otros y eso, es ser igual que todos los que acusa de corruptos.<\/p>\n<p>AL CIERRE.- Nos parece algo ins\u00f3lito, jam\u00e1s visto es la historia del pa\u00eds, 71 pol\u00edticos aspiran a la dirigir Morena, es apetecible \u201cel hueso\u201d, aunque uno de ellos Alejandro Rojas D\u00edaz-Dur\u00e1n diga que Morena es una carga para AMLO. O sea, que le estorba.<\/p>\n<p><em><a href=\"mailto:rrrart2000@hotmail.com\" target=\"_blank\" rel=\"noopener noreferrer\">rrrart2000@hotmail.com<\/a><\/em><\/p>\n","protected":false},"excerpt":{"rendered":"<p><span style=\"color: #005497;\"><strong>Arturo R\u00edos Ruiz<\/strong><\/span><\/p>\n","protected":false},"author":3,"featured_media":0,"comment_status":"open","ping_status":"open","sticky":false,"template":"","format":"standard","meta":{"_monsterinsights_skip_tracking":false,"_monsterinsights_sitenote_active":false,"_monsterinsights_sitenote_note":"","_monsterinsights_sitenote_category":0,"footnotes":""},"categories":[82265],"tags":[82266,10806,43674],"class_list":["post-480089","post","type-post","status-publish","format-standard","hentry","category-arturo-rios-ruiz","tag-arturo-rios-ruiz","tag-centro","tag-opinion"],"_links":{"self":[{"href":"https:\/\/www.diarioimagen.net\/index.php?rest_route=\/wp\/v2\/posts\/480089","targetHints":{"allow":["GET"]}}],"collection":[{"href":"https:\/\/www.diarioimagen.net\/index.php?rest_route=\/wp\/v2\/posts"}],"about":[{"href":"https:\/\/www.diarioimagen.net\/index.php?rest_route=\/wp\/v2\/types\/post"}],"author":[{"embeddable":true,"href":"https:\/\/www.diarioimagen.net\/index.php?rest_route=\/wp\/v2\/users\/3"}],"replies":[{"embeddable":true,"href":"https:\/\/www.diarioimagen.net\/index.php?rest_route=%2Fwp%2Fv2%2Fcomments&post=480089"}],"version-history":[{"count":0,"href":"https:\/\/www.diarioimagen.net\/index.php?rest_route=\/wp\/v2\/posts\/480089\/revisions"}],"wp:attachment":[{"href":"https:\/\/www.diarioimagen.net\/index.php?rest_route=%2Fwp%2Fv2%2Fmedia&parent=480089"}],"wp:term":[{"taxonomy":"category","embeddable":true,"href":"https:\/\/www.diarioimagen.net\/index.php?rest_route=%2Fwp%2Fv2%2Fcategories&post=480089"},{"taxonomy":"post_tag","embeddable":true,"href":"https:\/\/www.diarioimagen.net\/index.php?rest_route=%2Fwp%2Fv2%2Ftags&post=480089"}],"curies":[{"name":"wp","href":"https:\/\/api.w.org\/{rel}","templated":true}]}}