{"id":480187,"date":"2020-09-17T00:07:31","date_gmt":"2020-09-17T05:07:31","guid":{"rendered":"https:\/\/www.diarioimagen.net\/?p=480187"},"modified":"2020-09-21T00:32:08","modified_gmt":"2020-09-21T05:32:08","slug":"mortalidad-por-covid-19-es-mayor-entre-los-hombres","status":"publish","type":"post","link":"https:\/\/www.diarioimagen.net\/?p=480187","title":{"rendered":"Mortalidad por Covid-19 es mayor entre los hombres\u00a0"},"content":{"rendered":"<p>&nbsp;<\/p>\n<ul>\n<li><em><strong>Ecatepec, Nezahualc\u00f3yotl y Toluca, con m\u00e1s casos<\/strong><\/em><\/li>\n<\/ul>\n<p>&nbsp;<\/p>\n<div id=\"attachment_480188\" style=\"width: 454px\" class=\"wp-caption aligncenter\"><img loading=\"lazy\" decoding=\"async\" aria-describedby=\"caption-attachment-480188\" class=\"wp-image-480188\" src=\"https:\/\/www.diarioimagen.net\/wp-content\/uploads\/2020\/09\/UAEM15-BIS-apor.jpg\" alt=\"\" width=\"444\" height=\"259\" \/><p id=\"caption-attachment-480188\" class=\"wp-caption-text\">La mayor\u00eda de los casos positivos de Covid-19 en la entidad padece tambi\u00e9n hipertensi\u00f3n, obesidad y diabetes.<\/p><\/div>\n<p>&nbsp;<\/p>\n<p><strong>Toluca, Estado de M\u00e9xico<\/strong>.\u2013 Consecuencia de su n\u00famero de habitantes, los municipios de Ecatepec, Nezahualc\u00f3yotl y Toluca presentan el mayor n\u00famero de casos confirmados de Covid-19; sin embargo, la incidencia de dicha enfermedad por cada 100 mil habitantes es mayor en Atizap\u00e1n, Temamatla y Nopaltepec, afirm\u00f3 la responsable de la vigilancia epidemiol\u00f3gica de las enfermedades transmitidas por vector del Instituto de Salud del Estado de M\u00e9xico (ISEM), Imelda Medina Torres.<\/p>\n<p>Al dictar, a trav\u00e9s de las redes sociales de la Universidad Aut\u00f3noma del Estado de M\u00e9xico, la conferencia \u201cComportamiento epidemiol\u00f3gico de la Covid-19 en el Estado de M\u00e9xico, un problema de salud p\u00fablica\u201d, la especialista detall\u00f3 que la mayor\u00eda de los casos positivos en la entidad padece tambi\u00e9n hipertensi\u00f3n, obesidad y diabetes.<\/p>\n<p>Asimismo, se\u00f1al\u00f3 la especialista del ISEM, entre los padecimientos que simult\u00e1neamente ten\u00edan los enfermos de Covid-19 sobresalen el tabaquismo, insuficiencia renal cr\u00f3nica, enfermedad cardiaca, enfermedad obstructiva cr\u00f3nica pulmonar, asma y VIH, entre otras.<\/p>\n<p>Por ocupaci\u00f3n, precis\u00f3, la mayor incidencia de casos positivos de Covid-19 ocurre entre empleados, personas dedicadas a las actividades del hogar, personal de enfermer\u00eda, m\u00e9dicos veterinarios, m\u00e9dicos, comerciantes, jubilados, desempleados, estudiantes, choferes, obreros, docentes, campesinos y laboratoristas.<\/p>\n<p>Imelda Medina Torres indic\u00f3 que la mayor\u00eda de los casos confirmados de SARS-CoV-2 en el Estado de M\u00e9xico son pacientes ambulatorios y menos de la mitad requirieron hospitalizaci\u00f3n. El porcentaje de mortalidad entre los hombres ronda el 67 por ciento y entre las mujeres el 34 por ciento.<\/p>\n","protected":false},"excerpt":{"rendered":"<p>Consecuencia de su n\u00famero de habitantes, los municipios de Ecatepec, Nezahualc\u00f3yotl y Toluca presentan el mayor n\u00famero de casos confirmados de Covid-19<\/p>\n","protected":false},"author":1,"featured_media":480188,"comment_status":"open","ping_status":"open","sticky":false,"template":"","format":"standard","meta":{"_monsterinsights_skip_tracking":false,"_monsterinsights_sitenote_active":false,"_monsterinsights_sitenote_note":"","_monsterinsights_sitenote_category":0,"footnotes":""},"categories":[5],"tags":[90021,454,43675,1577,452],"class_list":["post-480187","post","type-post","status-publish","format-standard","has-post-thumbnail","hentry","category-estado-de-mexico","tag-covid-19","tag-ecatepec","tag-estado-de-mexico","tag-nezahualcoyotl","tag-toluca"],"_links":{"self":[{"href":"https:\/\/www.diarioimagen.net\/index.php?rest_route=\/wp\/v2\/posts\/480187","targetHints":{"allow":["GET"]}}],"collection":[{"href":"https:\/\/www.diarioimagen.net\/index.php?rest_route=\/wp\/v2\/posts"}],"about":[{"href":"https:\/\/www.diarioimagen.net\/index.php?rest_route=\/wp\/v2\/types\/post"}],"author":[{"embeddable":true,"href":"https:\/\/www.diarioimagen.net\/index.php?rest_route=\/wp\/v2\/users\/1"}],"replies":[{"embeddable":true,"href":"https:\/\/www.diarioimagen.net\/index.php?rest_route=%2Fwp%2Fv2%2Fcomments&post=480187"}],"version-history":[{"count":0,"href":"https:\/\/www.diarioimagen.net\/index.php?rest_route=\/wp\/v2\/posts\/480187\/revisions"}],"wp:featuredmedia":[{"embeddable":true,"href":"https:\/\/www.diarioimagen.net\/index.php?rest_route=\/wp\/v2\/media\/480188"}],"wp:attachment":[{"href":"https:\/\/www.diarioimagen.net\/index.php?rest_route=%2Fwp%2Fv2%2Fmedia&parent=480187"}],"wp:term":[{"taxonomy":"category","embeddable":true,"href":"https:\/\/www.diarioimagen.net\/index.php?rest_route=%2Fwp%2Fv2%2Fcategories&post=480187"},{"taxonomy":"post_tag","embeddable":true,"href":"https:\/\/www.diarioimagen.net\/index.php?rest_route=%2Fwp%2Fv2%2Ftags&post=480187"}],"curies":[{"name":"wp","href":"https:\/\/api.w.org\/{rel}","templated":true}]}}