{"id":480214,"date":"2020-09-15T00:09:14","date_gmt":"2020-09-15T05:09:14","guid":{"rendered":"https:\/\/www.diarioimagen.net\/?p=480214"},"modified":"2020-09-17T02:45:28","modified_gmt":"2020-09-17T07:45:28","slug":"alista-lopez-obrador-solicitud-de-consulta-para-un-juicio-a-ex-presidentes","status":"publish","type":"post","link":"https:\/\/www.diarioimagen.net\/?p=480214","title":{"rendered":"Alista L\u00f3pez Obrador solicitud de consulta para un juicio a ex presidentes"},"content":{"rendered":"<p>&nbsp;<\/p>\n<h3 style=\"text-align: center;\">Faltaban 800 mil firmas y plazo vence hoy<\/h3>\n<p>&nbsp;<\/p>\n<ul>\n<li><strong><em>En caso de que no alcancen firmas, \u00e9l lo har\u00e1<\/em><\/strong><\/li>\n<\/ul>\n<p>&nbsp;<\/p>\n<div id=\"attachment_480279\" style=\"width: 470px\" class=\"wp-caption aligncenter\"><a href=\"https:\/\/www.diarioimagen.net\/?attachment_id=480279\" rel=\"attachment wp-att-480279\"><img loading=\"lazy\" decoding=\"async\" aria-describedby=\"caption-attachment-480279\" class=\"wp-image-480279\" src=\"https:\/\/www.diarioimagen.net\/wp-content\/uploads\/2020\/09\/CONSULTA.jpg\" alt=\"\" width=\"460\" height=\"259\" \/><\/a><p id=\"caption-attachment-480279\" class=\"wp-caption-text\">Hasta ayer, s\u00f3lo se hab\u00edan recabado un mill\u00f3n de firmas en el pa\u00eds para solicitar la consulta ciudadana sobre un juicio a ex presidentes.<\/p><\/div>\n<p>&nbsp;<\/p>\n<p>Ante la falta de 800 mil firmas a 48 horas de que se venciera el plazo para recabar firmar para la consulta ciudadana sobre un juicio a ex presidentes, el primer mandatario, Andr\u00e9s Manuel L\u00f3pez Obrador, anunci\u00f3 que en caso de que la ciudadan\u00eda no se recolecten las necesarias, \u00e9l lo har\u00e1.<\/p>\n<p>En la ma\u00f1anera, el mandatario reconoci\u00f3 la labor de la ciudadan\u00eda para la recolecci\u00f3n de cerca de 1 mill\u00f3n 800 mil signas ciudadanas, equivalentes al 2 por ciento de los inscritos en la lista nominal de electorales; no obstante, esta meta a\u00fan no se lograba este lunes, ya que a\u00fan restaban cerca de 800 mil.<\/p>\n<p>\u201cMa\u00f1ana vence el plazo y tengo informaci\u00f3n de que ciudadanos est\u00e1n haciendo una campa\u00f1a para obtener todas las firmas y quiero reconocerles que son buenos ciudadanos, porque es el derecho que tenemos a poner en pr\u00e1ctica la democracia participativa, no s\u00f3lo quedarnos en la democracia representativa\u201d, dijo el lunes el Presidente.<\/p>\n<p>Ante esta situaci\u00f3n, L\u00f3pez Obrador anunci\u00f3 que ya cuenta con un borrador, el cual revisar\u00eda este lunes, para solicitar al Congreso de la Uni\u00f3n la consulta ciudadana contra ex presidentes.\u201cSi no se cumple, ya tengo preparado el borrador de un escrito para solicitar la consulta. Tengo esa facultad que me da la ley. Ma\u00f1ana tomo la decisi\u00f3n de hacerlo si los ciudadanos no alcanzan a reunir las firmas. Habr\u00e1 solicitud de consulta\u201d, asever\u00f3 el lunes.<\/p>\n<p style=\"text-align: center;\"><strong>Han recabado un mill\u00f3n,<\/strong><strong>\u00a0seg\u00fan coordinadora<\/strong><\/p>\n<p>La senadora Citlalli Hern\u00e1ndez, quien participa en las labores de coordinaci\u00f3n de la campa\u00f1a, dijo a que hasta el \u00faltimo conteo se hab\u00eda recabado un mill\u00f3n de firmas.<\/p>\n<p>Por lo que a 48 horas de que se cumpla el plazo legal para entregarlas esquematizadas y foliadas, la iniciativa ciudadana ten\u00eda un avance de 55%.<\/p>\n<p>Sin embargo, consider\u00f3 la legisladora, la iniciativa lograr\u00e1 cumplir este requisito, pues el plazo para presentar las firmas vence este martes.<\/p>\n<p>Confi\u00f3 en que lograr\u00e1n juntar los 2 millones de firmas, las cuales se seguir\u00e1n entregando: \u201cHay altas posibilidades de lograr los 2 millones de firmas necesarias. Hubo tres promoventes de la consulta en el Senado y los tres llegaron al acuerdo de utilizar la misma pregunta. Dos esfuerzos han estado caminando de manera conjunta (&#8230;) Con todos organizados se completa el otro mill\u00f3n\u201d, dijo.<\/p>\n<p>Detall\u00f3 que la estructura partidista de Morena en la capital estar\u00e1 entregando firmas, as\u00ed como la estructura de la Unidad de las Izquierdas.<\/p>\n<p>Una vez recabadas, se le notificar\u00e1 al Senado que ya se reunieron, \u00e9ste acusar\u00e1 de recibido y las enviar\u00e1 al Instituto Nacional Electoral (INE) para verificar que sean reales, contactando de manera aleatoria a los firmantes.<\/p>\n<p>Si el INE determina que las firmas son reales y las valida, entonces las enviar\u00e1 a la Suprema Corte de Justicia de la Naci\u00f3n (SCJN), que determinar\u00e1 si la pregunta es o no constitucional.<\/p>\n<p>El siguiente paso ser\u00e1 regresar la consulta al Senado para que la dictamine y luego se le enviar\u00e1 al INE para que la aplique.Por su parte, el dirigente nacional de Morena, Alfonso Ram\u00edrez Cu\u00e9llar, mencion\u00f3 que si no se logra recabar las firmas necesarias, el partido conf\u00eda en que podr\u00e1 obtener la consulta ciudadana al reunir 33% de los votos necesarios para solicitarla en la C\u00e1maras o mediante la propuesta del Presidente.<\/p>\n<p>\u201cAnda toda la gente activ\u00edsima en todos los estados y municipios de la Rep\u00fablica. Hay mucha indignaci\u00f3n y deseo de que se combata la corrupci\u00f3n y que se acabe la impunidad.<\/p>\n","protected":false},"excerpt":{"rendered":"<p>Ante la falta de 800 mil firmas a 48 horas de que se venciera el plazo para recabar firmar para la consulta ciudadana sobre un juicio a ex presidentes, el primer mandatario, Andr\u00e9s Manuel L\u00f3pez Obrador, anunci\u00f3 que en caso de que la ciudadan\u00eda no se recolecten las necesarias, \u00e9l lo har\u00e1.<\/p>\n","protected":false},"author":3,"featured_media":480279,"comment_status":"open","ping_status":"open","sticky":false,"template":"","format":"standard","meta":{"_monsterinsights_skip_tracking":false,"_monsterinsights_sitenote_active":false,"_monsterinsights_sitenote_note":"","_monsterinsights_sitenote_category":0,"footnotes":""},"categories":[3],"tags":[2545,9326,24378,43673],"class_list":["post-480214","post","type-post","status-publish","format-standard","has-post-thumbnail","hentry","category-nacional","tag-amlo","tag-ex-presidente","tag-juicio","tag-nacional"],"_links":{"self":[{"href":"https:\/\/www.diarioimagen.net\/index.php?rest_route=\/wp\/v2\/posts\/480214","targetHints":{"allow":["GET"]}}],"collection":[{"href":"https:\/\/www.diarioimagen.net\/index.php?rest_route=\/wp\/v2\/posts"}],"about":[{"href":"https:\/\/www.diarioimagen.net\/index.php?rest_route=\/wp\/v2\/types\/post"}],"author":[{"embeddable":true,"href":"https:\/\/www.diarioimagen.net\/index.php?rest_route=\/wp\/v2\/users\/3"}],"replies":[{"embeddable":true,"href":"https:\/\/www.diarioimagen.net\/index.php?rest_route=%2Fwp%2Fv2%2Fcomments&post=480214"}],"version-history":[{"count":0,"href":"https:\/\/www.diarioimagen.net\/index.php?rest_route=\/wp\/v2\/posts\/480214\/revisions"}],"wp:featuredmedia":[{"embeddable":true,"href":"https:\/\/www.diarioimagen.net\/index.php?rest_route=\/wp\/v2\/media\/480279"}],"wp:attachment":[{"href":"https:\/\/www.diarioimagen.net\/index.php?rest_route=%2Fwp%2Fv2%2Fmedia&parent=480214"}],"wp:term":[{"taxonomy":"category","embeddable":true,"href":"https:\/\/www.diarioimagen.net\/index.php?rest_route=%2Fwp%2Fv2%2Fcategories&post=480214"},{"taxonomy":"post_tag","embeddable":true,"href":"https:\/\/www.diarioimagen.net\/index.php?rest_route=%2Fwp%2Fv2%2Ftags&post=480214"}],"curies":[{"name":"wp","href":"https:\/\/api.w.org\/{rel}","templated":true}]}}