{"id":480337,"date":"2020-09-17T00:09:05","date_gmt":"2020-09-17T05:09:05","guid":{"rendered":"https:\/\/www.diarioimagen.net\/?p=480337"},"modified":"2020-09-18T03:56:48","modified_gmt":"2020-09-18T08:56:48","slug":"scjn-determinara-en-20-dias-si-consulta-es-constitucional","status":"publish","type":"post","link":"https:\/\/www.diarioimagen.net\/?p=480337","title":{"rendered":"SCJN determinar\u00e1 en 20 d\u00edas si consulta es constitucional"},"content":{"rendered":"<p>&nbsp;<\/p>\n<h2 style=\"text-align: center;\">Para enjuiciar a ex presidentes<\/h2>\n<p>&nbsp;<\/p>\n<ul>\n<li><strong><em>Revisar\u00e1 si la solicitud cumple con criterios que marca la legislaci\u00f3n<\/em><\/strong><\/li>\n<\/ul>\n<p>&nbsp;<\/p>\n<div id=\"attachment_480410\" style=\"width: 490px\" class=\"wp-caption aligncenter\"><a href=\"https:\/\/www.diarioimagen.net\/?attachment_id=480410\" rel=\"attachment wp-att-480410\"><img loading=\"lazy\" decoding=\"async\" aria-describedby=\"caption-attachment-480410\" class=\"size-full wp-image-480410\" src=\"https:\/\/www.diarioimagen.net\/wp-content\/uploads\/2020\/09\/CONSULTA-1.jpg\" alt=\"\" width=\"480\" height=\"270\" \/><\/a><p id=\"caption-attachment-480410\" class=\"wp-caption-text\">La Suprema Corte contar\u00e1 con un m\u00e1ximo de 20 d\u00edas naturales para informar si la consulta es constitucional y si la pregunta es correcta.<\/p><\/div>\n<p>&nbsp;<\/p>\n<p>La Suprema Corte de Justicia de la Naci\u00f3n (SCJN) tiene hasta el 5 de octubre para determinar si es constitucional la decisi\u00f3n sobre la realizaci\u00f3n de la primera consulta popular para preguntar a los mexicanos si debe enjuiciarse penalmente a los ex presidentes de la Rep\u00fablica Carlos Salinas de Gortari, Ernesto Zedillo, Vicente Fox, Felipe Calder\u00f3n y Enrique Pe\u00f1a Nieto.<\/p>\n<p>Despu\u00e9s de que el Senado le enviara la solicitud presidencial, la Corte contar\u00e1 con un m\u00e1ximo de 20 d\u00edas naturales para informar si la consulta es constitucional y si la pregunta es correcta. El ministro Luis Mar\u00eda Aguilar ser\u00e1 quien estudie la petici\u00f3n de consulta popular\u00a0 presentada.<\/p>\n<p>La SJCN revisar\u00e1 que la pregunta no sea tendenciosa o contenga juicios de valor, emplee lenguaje neutro, sencillo y comprensible, y produzca una respuesta categ\u00f3rica en sentido positivo o negativo; en su caso podr\u00e1 realizar las modificaciones a la pregunta, a fin de garantizar que cumpla con los criterios anteriores.<\/p>\n<p>Si la Corte decide que la consulta es inconstitucional, informar\u00e1 al Senado y concluir\u00e1 el proceso.<\/p>\n<p>En caso de la Corte determine que la consulta popular es constitucional, la pregunta quedar\u00e1 firme, sin posibilidades de modificarse; el Senado ser\u00e1 notificado de esta decisi\u00f3n colegiada de los ministros, establece el mecanismo legal.<\/p>\n<p>El Senado turnar\u00e1 el tema a su Comisi\u00f3n de Gobernaci\u00f3n y podr\u00e1n participar las comisiones relacionadas con el tema, en este caso la de Justicia, presidida por otro senador de Morena, Julio Menchaca.<\/p>\n<p>Una vez avalado el dictamen de la o las comisiones del Senado, donde bastar\u00e1 el voto de Morena, PT, PVEM y PES, pasar\u00e1 al pleno y \u00e9ste lo enviar\u00e1 a la C\u00e1mara de Diputados; en ambos casos bastar\u00e1 con el voto de la mayor\u00eda simple, la cual tiene Morena y sus aliados pol\u00edticos.<\/p>\n<p>Una vez aprobada, el Senado emitir\u00e1 la Convocatoria y notificar\u00e1 al Instituto Nacional Electoral, que ser\u00e1 el encargado de organizarla, desarrollarla, computarla y declarar oficialmente los resultados.<\/p>\n<p>Aunque la ley dice que la Consulta se realizar\u00e1 el mismo d\u00eda de las elecciones federales, desde el a\u00f1o pasado la Constituci\u00f3n ordena que ser\u00e1 el primer domingo de agosto del a\u00f1o de la elecci\u00f3n federal; por eso, se aplica el criterio de supremac\u00eda constitucional, por lo que la consulta popular se aplicar\u00e1 el 1 de agosto del 2021, como marcan las reglas.<\/p>\n","protected":false},"excerpt":{"rendered":"<p>La Suprema Corte de Justicia de la Naci\u00f3n (SCJN) tiene hasta el 5 de octubre para determinar si es constitucional la decisi\u00f3n sobre la realizaci\u00f3n de la primera consulta popular para preguntar a los mexicanos si debe enjuiciarse penalmente a los ex presidentes de la Rep\u00fablica Carlos Salinas de Gortari, Ernesto Zedillo, Vicente Fox, Felipe Calder\u00f3n y Enrique Pe\u00f1a Nieto.<\/p>\n","protected":false},"author":3,"featured_media":480410,"comment_status":"open","ping_status":"open","sticky":false,"template":"","format":"standard","meta":{"_monsterinsights_skip_tracking":false,"_monsterinsights_sitenote_active":false,"_monsterinsights_sitenote_note":"","_monsterinsights_sitenote_category":0,"footnotes":""},"categories":[3],"tags":[72753,78181,24378,71138,2852],"class_list":["post-480337","post","type-post","status-publish","format-standard","has-post-thumbnail","hentry","category-nacional","tag-constitucional","tag-ex-presidentes","tag-juicio","tag-legal","tag-scjn"],"_links":{"self":[{"href":"https:\/\/www.diarioimagen.net\/index.php?rest_route=\/wp\/v2\/posts\/480337","targetHints":{"allow":["GET"]}}],"collection":[{"href":"https:\/\/www.diarioimagen.net\/index.php?rest_route=\/wp\/v2\/posts"}],"about":[{"href":"https:\/\/www.diarioimagen.net\/index.php?rest_route=\/wp\/v2\/types\/post"}],"author":[{"embeddable":true,"href":"https:\/\/www.diarioimagen.net\/index.php?rest_route=\/wp\/v2\/users\/3"}],"replies":[{"embeddable":true,"href":"https:\/\/www.diarioimagen.net\/index.php?rest_route=%2Fwp%2Fv2%2Fcomments&post=480337"}],"version-history":[{"count":0,"href":"https:\/\/www.diarioimagen.net\/index.php?rest_route=\/wp\/v2\/posts\/480337\/revisions"}],"wp:featuredmedia":[{"embeddable":true,"href":"https:\/\/www.diarioimagen.net\/index.php?rest_route=\/wp\/v2\/media\/480410"}],"wp:attachment":[{"href":"https:\/\/www.diarioimagen.net\/index.php?rest_route=%2Fwp%2Fv2%2Fmedia&parent=480337"}],"wp:term":[{"taxonomy":"category","embeddable":true,"href":"https:\/\/www.diarioimagen.net\/index.php?rest_route=%2Fwp%2Fv2%2Fcategories&post=480337"},{"taxonomy":"post_tag","embeddable":true,"href":"https:\/\/www.diarioimagen.net\/index.php?rest_route=%2Fwp%2Fv2%2Ftags&post=480337"}],"curies":[{"name":"wp","href":"https:\/\/api.w.org\/{rel}","templated":true}]}}