{"id":480339,"date":"2020-09-17T00:05:40","date_gmt":"2020-09-17T05:05:40","guid":{"rendered":"https:\/\/www.diarioimagen.net\/?p=480339"},"modified":"2020-09-17T02:44:37","modified_gmt":"2020-09-17T07:44:37","slug":"ocde-pronostica-caida-de-10-2-en-la-economia-de-mexico","status":"publish","type":"post","link":"https:\/\/www.diarioimagen.net\/?p=480339","title":{"rendered":"OCDE pronostica ca\u00edda de 10.2% en la econom\u00eda de M\u00e9xico"},"content":{"rendered":"<p>&nbsp;<\/p>\n<ul>\n<li><strong><em>En lugar de 7.5 por ciento como lo previ\u00f3 en junio<\/em><\/strong><\/li>\n<\/ul>\n<p>&nbsp;<\/p>\n<div id=\"attachment_480418\" style=\"width: 470px\" class=\"wp-caption aligncenter\"><a href=\"https:\/\/www.diarioimagen.net\/?attachment_id=480418\" rel=\"attachment wp-att-480418\"><img loading=\"lazy\" decoding=\"async\" aria-describedby=\"caption-attachment-480418\" class=\"size-full wp-image-480418\" src=\"https:\/\/www.diarioimagen.net\/wp-content\/uploads\/2020\/09\/CAIDA.jpg\" alt=\"\" width=\"460\" height=\"259\" \/><\/a><p id=\"caption-attachment-480418\" class=\"wp-caption-text\">El filme Estoy pensando en el final\u00a0 est\u00e1 basado en la novela hom\u00f3nima de Lain Reid\u00a0publicada en 2016 y es protagonizada por\u00a0Jesse Plemons, Jessie Buckley,\u00a0Toni Collette y\u00a0David Thewlis.<\/p><\/div>\n<p>&nbsp;<\/p>\n<p>La Organizaci\u00f3n para la Cooperaci\u00f3n y Desarrollo Econ\u00f3mico (OCDE) estim\u00f3 que la econom\u00eda de M\u00e9xico sufrir\u00e1 una contracci\u00f3n de 10.2 por ciento en 2020, en lugar de 7.5 por ciento como lo previ\u00f3 en junio.<\/p>\n<p>La OCDE explic\u00f3 que la contracci\u00f3n de la econom\u00eda mexicana de este a\u00f1o figura entre las cinco m\u00e1s significativas de sus pron\u00f3sticos. Sud\u00e1frica y Argentina toman la cabecera con ca\u00eddas estimadas de 11.5 y 11.2 por ciento, respectivamente; les siguen M\u00e9xico e India con una contracci\u00f3n de 10.2 por ciento y luego Reino Unido, en donde se anticipa que el PIB se contraiga 10.1 por ciento.<\/p>\n<p>De entre los organismos internacionales, el pron\u00f3stico de la OCDE es el segundo m\u00e1s pesimista, pues el Fondo Monetario Internacional prev\u00e9 una contracci\u00f3n de 10.5 por ciento para este a\u00f1o. La organizaci\u00f3n recalc\u00f3 que el empeoramiento de sus previsiones refleja la expansi\u00f3n del coronavirus, altos niveles de pobreza e informalidad laboral en esos pa\u00edses y medidas de confinamiento m\u00e1s estrictas durante un periodo prolongado.<\/p>\n<p>La perspectiva de M\u00e9xico va a contracorriente de las previsiones para la econom\u00eda mundial. La OCDE prev\u00e9 que el PIB mundial disminuya 4.5 por ciento este a\u00f1o, antes de repuntar 5 por ciento en 2021, por arriba de lo expuesto en junio pasado.<\/p>\n<p>\u201cLas proyecciones asumen que continuar\u00e1n los brotes locales espor\u00e1dicos, que se abordar\u00e1n mediante intervenciones locales espec\u00edficas en lugar de cierres nacionales\u201d, detall\u00f3 la organizaci\u00f3n. Tambi\u00e9n parten de que una vacuna no estar\u00e1 ampliamente disponible hasta finales de 2021.<\/p>\n<p>Respecto a las expectativas que la organizaci\u00f3n public\u00f3 en junio pasado, las proyecciones liberadas este 16 de septiembre ponen al pa\u00eds dentro de los cinco con las revisiones a la baja m\u00e1s amplias. As\u00ed, el 10.2 por ciento de contracci\u00f3n que se estima para la econom\u00eda mexicana en 2020, la pondr\u00eda como la cuarta m\u00e1s afectada entre los pa\u00edses del G20, en los que se genera el 85 por ciento del PIB mundial.<\/p>\n<p>Tambi\u00e9n rebasan el escenario de mayor decrecimiento previsto por la Secretar\u00eda de Hacienda y Cr\u00e9dito P\u00fablico en el Paquete Econ\u00f3mico, estimado en 10 por ciento como l\u00edmite.<\/p>\n<p>Contracciones m\u00e1s profundas que en M\u00e9xico se prev\u00e9n en Sud\u00e1frica, donde se calcula un decrecimiento de 11.5 por ciento en 2020; en Argentina de 11.2 por ciento y en Italia, de 10.5 por ciento.<\/p>\n<p><strong>\u00ac\u00ac\u00ac<\/strong><\/p>\n<p><strong>La OCDE estim\u00f3<\/strong> que la econom\u00eda de M\u00e9xico sufrir\u00e1 una contracci\u00f3n de 10.2 por ciento este a\u00f1o.<\/p>\n","protected":false},"excerpt":{"rendered":"<p>La Organizaci\u00f3n para la Cooperaci\u00f3n y Desarrollo Econ\u00f3mico (OCDE) estim\u00f3 que la econom\u00eda de M\u00e9xico sufrir\u00e1 una contracci\u00f3n de 10.2 por ciento en 2020, en lugar de 7.5 por ciento como lo previ\u00f3 en junio.<\/p>\n","protected":false},"author":3,"featured_media":480418,"comment_status":"open","ping_status":"open","sticky":false,"template":"","format":"standard","meta":{"_monsterinsights_skip_tracking":false,"_monsterinsights_sitenote_active":false,"_monsterinsights_sitenote_note":"","_monsterinsights_sitenote_category":0,"footnotes":""},"categories":[3],"tags":[43678,43673,360,27234],"class_list":["post-480339","post","type-post","status-publish","format-standard","has-post-thumbnail","hentry","category-nacional","tag-finanzas","tag-nacional","tag-ocde","tag-organizacion-para-la-cooperacion-y-desarrollo-economico"],"_links":{"self":[{"href":"https:\/\/www.diarioimagen.net\/index.php?rest_route=\/wp\/v2\/posts\/480339","targetHints":{"allow":["GET"]}}],"collection":[{"href":"https:\/\/www.diarioimagen.net\/index.php?rest_route=\/wp\/v2\/posts"}],"about":[{"href":"https:\/\/www.diarioimagen.net\/index.php?rest_route=\/wp\/v2\/types\/post"}],"author":[{"embeddable":true,"href":"https:\/\/www.diarioimagen.net\/index.php?rest_route=\/wp\/v2\/users\/3"}],"replies":[{"embeddable":true,"href":"https:\/\/www.diarioimagen.net\/index.php?rest_route=%2Fwp%2Fv2%2Fcomments&post=480339"}],"version-history":[{"count":0,"href":"https:\/\/www.diarioimagen.net\/index.php?rest_route=\/wp\/v2\/posts\/480339\/revisions"}],"wp:featuredmedia":[{"embeddable":true,"href":"https:\/\/www.diarioimagen.net\/index.php?rest_route=\/wp\/v2\/media\/480418"}],"wp:attachment":[{"href":"https:\/\/www.diarioimagen.net\/index.php?rest_route=%2Fwp%2Fv2%2Fmedia&parent=480339"}],"wp:term":[{"taxonomy":"category","embeddable":true,"href":"https:\/\/www.diarioimagen.net\/index.php?rest_route=%2Fwp%2Fv2%2Fcategories&post=480339"},{"taxonomy":"post_tag","embeddable":true,"href":"https:\/\/www.diarioimagen.net\/index.php?rest_route=%2Fwp%2Fv2%2Ftags&post=480339"}],"curies":[{"name":"wp","href":"https:\/\/api.w.org\/{rel}","templated":true}]}}