{"id":480389,"date":"2020-09-17T00:12:40","date_gmt":"2020-09-17T05:12:40","guid":{"rendered":"https:\/\/www.diarioimagen.net\/?p=480389"},"modified":"2020-09-17T01:25:04","modified_gmt":"2020-09-17T06:25:04","slug":"consulta-y-rifa-el-verdadero-referendum","status":"publish","type":"post","link":"https:\/\/www.diarioimagen.net\/?p=480389","title":{"rendered":"Consulta y rifa, el verdadero refer\u00e9ndum"},"content":{"rendered":"<h2>Tras la puerta del poder<\/h2>\n<h5>Roberto Vizca\u00edno<\/h5>\n<p><strong>\u00a0<\/strong><\/p>\n<p>Se desfond\u00f3. Los resultados indican que el pueblo bueno lo abandon\u00f3. Ni logr\u00f3 vender los 6 millones de boletos de loter\u00eda para los del avi\u00f3n, ni logr\u00f3 el mill\u00f3n 800 mil firmas para la consulta.<\/p>\n<p>Los hechos indican que de los 33 millones que votaron por \u00e9l en 2018 y del 55 por ciento de apoyos que las encuestadoras afirman tiene, no logr\u00f3 emocionar ni al 2 por ciento.<\/p>\n<p>Su dura realidad indica que los mexicanos no le creen ni en lo de la rifa ni en lo de la consulta. Refer\u00e9ndum final, devastador. Se hundi\u00f3, naufrag\u00f3 a menos de 2 a\u00f1os formales de su mandato.<\/p>\n<p>Hoy, como en el cuento del dinosaurio de <strong>Monterroso<\/strong>: <em>cuando despert\u00f3 el avi\u00f3n todav\u00eda estaba ah\u00ed<\/em>.<\/p>\n<p>Y todos los que realmente saben de cuestiones constitucionales afirman que la consulta para enjuiciar a los ex presidentes no se realizar\u00e1. Porque no tiene bases legales y porque s\u00f3lo parte de una animadversi\u00f3n personal de YSQ. Y porque la Suprema Corte la tirar\u00e1 a la basura por inconstitucional.<\/p>\n<p>En fin.<\/p>\n<p>Una frase de estos d\u00edas en <strong><em>The Economist<\/em><\/strong> pone la puntilla a todo esto: <strong><em>El avi\u00f3n presidencial, s\u00edmbolo de excesos pasados, es signo de la ineptitud actual<\/em><\/strong>.<\/p>\n<p>Corto, contundente, cierto como el cuento de <strong>Monterroso<\/strong>.<\/p>\n<p>Hoy, todos los d\u00edas <strong>AMLO <\/strong>se levantar\u00e1 y el avi\u00f3n presidencial de sus odios estar\u00e1 ah\u00ed.<\/p>\n<p>Mientras, todos los conflictos y problemas, efectos de sus ineptitudes, le crecen, le brotan por todos lados.<\/p>\n<p>Y \u00e9l se resguarda en una actitud basada en el principio de que: \u201c<strong><em>la perfecta democracia es aquella en la que s\u00f3lo mando yo<\/em><\/strong>\u201d.<\/p>\n<p>Y desde esa autosuficiencia, como afirma el periodista <strong>Raymundo Riva Palacio<\/strong>: \u201c\u2026 a <strong>L\u00f3pez Obrador<\/strong> no le gusta que lo llamen autoritario, pero no hay otra descripci\u00f3n que le venga como anillo al dedo. Definitivamente no es un dem\u00f3crata, y ha dado pruebas incontrovertibles de ello, ni est\u00e1 interesado en la construcci\u00f3n de un pa\u00eds de leyes y un Estado que funcione a trav\u00e9s de contrapesos, rendici\u00f3n de cuentas y transparencia\u201d.<\/p>\n<p>Eso lo confirma en un video que corre en redes <strong>Andr\u00e9s Pascoe<\/strong>, director de <em>Cuestione<\/em>, quien afirma que el INAI (Instituto Nacional de Transparencia, Acceso a la Informaci\u00f3n y Protecci\u00f3n de Datos Personales), por m\u00e1s que lo ha pedido al gobierno de <strong>L\u00f3pez Obrador<\/strong>, no ha logrado que le informe por ejemplo d\u00f3nde est\u00e1 la carta que dijo envi\u00f3 al <strong>Rey de Espa\u00f1a<\/strong>, y la otra que simult\u00e1neamente envi\u00f3 al <strong>Papa Francisco<\/strong>, exigi\u00e9ndoles un relato de agravios de ese pa\u00eds y la Iglesia hacia los mexicanos, para que luego pidan perd\u00f3n a los mexicanos.<\/p>\n<p>A pesar de que en varias ma\u00f1aneras habl\u00f3 de eso, su oficina afirma que las cartas se perdieron y no las encuentran.<\/p>\n<p>Y as\u00ed tampoco nadie sabe d\u00f3nde est\u00e1 la lista de empresarios que fueron citados a cenar tamales de chipil\u00edn para ser extorsionados bajo la amenaza velada de que podr\u00edan ser sujetos de investigaciones de la Unidad de Inteligencia Financiera si no cooperaban en la compra de boletos del avi\u00f3n presidencial.<\/p>\n<p>La misma respuesta se da al destino que tuvieron las miles de toneladas de insumos y medicamentos tra\u00eddos en 25 vuelos desde China para ser usados contra la pandemia del coronavirus. Nadie sabe ni d\u00f3nde est\u00e1n ni cu\u00e1nto costaron.<\/p>\n<p>Eso mismo ocurre con los miles de pipas compradas de urgencia el a\u00f1o pasado a sobreprecio en Estados Unidos para combatir el huachicol. De todas esas, no aparece ni una.<\/p>\n<p>Se sabe que el 70 por ciento de las multimillonarias compras realizadas por este gobierno se hacen por la v\u00eda de la asignaci\u00f3n directa. Las adquisiciones por licitaci\u00f3n se han hecho a un lado. Unas muestras de que algo sucio ocurre ah\u00ed, son las compras del IMSS de respiradores al hijo de Bartlett.<\/p>\n<p>No se sabe qu\u00e9 ocurri\u00f3 con el sistema de ventanilla \u00fanica para realizar adquisiciones, tan festejada por <strong>AMLO<\/strong> al inicio de su gobierno, justo para evitar la corrupci\u00f3n.<\/p>\n<p>Los hechos concluyen que esa ventanilla fue s\u00f3lo un sue\u00f1o guajiro, atole con el dedo al pueblo, ya que cada dependencia hace sus propias compras a quien quiere al precio que ellos quieren.<\/p>\n<p>En contraparte nos ha arrollado con cancelaci\u00f3n de proyectos y programas esenciales para el desarrollo del pa\u00eds y para el sostenimiento de sectores esenciales. Uno doloroso, fue la cancelaci\u00f3n de las instancias infantiles, otro el de los recortes del sector salud, que derivaron entre otras cosas en la falta de medicamentos para ni\u00f1os con c\u00e1ncer.<\/p>\n<p>As\u00ed sus recortes por la austeridad republicana han derivado -seg\u00fan califican sus propios colaboradores- no en una austeridad franciscana, sino en una <strong><em>calcutiana<\/em><\/strong> (por aquello de la miseria en que viv\u00eda la madre <strong>Teresa, en Calcuta<\/strong>), han sumido en el caos y la desesperanza, inoperatividad a sectores como el de cultura, la promoci\u00f3n tur\u00edstica, la promoci\u00f3n de exportaciones, el campo, la educaci\u00f3n, todos\u2026<\/p>\n<p>Lo de la Presa de La Boquilla, en Chihuahua, pinta mal. Si como dicen origen es destino, el asesinato, ejecuci\u00f3n por la Guardia Nacional de una agricultora y las heridas a su marido que formaban parte de la protesta y el asedio a que se ha sometido a los agricultores que mantienen bajo su control esas instalaciones, va para un desastre hist\u00f3rico.<\/p>\n<p>Y as\u00ed pinta lo de la toma del Z\u00f3calo por parte de Frena el domingo pr\u00f3ximo, para quedarse ah\u00ed, afirman, hasta que AMLO renuncie.<\/p>\n<p>Mientras el n\u00famero de muertos por Covid-19 crece todos los d\u00edas como aumenta el n\u00famero de ejecutados debido ambos casos por la ineptitud del gobierno.<\/p>\n<p>Ya ni hablar del desastre econ\u00f3mico reflejado hoy ya en el aumento insospechado del hambre y pobreza en amplios sectores de la poblaci\u00f3n.<\/p>\n<p>Y no llevamos ni siquiera dos a\u00f1os cumplidos de esta administraci\u00f3n.<\/p>\n<p style=\"text-align: center;\"><strong>Por lo pronto, va lo de la consulta<\/strong><\/p>\n<p>As\u00ed como va, luego de que <strong>Julio Scherer<\/strong> Jr., del jur\u00eddico de Presidencia, entreg\u00f3 el martes a <strong>Eduardo Ram\u00edrez<\/strong>, presidente del Senado, la solicitud de <strong>Andr\u00e9s Manuel L\u00f3pez Obrador<\/strong> para la realizaci\u00f3n de la consulta popular para enjuiciar a los \u00faltimos 5 ex presidentes de M\u00e9xico, as\u00ed se envi\u00f3 a la Suprema Corte de Justicia.<\/p>\n<p>Todo dentro del l\u00edmite legal establecido por la fracci\u00f3n I, del art\u00edculo 26 de la Ley Federal de Consulta Popular.<\/p>\n<p>A partir de este momento, la Suprema Corte tiene hasta 20 d\u00edas naturales para responder.<\/p>\n<p>Al parejo el presidente del Senado instruy\u00f3 la publicaci\u00f3n de la solicitud en la Gaceta Parlamentaria de la C\u00e1mara de Senadores.<\/p>\n<p>Como lo establece la norma, <strong>AMLO<\/strong> propuso la siguiente pregunta como base de la consulta:<\/p>\n<p>\u00bf<strong><em>Est\u00e1 de acuerdo o no con que las autoridades competentes, con apego a las leyes y procedimientos aplicables, investiguen, y en su caso sancionen, la presunta comisi\u00f3n de delitos por parte de los ex presidentes Carlos Salinas de Gortari, Ernesto Zedillo Ponce de Le\u00f3n, Vicente Fox Quesada, Felipe Calder\u00f3n Hinojosa y Enrique Pe\u00f1a Nieto antes, durante y despu\u00e9s de sus respectivas gestiones<\/em><\/strong>?<\/p>\n<p>L\u00f3pez Obrador afirma en su solicitud que la consulta \u201ces en s\u00ed mismo un precedente necesario para prevenir la repetici\u00f3n de conductas indebidas en el ejercicio del poder y un deslinde con respecto a la impunidad y encubrimiento que caracteriz\u00f3 a los gobiernos neoliberales\u201d.<\/p>\n<p>Y afirma que su la petici\u00f3n no contraviene lo establecido en el 35 de la Constituci\u00f3n y en los tratados internacionales que indica \u201cque no podr\u00e1n ser objeto de consulta popular la restricci\u00f3n de los derechos humanos, ni las garant\u00edas para su protecci\u00f3n\u201d.<\/p>\n<p>Con este paso, la moneda est\u00e1 hoy en manos de los ministros de la Suprema Corte.<\/p>\n<p><em><a href=\"mailto:rvizcainoa@gmail.com\" target=\"_blank\" rel=\"noopener noreferrer\">rvizcainoa@gmail.com<\/a><br \/>\n<u><a href=\"http:\/\/endirecto.mx\" target=\"_blank\" rel=\"noopener noreferrer\">www.endirecto.mx<\/a><br \/>\n<a href=\"https:\/\/twitter.com\/_rvizcaino\" target=\"_blank\" rel=\"noopener noreferrer\">@_RVizcaino<\/a><br \/>\n<a href=\"https:\/\/www.facebook.com\/rvizcainoa\" target=\"_blank\" rel=\"noopener noreferrer\">facebook.com\/rvizcainoa<\/a><\/u><\/em><\/p>\n","protected":false},"excerpt":{"rendered":"<p><span style=\"color: #005497;\"><strong>Roberto Vizca\u00edno<\/strong><\/span><br \/>\n<br \/>\nSe desfond\u00f3. Los resultados indican que el pueblo bueno lo abandon\u00f3. Ni logr\u00f3 vender los 6 millones de boletos de loter\u00eda para los del avi\u00f3n, ni logr\u00f3 el mill\u00f3n 800 mil firmas para la consulta.\u00a0<\/p>\n","protected":false},"author":3,"featured_media":0,"comment_status":"open","ping_status":"open","sticky":false,"template":"","format":"standard","meta":{"_monsterinsights_skip_tracking":false,"_monsterinsights_sitenote_active":false,"_monsterinsights_sitenote_note":"","_monsterinsights_sitenote_category":0,"footnotes":""},"categories":[136],"tags":[43674,93,94],"class_list":["post-480389","post","type-post","status-publish","format-standard","hentry","category-roberto-vizcaino-opinion","tag-opinion","tag-roberto-vizcaino","tag-tras-la-puerta-del-poder"],"_links":{"self":[{"href":"https:\/\/www.diarioimagen.net\/index.php?rest_route=\/wp\/v2\/posts\/480389","targetHints":{"allow":["GET"]}}],"collection":[{"href":"https:\/\/www.diarioimagen.net\/index.php?rest_route=\/wp\/v2\/posts"}],"about":[{"href":"https:\/\/www.diarioimagen.net\/index.php?rest_route=\/wp\/v2\/types\/post"}],"author":[{"embeddable":true,"href":"https:\/\/www.diarioimagen.net\/index.php?rest_route=\/wp\/v2\/users\/3"}],"replies":[{"embeddable":true,"href":"https:\/\/www.diarioimagen.net\/index.php?rest_route=%2Fwp%2Fv2%2Fcomments&post=480389"}],"version-history":[{"count":0,"href":"https:\/\/www.diarioimagen.net\/index.php?rest_route=\/wp\/v2\/posts\/480389\/revisions"}],"wp:attachment":[{"href":"https:\/\/www.diarioimagen.net\/index.php?rest_route=%2Fwp%2Fv2%2Fmedia&parent=480389"}],"wp:term":[{"taxonomy":"category","embeddable":true,"href":"https:\/\/www.diarioimagen.net\/index.php?rest_route=%2Fwp%2Fv2%2Fcategories&post=480389"},{"taxonomy":"post_tag","embeddable":true,"href":"https:\/\/www.diarioimagen.net\/index.php?rest_route=%2Fwp%2Fv2%2Ftags&post=480389"}],"curies":[{"name":"wp","href":"https:\/\/api.w.org\/{rel}","templated":true}]}}