{"id":480515,"date":"2020-09-18T00:03:37","date_gmt":"2020-09-18T05:03:37","guid":{"rendered":"https:\/\/www.diarioimagen.net\/?p=480515"},"modified":"2020-09-18T02:17:22","modified_gmt":"2020-09-18T07:17:22","slug":"amlo-con-trump-calladito","status":"publish","type":"post","link":"https:\/\/www.diarioimagen.net\/?p=480515","title":{"rendered":"AMLO con Trump, calladito\u2026"},"content":{"rendered":"<h2>Centro..!<\/h2>\n<h5>Arturo R\u00edos Ruiz<em>\u00a0<\/em><\/h5>\n<p><em>\u00a0<\/em><\/p>\n<ul>\n<li><em>\u00a0<\/em><strong><em>A todos les responde airado<\/em><\/strong><\/li>\n<li><strong><em>El g\u00fcero en campa\u00f1a es peor\u00a0<\/em><\/strong><\/li>\n<\/ul>\n<p>&nbsp;<\/p>\n<p>\u201cAmor y paz\u2026\u201d la misma respuesta cuando Donald Trump arremete contra M\u00e9xico o con el mismo AMLO, el Presidente, no se atreve a la m\u00ednima contradicci\u00f3n a su hom\u00f3logo de Estados Unidos.<\/p>\n<p>Pero que no se trate de periodistas, empresarios, personajes de la oposici\u00f3n, pol\u00edticos del pasado y de cualquier otro sector, entonces su se trenza en constantes dimes y diretes, desde la ma\u00f1anera, donde est\u00e1 cubierto por un grupo de informadores a modo, que hasta \u201cHonoris Causa\u201d los convirtieron ya.<\/p>\n<p>Trump, amigo de nadie, lanz\u00f3 el primer disparo de la temporada en su campa\u00f1a en la que busca la reelecci\u00f3n y se acab\u00f3 el encanto:<\/p>\n<p>\u201cFalta m\u00e1s por hacer\u201d; Trump incluye a M\u00e9xico en lista de principales pa\u00edses productores de drogas.<\/p>\n<p>Nuestro Presidente precis\u00f3 que el amago del magnate forma parte de un informe anual de EU, en el cual hay puntos que se comparten y otros que no, destac\u00f3 que la relaci\u00f3n bilateral es buena, por lo que no caer\u00e1 en provocaciones.<\/p>\n<p>O sea, dicho en palabras coloquiales, \u201caguanta vara\u201d y no responde como es su costumbre y prefiere callar, \u201cpor la buena relaci\u00f3n con los Estados Unidos\u201d, aunque de all\u00e1 para ac\u00e1, Trump, no ve las cosas as\u00ed, no le importa nadie, solo \u00e9l y sus intereses y hace lo que quiere y dice, de nuestro pa\u00eds lo que le viene en gana.<\/p>\n<p>Esta es la amenaza de Trump: advierte en un memorando que en caso de que M\u00e9xico no trabajara m\u00e1s en el combate al narcotr\u00e1fico podr\u00eda ser sancionado por el presunto incumplimiento de compromisos internacionales en la materia.<\/p>\n<p>Sabemos que todo lo que declara el estadounidense busca avanzar en su popularidad y vencer al dem\u00f3crata Biden que lo aventaja en el conteo rumbo al Capitolio.<\/p>\n<p>Los abrazos y no balazos han dado nulos resultados, el pa\u00eds est\u00e1 cundido por el \u201cnarco\u201d en un porcentaje descomunal y no se nota, menos se ve, que nuestro gobierno tenga acciones de combate al crimen organizado, al contrario se advierte complacencia y no se olvida el \u201ccualiacanazo\u201d, que el mismo mandatario, admiti\u00f3 que \u00e9l dio la orden de liberar al \u201cChapito\u201d. La excusa: \u201csalvar vidas inocentes, pero call\u00f3 que fue un p\u00e9simo operativo que no previ\u00f3 los riesgos. En fin, calladito se ve m\u00e1s bonito.<\/p>\n<p>AL CIERRE; Ya pasamos a m\u00e1s de 71 mil muertos y L\u00f3pez. Gatell, muy c\u00f3modo sin despeinarse.<\/p>\n<p><em><a href=\"mailto:rrrart2000@hotmail.com\" target=\"_blank\" rel=\"noopener noreferrer\">rrrart2000@hotmail.com<\/a><\/em><\/p>\n","protected":false},"excerpt":{"rendered":"<p><span style=\"color: #005497;\"><strong>Arturo R\u00edos Ruiz<\/strong><\/span><\/p>\n","protected":false},"author":3,"featured_media":0,"comment_status":"open","ping_status":"open","sticky":false,"template":"","format":"standard","meta":{"_monsterinsights_skip_tracking":false,"_monsterinsights_sitenote_active":false,"_monsterinsights_sitenote_note":"","_monsterinsights_sitenote_category":0,"footnotes":""},"categories":[82265],"tags":[82266,10806,43674],"class_list":["post-480515","post","type-post","status-publish","format-standard","hentry","category-arturo-rios-ruiz","tag-arturo-rios-ruiz","tag-centro","tag-opinion"],"_links":{"self":[{"href":"https:\/\/www.diarioimagen.net\/index.php?rest_route=\/wp\/v2\/posts\/480515","targetHints":{"allow":["GET"]}}],"collection":[{"href":"https:\/\/www.diarioimagen.net\/index.php?rest_route=\/wp\/v2\/posts"}],"about":[{"href":"https:\/\/www.diarioimagen.net\/index.php?rest_route=\/wp\/v2\/types\/post"}],"author":[{"embeddable":true,"href":"https:\/\/www.diarioimagen.net\/index.php?rest_route=\/wp\/v2\/users\/3"}],"replies":[{"embeddable":true,"href":"https:\/\/www.diarioimagen.net\/index.php?rest_route=%2Fwp%2Fv2%2Fcomments&post=480515"}],"version-history":[{"count":0,"href":"https:\/\/www.diarioimagen.net\/index.php?rest_route=\/wp\/v2\/posts\/480515\/revisions"}],"wp:attachment":[{"href":"https:\/\/www.diarioimagen.net\/index.php?rest_route=%2Fwp%2Fv2%2Fmedia&parent=480515"}],"wp:term":[{"taxonomy":"category","embeddable":true,"href":"https:\/\/www.diarioimagen.net\/index.php?rest_route=%2Fwp%2Fv2%2Fcategories&post=480515"},{"taxonomy":"post_tag","embeddable":true,"href":"https:\/\/www.diarioimagen.net\/index.php?rest_route=%2Fwp%2Fv2%2Ftags&post=480515"}],"curies":[{"name":"wp","href":"https:\/\/api.w.org\/{rel}","templated":true}]}}