{"id":480518,"date":"2020-09-18T00:04:35","date_gmt":"2020-09-18T05:04:35","guid":{"rendered":"https:\/\/www.diarioimagen.net\/?p=480518"},"modified":"2020-09-18T02:19:12","modified_gmt":"2020-09-18T07:19:12","slug":"en-espera-de-la-vacuna","status":"publish","type":"post","link":"https:\/\/www.diarioimagen.net\/?p=480518","title":{"rendered":"En espera de la vacuna"},"content":{"rendered":"<h2>Punto por punto<\/h2>\n<h5>Augusto Corro<\/h5>\n<p>&nbsp;<\/p>\n<p>Est\u00e1 clar\u00edsimo que una vacuna efectiva contra el coronavirus (Covid-19) es lo que esperamos para salir de pandemia. S\u00f3lo que no se conoce la fecha en la que se dispondr\u00e1 de ese remedio que se antoja milagroso. Algunos cient\u00edficos afirman que ser\u00e1 hasta el segundo semestre del pr\u00f3ximo a\u00f1o cuando ya se cuente con el antivirus. En tanto, la competencia por encontrar la vacuna contin\u00faa en vario pa\u00edses. Quiz\u00e1 Rusia va en primer lugar en esta carrera, aunque no es segura su efectividad seg\u00fan los especialistas. Mientras, contin\u00faan los decesos y sigue permanente la amenaza de contagio.<\/p>\n<p>Es precisamente la vacuna rusa Sputnik V que podr\u00eda llegar en noviembre pr\u00f3ximo a M\u00e9xico. El gobierno de Rusia firm\u00f3 un acuerdo con Landsteiner Scientific para distribuir el mencionado f\u00e1rmaco en nuestro pa\u00eds. Para esa acci\u00f3n deber\u00e1 estar preparado el gobierno mexicano en una red amplia para su distribuci\u00f3n. Ahora se trata de una especulaci\u00f3n m\u00e1s, pero puede convertirse en una realidad. Por otra parte nuestro pa\u00eds tiene convenios con otros laboratorios, entre otros est\u00e1 AstraZeneca, para conseguir 150 millones de vacunas para poder inmunizar eficientemente a la poblaci\u00f3n.<\/p>\n<p>Tambi\u00e9n se firmaron acuerdos con la francesa Sanofi y Johnson&amp;Johnson para realizar pruebas. Adem\u00e1s hay acercamientos con las vacunas chinas de CanSino y Walvax, etc. Como se ve, hay atenci\u00f3n suficiente para conseguir el f\u00e1rmaco antivirus, pero si se demora la aplicaci\u00f3n de las vacunas seguir\u00e1n los decesos, por los rebrotes de la pandemia y la falta de compromiso de las personas para respetar las medidas sanitarias. El control del coronavirus depender\u00e1 mucho de la manera de regresar a la nueva normalidad: el cuidado del uso del cubrebocas y la sana distancia.<\/p>\n<p>En algunos pa\u00edses europeos ya se dieron los rebrotes de la pandemia al reabrirse negocios y empresas. As\u00ed ser\u00e1 dif\u00edcil controlar la cadena de contagios, pues a las autoridades les urge que se regrese a la nueva normalidad para contrarrestar los efectos da\u00f1inos a las econom\u00edas que las paralizaron. Es necesario las autoridades exageren el cumplimiento de las medidas sanitarias preventivas para controlar, al menos, el n\u00famero de decesos por la pandemia. En M\u00e9xico, iban, hasta el mi\u00e9rcoles, 71 mil 978 decesos y 680 mil 931 contagiados. Como se\u00f1alamos arriba, s\u00f3lo la vacuna milagrosa nos librar\u00e1 del mal. De nuestra responsabilidad social depender\u00e1 mucho el rompimiento de la cadena contagiosa.<\/p>\n<p>La presencia del coronavirus en M\u00e9xico y en otros pa\u00edses evidenci\u00f3 las enormes diferencias sociales. De un lado se ubic\u00f3 a aquellos sectores de la poblaci\u00f3n con posibilidades de defenderse del coronavirus por medio del aislamiento, es decir la cuarentena. Por el otro lado, los millones de personas sin recursos econ\u00f3micos que tienen que tiene que salir a la calle a conseguir los recursos econ\u00f3micos necesarios para su alimentaci\u00f3n. Estos son los que tienen que exponerse al contagio, pues tienen que viajar en el transporte p\u00fablico, donde no todos cumplen con el uso del cubrebocas o no guardan la sana distancia.<\/p>\n<p>El coronavirus arrasa parejo con la poblaci\u00f3n, pero se desarrolla m\u00e1s entre la gente pobre. Esto se comprueba en los hospitales p\u00fablicos que tienen un n\u00famero m\u00e1s elevado de decesos que los registrados en los nosocomios privados. Las autoridades sanitarias deben atender con mayor atenci\u00f3n a los sectores afectados por la pobreza, pues, como se ve, est\u00e1n m\u00e1s expuestos a padecer el contagio. Se debe agregar que la atenci\u00f3n de las autoridades sanitarias debe tener mayor atenci\u00f3n con el elevado n\u00famero de personas predispuestas a ser v\u00edctimas del virus, entre las que se encuentran los enfermos de diabetes, son obesos o padecen problemas de presi\u00f3n arterial.<\/p>\n<p>La crisis del coronavirus tendr\u00e1 que superarse. No ser\u00e1 f\u00e1cil. Estamos obligados a actuar con responsabilidad para contener su avance, mientras llega la vacuna. Vamos a seguir al pie de la letra las medidas sanitarias preventivas. \u00bfUsted qu\u00e9 opina amable lector?<\/p>\n<p><a href=\"mailto:aco2742@hotmail.com\" target=\"_blank\" rel=\"noopener noreferrer\"><em>aco2742@hotmail.com<\/em><\/a><\/p>\n","protected":false},"excerpt":{"rendered":"<p><span style=\"color: #005497;\"><strong>Augusto Corro<\/strong><\/span><\/p>\n","protected":false},"author":3,"featured_media":0,"comment_status":"open","ping_status":"open","sticky":false,"template":"","format":"standard","meta":{"_monsterinsights_skip_tracking":false,"_monsterinsights_sitenote_active":false,"_monsterinsights_sitenote_note":"","_monsterinsights_sitenote_category":0,"footnotes":""},"categories":[157],"tags":[43686,43674,11515],"class_list":["post-480518","post","type-post","status-publish","format-standard","hentry","category-augusto-corro","tag-augusto-corro","tag-opinion","tag-punto-por-punto"],"_links":{"self":[{"href":"https:\/\/www.diarioimagen.net\/index.php?rest_route=\/wp\/v2\/posts\/480518","targetHints":{"allow":["GET"]}}],"collection":[{"href":"https:\/\/www.diarioimagen.net\/index.php?rest_route=\/wp\/v2\/posts"}],"about":[{"href":"https:\/\/www.diarioimagen.net\/index.php?rest_route=\/wp\/v2\/types\/post"}],"author":[{"embeddable":true,"href":"https:\/\/www.diarioimagen.net\/index.php?rest_route=\/wp\/v2\/users\/3"}],"replies":[{"embeddable":true,"href":"https:\/\/www.diarioimagen.net\/index.php?rest_route=%2Fwp%2Fv2%2Fcomments&post=480518"}],"version-history":[{"count":0,"href":"https:\/\/www.diarioimagen.net\/index.php?rest_route=\/wp\/v2\/posts\/480518\/revisions"}],"wp:attachment":[{"href":"https:\/\/www.diarioimagen.net\/index.php?rest_route=%2Fwp%2Fv2%2Fmedia&parent=480518"}],"wp:term":[{"taxonomy":"category","embeddable":true,"href":"https:\/\/www.diarioimagen.net\/index.php?rest_route=%2Fwp%2Fv2%2Fcategories&post=480518"},{"taxonomy":"post_tag","embeddable":true,"href":"https:\/\/www.diarioimagen.net\/index.php?rest_route=%2Fwp%2Fv2%2Ftags&post=480518"}],"curies":[{"name":"wp","href":"https:\/\/api.w.org\/{rel}","templated":true}]}}