{"id":480519,"date":"2020-09-18T00:03:14","date_gmt":"2020-09-18T05:03:14","guid":{"rendered":"https:\/\/www.diarioimagen.net\/?p=480519"},"modified":"2020-09-18T02:21:05","modified_gmt":"2020-09-18T07:21:05","slug":"cargada-gruesa-por-delgado","status":"publish","type":"post","link":"https:\/\/www.diarioimagen.net\/?p=480519","title":{"rendered":"\u201cCargada\u201d gruesa por Delgado"},"content":{"rendered":"<h2>Espacio Electoral<\/h2>\n<h5>Eleazar Flores<\/h5>\n<p>&nbsp;<\/p>\n<p><strong>TODOS FORMADITOS-.<\/strong> Por m\u00e1s que se niegue la existencia de una \u201ccargada\u201d en favor de Mario Delgado para ocupar la presidencia del Movimiento de Regeneraci\u00f3n Nacional, dif\u00edcilmente se cree hasta entre sus detractores, pues diputados federales, locales y ediles mexiquenses se le formaron.<\/p>\n<p>Esto sucedi\u00f3 en el mitin de apoyo celebrado en pleno 16 de septiembre, con la clase pol\u00edtica m\u00e1s destacada de Motrns en dos municipios emblema como son Metepec y la capital, Toluca.<\/p>\n<p>Municipios emblema para la clase pol\u00edtica gobernante desde julio de 2018 a la fecha, pues si bien Toluca est\u00e1 en manos de un panista converso, Juan Rodolfo S\u00e1nchez G\u00f3mez, hoy se declara m\u00e1s morenista que nadie, m\u00e1xime que busca reelegirse, igual que Gabriela Gamboa, alcaldesa de Metepec, domicilio de la clase pol\u00edtica priista m\u00e1s relevante y que seguramente acecha retornar.<\/p>\n<p><strong>VISITA-.<\/strong> El cuarent\u00f3n nayarita Mario Delgado Carrillo estuvo en Toluca y Metepec el pasado mi\u00e9rcoles, no obstante tratarse de un d\u00eda c\u00edvico feriado. Eso pas\u00f3 a segundo t\u00e9rmino, tanto que diputados federales, locales, senadores con licencia y presidentes municipales sacrificaron su d\u00eda de asueto con tal de ser vistos por quien seguramente liderar\u00e1 Morena.<\/p>\n<p>De entre los presentes en los m\u00edtines y conferencia de prensa del diputado federal y coordinador de la aplanadora Morena en la c\u00e1mara baja, Mario Delgado, destacaron el l\u00edder legislativo estatal y presidente de la Junta de Coordinaci\u00f3n Pol\u00edtica, Jucopo, Maurilio Hern\u00e1ndez, el ex candidato a gobernador, senador texcocano con licencia Higinio Mart\u00ednez y los alcaldes Juan Rodolfo S\u00e1nchez G\u00f3mez de Toluca y Gaby Gamboa, de Metepec.<\/p>\n<p>Qu\u00e9 diferencia con la reciente visita, -la semana pasada-, a suelo mexiquense, del joven preparado pero soberbio Gibr\u00e1n Ram\u00edrez, quien como mayor contingente tuvo a los medios de informaci\u00f3n ante quienes dijo verdades de a kilo, como la \u201ccargada\u201d y dem\u00e1s, negadas por su adversario en la b\u00fasqueda de la presidencia de Morena, Mario Delgado.<\/p>\n<p>De los pronunciamientos de este \u00faltimo ante los medios ya los adivin\u00f3, que no es el candidato oficial para presidir a Morena, que no hay dados cargados y que la militancia ser\u00e1 la que en \u00faltima instancia decida la suerte de los competidores. \u00bfLe cree?, tampoco yo y muchos m\u00e1s.<\/p>\n<p>El acompa\u00f1amiento y presencia del mi\u00e9rcoles en eventos de Delgado, deduce que muchos que estaban con Yeidckol, otra aspirante a la presidencia del partido, la han abandonado en su lucha por ese intento, no obstante que antes fueron sus compa\u00f1eros de cabecera y eventos; pero si es as\u00ed ni se asombre, la fidelidad no es el fuerte ni en el amor, menos en pol\u00edtica.<\/p>\n<p>De los sabios, dicho de Mu\u00f1oz Ledo acerca de esta elecci\u00f3n, pocos se acuerdan.<\/p>\n<p><em><a href=\"mailto:elefa44@gmail.com\" target=\"_blank\" rel=\"noopener noreferrer\">elefa44@gmail.com<\/a><\/em><\/p>\n","protected":false},"excerpt":{"rendered":"<p><span style=\"color: #005497;\"><strong>Eleazar Flores<\/strong><\/span><\/p>\n","protected":false},"author":3,"featured_media":0,"comment_status":"open","ping_status":"open","sticky":false,"template":"","format":"standard","meta":{"_monsterinsights_skip_tracking":false,"_monsterinsights_sitenote_active":false,"_monsterinsights_sitenote_note":"","_monsterinsights_sitenote_category":0,"footnotes":""},"categories":[81743],"tags":[81744,81776,43674],"class_list":["post-480519","post","type-post","status-publish","format-standard","hentry","category-eleazar-flores","tag-eleazar-flores","tag-espacio-electoral","tag-opinion"],"_links":{"self":[{"href":"https:\/\/www.diarioimagen.net\/index.php?rest_route=\/wp\/v2\/posts\/480519","targetHints":{"allow":["GET"]}}],"collection":[{"href":"https:\/\/www.diarioimagen.net\/index.php?rest_route=\/wp\/v2\/posts"}],"about":[{"href":"https:\/\/www.diarioimagen.net\/index.php?rest_route=\/wp\/v2\/types\/post"}],"author":[{"embeddable":true,"href":"https:\/\/www.diarioimagen.net\/index.php?rest_route=\/wp\/v2\/users\/3"}],"replies":[{"embeddable":true,"href":"https:\/\/www.diarioimagen.net\/index.php?rest_route=%2Fwp%2Fv2%2Fcomments&post=480519"}],"version-history":[{"count":0,"href":"https:\/\/www.diarioimagen.net\/index.php?rest_route=\/wp\/v2\/posts\/480519\/revisions"}],"wp:attachment":[{"href":"https:\/\/www.diarioimagen.net\/index.php?rest_route=%2Fwp%2Fv2%2Fmedia&parent=480519"}],"wp:term":[{"taxonomy":"category","embeddable":true,"href":"https:\/\/www.diarioimagen.net\/index.php?rest_route=%2Fwp%2Fv2%2Fcategories&post=480519"},{"taxonomy":"post_tag","embeddable":true,"href":"https:\/\/www.diarioimagen.net\/index.php?rest_route=%2Fwp%2Fv2%2Ftags&post=480519"}],"curies":[{"name":"wp","href":"https:\/\/api.w.org\/{rel}","templated":true}]}}