{"id":480649,"date":"2020-09-21T00:03:07","date_gmt":"2020-09-21T05:03:07","guid":{"rendered":"https:\/\/www.diarioimagen.net\/?p=480649"},"modified":"2020-09-21T01:44:43","modified_gmt":"2020-09-21T06:44:43","slug":"crece-el-movimiento-feminista","status":"publish","type":"post","link":"https:\/\/www.diarioimagen.net\/?p=480649","title":{"rendered":"Crece el movimiento feminista"},"content":{"rendered":"<h2>Centro..!<\/h2>\n<h5>Arturo R\u00edos Ruiz<em>\u00a0<\/em><em>\u00a0<\/em><\/h5>\n<p>&nbsp;<\/p>\n<ul>\n<li><strong><em>Presente, en 25 entidades<\/em><\/strong><\/li>\n<li><strong><em>\u00a1Ni una m\u00e1s! es su consigna\u00a0<\/em><\/strong><\/li>\n<\/ul>\n<p>&nbsp;<\/p>\n<p>Las mujeres han luchado toda su vida por los derechos civiles desde tiempos inmemorables, poco a poco han ganado terreno que prevalec\u00eda en poder los hombres y hoy, son el grito desesperado exigiendo freno a la violencia en su contra.<\/p>\n<p>S\u00f3lo un ejemplo de la indolencia masculina en su contra: Hermila Galindo, quien fue secretaria muy eficiente de Venustiano Carranza, al que represent\u00f3 en la Habana, Cuba, y llevaba con tino la correspondencia del revolucionario, escritos, comunicados y todo tipo de asesor\u00eda, se le revel\u00f3 con infinita valent\u00eda.<\/p>\n<p>Era el momento preparar la Constituci\u00f3n de 1917, ella pidi\u00f3 al entonces Presidente de la Rep\u00fablica, que fuera M\u00e9xico el primer pa\u00eds en el mundo que otorgar el voto a la mujer lo que le fue negado.<\/p>\n<p>Por esa causa, sin avisar, dio a conocer que se lanzar\u00eda para diputada federal como independiente, a sabiendas que no se le permitir\u00eda, por no estar considerada esa figura en las elecciones.<\/p>\n<p>El prop\u00f3sito de la dama fue realizar su cometido como un acto de protesta y exhibir el machismo que le negaba la revoluci\u00f3n a las mujeres, un logro sin duda, pues qued\u00f3 la negativa registrada para la historia.<\/p>\n<p>Fue hasta el 6 de abril de 1953 cuando Adolfo Ruiz Cortines env\u00edo al Congreso una iniciativa de ley para modificar los art\u00edculos 34 y 115 constitucionales para otorgar la plenitud de los derechos ciudadanos a la mujer mexicana; que fue aprobada en octubre del mismo a\u00f1o.<\/p>\n<p>El 3 de julio de 1955 fue la primera vez que la mujer mexicana emiti\u00f3 su voto en elecciones federales a fin de integrar la XLIII Legislatura del Congreso de la Uni\u00f3n; aunque la primera diputaci\u00f3n federal ganada por una mujer ocurri\u00f3 en 1964 por el estado de Chihuahua, fue Florentina Villalobos Chaparro. Galindo, m\u00e1s tarde logr\u00f3 ser legisladora.<\/p>\n<p>Hoy, Inspiradas por la toma de la Comisi\u00f3n Nacional de los Derechos Humanos, el pasado 3 de septiembre y por sentir falta de empat\u00eda presidencial, el movimiento feminista, exige un alto a la violencia de g\u00e9nero, han intensificado sus protestas en al menos 25 estados.<\/p>\n<p>S\u00f3lo faltan San Luis Potos\u00ed, Coahuila, Hidalgo, Durango, Colima, Baja California Sur y Quer\u00e9taro. La mujer sigue luchando por sus derechos.<\/p>\n<p><strong>AL CIERRE.-<\/strong> AMLO afirma que no se impidi\u00f3 el plant\u00f3n de FRENAAA, pero Claudia Sheinbaum, dice que fue para evitar choque con otra movilizaci\u00f3n sin precisar cu\u00e1l fue \u00bfA qui\u00e9n le creemos?<\/p>\n<p><em><a href=\"mailto:rrrart2000@hotmail.com\" target=\"_blank\" rel=\"noopener noreferrer\">rrrart2000@hotmail.com<\/a><\/em><\/p>\n","protected":false},"excerpt":{"rendered":"<p><span style=\"color: #005497;\"><strong>Arturo R\u00edos Ruiz<\/strong><\/span><\/p>\n","protected":false},"author":3,"featured_media":0,"comment_status":"open","ping_status":"open","sticky":false,"template":"","format":"standard","meta":{"_monsterinsights_skip_tracking":false,"_monsterinsights_sitenote_active":false,"_monsterinsights_sitenote_note":"","_monsterinsights_sitenote_category":0,"footnotes":""},"categories":[82265],"tags":[82266,10806,43674],"class_list":["post-480649","post","type-post","status-publish","format-standard","hentry","category-arturo-rios-ruiz","tag-arturo-rios-ruiz","tag-centro","tag-opinion"],"_links":{"self":[{"href":"https:\/\/www.diarioimagen.net\/index.php?rest_route=\/wp\/v2\/posts\/480649","targetHints":{"allow":["GET"]}}],"collection":[{"href":"https:\/\/www.diarioimagen.net\/index.php?rest_route=\/wp\/v2\/posts"}],"about":[{"href":"https:\/\/www.diarioimagen.net\/index.php?rest_route=\/wp\/v2\/types\/post"}],"author":[{"embeddable":true,"href":"https:\/\/www.diarioimagen.net\/index.php?rest_route=\/wp\/v2\/users\/3"}],"replies":[{"embeddable":true,"href":"https:\/\/www.diarioimagen.net\/index.php?rest_route=%2Fwp%2Fv2%2Fcomments&post=480649"}],"version-history":[{"count":0,"href":"https:\/\/www.diarioimagen.net\/index.php?rest_route=\/wp\/v2\/posts\/480649\/revisions"}],"wp:attachment":[{"href":"https:\/\/www.diarioimagen.net\/index.php?rest_route=%2Fwp%2Fv2%2Fmedia&parent=480649"}],"wp:term":[{"taxonomy":"category","embeddable":true,"href":"https:\/\/www.diarioimagen.net\/index.php?rest_route=%2Fwp%2Fv2%2Fcategories&post=480649"},{"taxonomy":"post_tag","embeddable":true,"href":"https:\/\/www.diarioimagen.net\/index.php?rest_route=%2Fwp%2Fv2%2Ftags&post=480649"}],"curies":[{"name":"wp","href":"https:\/\/api.w.org\/{rel}","templated":true}]}}