{"id":480805,"date":"2020-09-22T00:10:24","date_gmt":"2020-09-22T05:10:24","guid":{"rendered":"https:\/\/www.diarioimagen.net\/?p=480805"},"modified":"2020-09-22T01:05:31","modified_gmt":"2020-09-22T06:05:31","slug":"el-regreso-de-ricardo-anaya","status":"publish","type":"post","link":"https:\/\/www.diarioimagen.net\/?p=480805","title":{"rendered":"El regreso de Ricardo Anaya"},"content":{"rendered":"<h2>De frente y de perfil<\/h2>\n<h5>Ram\u00f3n Zurita Sahag\u00fan<\/h5>\n<p>&nbsp;<\/p>\n<p>Para todos aquellos que anhelaban un pol\u00edtico opositor con discurso y recursos para dar la r\u00e9plica al presidente L\u00f3pez Obrador, tal vez pudieran tenerlo en Ricardo Anaya Cort\u00e9s, quien despu\u00e9s de dos a\u00f1os de ausencia, anuncia su retorno a las lides pol\u00edticas.<\/p>\n<p>Joven, buen orador, con preparaci\u00f3n y un estilo ortodoxo para el quehacer pol\u00edtico, Anaya Cort\u00e9s sorprendi\u00f3 y emocion\u00f3 a muchos a finales de 2017 e inicios de 18, aunque pronto se desmoron\u00f3 como los dem\u00e1s candidatos que contendieron contra el actual Ejecutivo federal.<\/p>\n<p>El queretano hizo gala de una educaci\u00f3n esmerada, tanto culturalmente como musicalmente, ense\u00f1o una esmerada ret\u00f3rica, conocimientos de econom\u00eda y le lleg\u00f3 a ciertos sectores de la poblaci\u00f3n.<\/p>\n<p>Pronto mostr\u00f3 que su estructura era demasiado fr\u00e1gil y en los primeros escarceos se desarm\u00f3. Primero desde las altas esferas del poder priista se le inici\u00f3 una investigaci\u00f3n por enriquecimiento il\u00edcito y despu\u00e9s desde el primer debate mostro sus debilidades.<\/p>\n<p>Anaya Cortes no fue adversario para L\u00f3pez Obrador, quien se mof\u00f3 de \u00e9l durante los dos debates y el panista cay\u00f3 abruptamente en las encuestas, quedando demasiado lejos del ganador de la contienda.<\/p>\n<p>El golpe fue tremendo para el joven panista que irrumpi\u00f3 en la pol\u00edtica nacional y en un sexenio brinc\u00f3 de una diputaci\u00f3n federal a la presidencia de la C\u00e1mara de Diputados, al liderazgo de su partido y a la candidatura presidencial, ocasionando con ello un rompimiento dentro de la estructura del partido, provocando la salida de militantes como Felipe Calder\u00f3n, Margarita Zavala y otras figuras de Acci\u00f3n Nacional, as\u00ed como la molestia y el rompimiento con otros personajes que lo abandonaron en su aventura presidencial.<\/p>\n<p>El alejamiento de Ricardo no bast\u00f3 para que se olvidar\u00e1n de \u00e9l, ya que ocasionalmente recurr\u00eda a la presentaci\u00f3n de videos o alguna declaraci\u00f3n para mantenerse vigente.<\/p>\n<p>Si embargo, la irrupci\u00f3n de Emilio Lozoya con sus declaraciones lo trajeron de nueva cuenta a la discusi\u00f3n p\u00fablica cuando fue acusado por el ex director de Pemex de la estela de corrupci\u00f3n sembrada por el gobierno priista de Pe\u00f1a Nieto.<\/p>\n<p>La respuesta de Anaya Cortes fue demandar a Lozoya Austin, aunque un juez declar\u00f3 improcedente dicha acci\u00f3n judicial, por haberla presentado ante una autoridad federal, cuando debi\u00f3 hacerlo ante una local.<\/p>\n<p>Eso ocurri\u00f3 recientemente, por lo que el ex dirigente nacional del PAN decidi\u00f3 retomar su actividad pol\u00edtica y pretender ponerse al frente de una oposici\u00f3n que no atina a ocupar un espacio dentro del contexto nacional.<\/p>\n<p>El regreso de Anaya Cort\u00e9s se enmarca dentro del contexto del a\u00f1o electoral iniciado hace un par de semanas, que habr\u00e1 de desembocar con los comicios para elegir a 500 diputados federales, 15 gobernadores y otras autoridades en los estados.<\/p>\n<p>Lo que no queda claro es el papel que asumir\u00e1 Anaya, toda vez que el actual dirigente del PAN, Marko Cort\u00e9s, es uno de sus disc\u00edpulos, aunque no de los m\u00e1s adelantados.<\/p>\n<p>Ricardo podr\u00eda optar por disputar la candidatura al gobierno de Quer\u00e9taro con Mauricio Kuri, quien se ve como el futuro candidato del PAN o disputar una nominaci\u00f3n a diputado federal, sea de mayor\u00eda o plurinominal o tratar de aglutinar a una oposici\u00f3n dispersa, lo que, tal vez, le diera la posibilidad de contender nuevamente por la Presidencia de la Rep\u00fablica.<\/p>\n<p style=\"text-align: center;\"><strong>****<\/strong><\/p>\n<p>Con la presentaci\u00f3n de su segundo informe de actividades legislativas ante sus electores, el senador Jos\u00e9 Narro C\u00e9spedes se declar\u00f3 listo para contender por la candidatura de Morena al gobierno de Zacatecas.<\/p>\n<p>El legislador pretende encabezar una coalici\u00f3n entre Morena y el PT, m\u00e1s otros aliados que se sumen a su nominaci\u00f3n, aunque sabe que dentro de su partido tiene fuertes adversarios como David Monreal \u00c1vila (hermano de Ricardo Monreal \u00c1vila), Ulises Mej\u00eda Haro (alcalde de la capital) y la tambi\u00e9n senadora con licencia Roc\u00edo Nahle, quien se sabe se esperar\u00e1 para contender por el gobierno de Veracruz.<\/p>\n<p>La disputa ser\u00e1 con Monreal, ya que Alfonso Ram\u00edrez Cu\u00e9llar no tiene la presencia suficiente en el estado para participar.<\/p>\n<p><a href=\"mailto:%20zurita_sahagun@hotmail.com\" target=\"_blank\" rel=\"noopener noreferrer\"><em>zurita_sahagun@hotmail.com<\/em><\/a><\/p>\n","protected":false},"excerpt":{"rendered":"<p><span style=\"color: #005497;\"><strong>Ram\u00f3n Zurita Sahag\u00fan<\/strong><\/span><br \/>\n<br \/>\nPara todos aquellos que anhelaban un pol\u00edtico opositor con discurso y recursos para dar la r\u00e9plica al presidente L\u00f3pez Obrador, tal vez pudieran tenerlo en Ricardo Anaya Cort\u00e9s, quien despu\u00e9s de dos a\u00f1os de ausencia, anuncia su retorno a las lides pol\u00edticas.\u00a0<\/p>\n","protected":false},"author":3,"featured_media":0,"comment_status":"open","ping_status":"open","sticky":false,"template":"","format":"standard","meta":{"_monsterinsights_skip_tracking":false,"_monsterinsights_sitenote_active":false,"_monsterinsights_sitenote_note":"","_monsterinsights_sitenote_category":0,"footnotes":""},"categories":[234],"tags":[304,43674,43687],"class_list":["post-480805","post","type-post","status-publish","format-standard","hentry","category-ramon-zurita-sahagun","tag-de-frente-y-de-perfil","tag-opinion","tag-ramon-zurita-sahagun"],"_links":{"self":[{"href":"https:\/\/www.diarioimagen.net\/index.php?rest_route=\/wp\/v2\/posts\/480805","targetHints":{"allow":["GET"]}}],"collection":[{"href":"https:\/\/www.diarioimagen.net\/index.php?rest_route=\/wp\/v2\/posts"}],"about":[{"href":"https:\/\/www.diarioimagen.net\/index.php?rest_route=\/wp\/v2\/types\/post"}],"author":[{"embeddable":true,"href":"https:\/\/www.diarioimagen.net\/index.php?rest_route=\/wp\/v2\/users\/3"}],"replies":[{"embeddable":true,"href":"https:\/\/www.diarioimagen.net\/index.php?rest_route=%2Fwp%2Fv2%2Fcomments&post=480805"}],"version-history":[{"count":0,"href":"https:\/\/www.diarioimagen.net\/index.php?rest_route=\/wp\/v2\/posts\/480805\/revisions"}],"wp:attachment":[{"href":"https:\/\/www.diarioimagen.net\/index.php?rest_route=%2Fwp%2Fv2%2Fmedia&parent=480805"}],"wp:term":[{"taxonomy":"category","embeddable":true,"href":"https:\/\/www.diarioimagen.net\/index.php?rest_route=%2Fwp%2Fv2%2Fcategories&post=480805"},{"taxonomy":"post_tag","embeddable":true,"href":"https:\/\/www.diarioimagen.net\/index.php?rest_route=%2Fwp%2Fv2%2Ftags&post=480805"}],"curies":[{"name":"wp","href":"https:\/\/api.w.org\/{rel}","templated":true}]}}