{"id":480927,"date":"2020-09-23T00:08:49","date_gmt":"2020-09-23T05:08:49","guid":{"rendered":"https:\/\/www.diarioimagen.net\/?p=480927"},"modified":"2020-09-23T01:24:49","modified_gmt":"2020-09-23T06:24:49","slug":"gobernadores-no-quieren-recorte-en-presupuestos","status":"publish","type":"post","link":"https:\/\/www.diarioimagen.net\/?p=480927","title":{"rendered":"Gobernadores no quieren recorte en presupuestos"},"content":{"rendered":"<h2>Clase Pol\u00edtica<\/h2>\n<h5>Miguel \u00c1ngel Rivera<\/h5>\n<p>&nbsp;<\/p>\n<p>\u201cH\u00e1gase la austeridad en las mulas de mi compadre\u201d.<\/p>\n<p>Eso es precisamente lo que no desean que ocurra los gobernadores de Nuevo Le\u00f3n, Jalisco, Tamaulipas, Aguascalientes, Guanajuato, Coahuila, Colima, Durango, Chihuahua y \u00a0Michoac\u00e1n, que integran la llamada Alianza Federalista por M\u00e9xico.<\/p>\n<p>Los mandatarios de esas entidades abandonaron la Conferencia Nacional de Gobernadores (Conago) por no estar de acuerdo en el desigual reparto de recursos entre la federaci\u00f3n y los estados y ahora, a pesar de sus protestas, enfrentan un nuevo recorte de alto nivel en sus presupuestos.<\/p>\n<p>En su primera acci\u00f3n, tras abandonar\u00a0la Conago, la Alianza Federalista exigi\u00f3\u00a0al Ejecutivo y a la C\u00e1mara de Diputados\u00a0\u201cseriedad\u201d y \u201caltura de miras\u201d a la hora de la asignaci\u00f3n de recursos en el Proyecto de Presupuesto Federal\u00a0para 2021, pero al contrario de sus deseos, descubrieron que la propuesta del gobierno federal plantea un recorte de 108 mil 521 millones de pesos a los recursos que se asignan a los estados, en relaci\u00f3n con el presupuesto del presente a\u00f1o, el cual ya de por si se consideraba limitado en las entidades federativas.<\/p>\n<p>El mencionado proyecto\u00a0de Presupuesto para 2021, que entreg\u00f3 la Secretar\u00eda de Hacienda a la C\u00e1mara de Diputados, plantea\u00a0un gasto federalizado\u00a0que se integra por participaciones, aportaciones, convenios de descentralizaci\u00f3n y reasignaci\u00f3n por un total de 1.87 billones de pesos para estados y municipios, lo que significa una reducci\u00f3n, frente a los\u00a01.98 billones aprobados para este 2020.<\/p>\n<p>Los mandatarios inconformes reafirmar\u00e1n hoy su posici\u00f3n\u00a0su posici\u00f3n este mi\u00e9rcoles en la Ciudad de M\u00e9xico en una reuni\u00f3n en la que esperan tener la presencia de alg\u00fan representante del gobierno federal. Adem\u00e1s, tienen previstos encuentros con los coordinadores parlamentarios del Senado y la C\u00e1mara de Diputados a fin de discutir lo referente a los recortes para los estados y la necesidad de fortalecer el Federalismo.<\/p>\n<p>De hecho, en anteriores reuniones, los gobernadores inconformes han insistido en la urgencia de renovar el Pacto Fiscal y realizar para el efecto una Convenci\u00f3n Nacional Hacendaria.<\/p>\n<p>El gobernador de Coahuila, Miguel \u00c1ngel Riquelme, adelant\u00f3 que en su encuentro de hoy en la capital de la Rep\u00fablica, los 10 gobernadores que componen la Alianza expresar\u00e1n su posicionamiento ante el Proyecto del Presupuesto de Egresos de la Federaci\u00f3n.<\/p>\n<p>El mandatario coahuilense explic\u00f3 que cada gobernador expondr\u00e1 los recortes al presupuesto y las afectaciones que generar\u00e1 la falta de recursos para el pr\u00f3ximo a\u00f1o.<\/p>\n<p>Estaremos reunidos los 10 gobernadores, analizando todo el recorte que se dio a nuestras entidades. Cada quien va a exponer cu\u00e1l es la realidad del presupuesto. Hay cosas muy tangibles que se ven a simple vista, pero tenemos que hablar de las restricciones de las cu\u00e1les ser\u00e1 objeto el estado derivado de la falta de recursos.<\/p>\n<p>\u201cLa gente tiene que saber cu\u00e1les carreteras no vienen y cu\u00e1ntos a\u00f1os tardar\u00edamos en recuperar la infraestructura para nuestro desarrollo econ\u00f3mico. Tenemos que poner muy claro cu\u00e1les son las afectaciones del recorte\u201d, advirti\u00f3\u00a0el gobernador pri\u00edsta.<\/p>\n<p>Los diez integrantes de la Alianza son: Jaime Rodr\u00edguez Calder\u00f3n, de Nuevo Le\u00f3n;\u00a0Francisco\u00a0Garc\u00eda Cabeza de Vaca, de Tamaulipas;\u00a0Enrique Alfaro Ram\u00edrez, de Jalisco; Mart\u00edn Orozco Sandoval, de Aguascalientes; Miguel \u00c1ngel Riquelme Sol\u00eds, de Coahuila; Jos\u00e9 Ignacio Peralta S\u00e1nchez, de Colima; Javier Corral Jurado, de Chihuahua; Jos\u00e9 Rosas Aispuro Torres, de Durango; Diego Rodr\u00edguez Vallejo, de Guanajuato y Silvano Aureoles Cornejo, de Michoac\u00e1n.<\/p>\n<p style=\"text-align: center;\"><strong>Frente a los disidentes, aparece el \u201cgran garrote\u201d<\/strong><\/p>\n<p>M\u00e1s se tard\u00f3 el ex candidato presidencial del PAN y PRD, Ricardo Anaya Cort\u00e9s, en anunciar que vuelve a las actividades pol\u00edticas -obviamente en contra del gobierno de la llamada Cuarta Transformaci\u00f3n- que el cancerbero del gobierno federal, el fiscal Santiago Nieto, en recordar que su paisano, ex presidente del PAN, est\u00e1 bajo investigaci\u00f3n por supuestos actos de corrupci\u00f3n.<\/p>\n<p>De nueva cuenta, el titular de la Unidad de Inteligencia Financiera recurri\u00f3 a las escandalosas \u2014pero todav\u00eda no probadas\u2014 denuncias de Emilio Lozoya Austin, el ex director de Pemex, durante la primera parte del gobierno del ex presidente Enrique Pe\u00f1a.<\/p>\n<p>Santiago Nieto se\u00f1al\u00f3 que actualmente se desarrolla una investigaci\u00f3n en contra de Ricardo Anaya precisamente por las denuncias del ex titular de Pemex. De hecho, el nombre del ex candidato presidencial aparece en una lista de 70 personas f\u00edsicas y morales sujetas a investigaci\u00f3n como consecuencia de las revelaciones de Lozoya Austin, pero hasta ahora no hay denuncias formales ni siquiera contra el ex funcionario que est\u00e1 confeso y que por lo mismo fue extraditado por el gobierno de Espa\u00f1a, donde se hab\u00eda refugiado.<\/p>\n<p>\u201cSeguimos evidentemente operando en el an\u00e1lisis de las 70 personas que fueron denunciadas, en realidad fue una confesi\u00f3n de hechos propios, pero bueno, la Fiscal\u00eda lo tom\u00f3 como una denuncia para efecto de poder colaborar en cumplimiento de nuestras responsabilidades\u201d, coment\u00f3 Nieto Castillo.<\/p>\n<p>El titular de la UIF destac\u00f3 que esa dependencia ya ha presentado cinco denuncias relacionadas con el caso Odebrecht-Lozoya y que prepara una m\u00e1s debido a que han conseguido documentar una triangulaci\u00f3n de 3 mil millones de pesos, bajo una din\u00e1mica id\u00e9ntica a de la \u201cestafa maestra\u201d de la Sedesol.<\/p>\n<p>Por otra parte, Nieto coment\u00f3 que, como parte de la lucha contra el crimen organizado, el organismo que dirige emprender\u00e1 una acci\u00f3n contra otro c\u00e1rtel nacional la pr\u00f3xima semana, esto, luego de haber ubicado la existencia de 19 organizaciones criminales, dos de ellas con alcance internacional.<\/p>\n<p>Oficialmente, Nieto estuvo presente en Quer\u00e9taro con motivo de la firma de un convenio de colaboraci\u00f3n entre la Universidad Aut\u00f3noma de Quer\u00e9taro y la Unidad de Inteligencia Financiera, pero en medios pol\u00edticos de ese estado se comenta que es parte de su precampa\u00f1a, pues est\u00e1 considerado potencial candidato al gobierno estatal como abanderado de Morena.<\/p>\n<p style=\"text-align: center;\"><strong>La 4T no logra erradicar la corrupci\u00f3n en sus filas<\/strong><\/p>\n<p>El ex consejero electoral Jaime Fernando C\u00e1rdenas Gracia gan\u00f3 fama por ser irreductible en la defensa de las causas que \u00e9l considera justas y as\u00ed lo confirm\u00f3 como diputado federal, postulado por el PT, aunque no militaba en ese partido.<\/p>\n<p>Con el respaldo de esa fama, a finales de junio anterior, el doctor en derecho constitucional fue nombrado por el presidente Andr\u00e9s Manuel L\u00f3pez Obrador segundo titular del relativamente reci\u00e9n creado Instituto para Devolver al Pueblo lo Robado (INDEP), antes denominado Servicio de Administraci\u00f3n y Enajenaci\u00f3n de Bienes (SAE).<\/p>\n<p>Al dar a conocer el nombramiento, el presidente L\u00f3pez Obrador se refiri\u00f3 a C\u00e1rdenas de la siguiente manera: \u201cEs un constitucionalista, abogado de primera. Gente honesta, limpia\u201d.<\/p>\n<p>Apenas tres meses le llevaron a C\u00e1rdenas Gracia descubrir que el INDEP no es la instituci\u00f3n con la cual so\u00f1aba y que, lejos de ello, est\u00e1 afectado por un mal que es el m\u00e1s repudiado por el gobierno de la Cuarta Transformaci\u00f3n, la corrupci\u00f3n y por ello present\u00f3 su renuncia a su jefe el presidente L\u00f3pez Obrador, de quien se dice orgulloso seguidor desde hace a\u00f1os.<\/p>\n<p>La renuncia fue dada a conocer por el propio INDEP, en un comunicado en el cual informa que C\u00e1rdenas Gracia renunci\u00f3 para reincorporarse a la vida acad\u00e9mica y que agradeci\u00f3 al primer mandatario se designaci\u00f3n.<\/p>\n<p>Lo que no revel\u00f3 el comunicado del INDEP es que en su carta de renuncia, C\u00e1rdenas Gracia denunci\u00f3 que dentro de ese organismo hay actos de corrupci\u00f3n como mutilaci\u00f3n de joyas, irregularidades administrativas en procesos de valuaci\u00f3n y falta de recursos para cumplir con compromisos de pago.<\/p>\n<p>El funcionario, que entregar\u00e1 el cargo formalmente el venidero d\u00eda 30, explic\u00f3 que durante su gesti\u00f3n descubri\u00f3 que exist\u00eda manipulaci\u00f3n de sistemas inform\u00e1ticos y tecnol\u00f3gicos para beneficiar a unas cuantas personas en la realizaci\u00f3n de subastas electr\u00f3nicas, por lo que ya se analiza presentar las denuncias correspondientes.<\/p>\n<p>Precis\u00f3 que est\u00e1 pendiente de conciliar la transferencia de los 2 mil millones de pesos que en febrero se remitieron desde la Fiscal\u00eda General de la Rep\u00fablica (FGR) al INDEP, pues \u201chasta la fecha esos recursos est\u00e1n invertidos, generan intereses y no han sido utilizados\u201d.<\/p>\n<p><em><a href=\"mailto:riverapaz@infinitummail.com\" target=\"_blank\" rel=\"noopener noreferrer\">riverapaz@infinitummail.com<\/a><\/em><\/p>\n","protected":false},"excerpt":{"rendered":"<p><span style=\"color: #005497;\"><strong>Miguel \u00c1ngel Rivera<\/strong><\/span><\/p>\n","protected":false},"author":3,"featured_media":0,"comment_status":"open","ping_status":"open","sticky":false,"template":"","format":"standard","meta":{"_monsterinsights_skip_tracking":false,"_monsterinsights_sitenote_active":false,"_monsterinsights_sitenote_note":"","_monsterinsights_sitenote_category":0,"footnotes":""},"categories":[84119],"tags":[84120,84121,43674],"class_list":["post-480927","post","type-post","status-publish","format-standard","hentry","category-miguel-angel-rivera","tag-clase-politica","tag-miguel-angel-rivera","tag-opinion"],"_links":{"self":[{"href":"https:\/\/www.diarioimagen.net\/index.php?rest_route=\/wp\/v2\/posts\/480927","targetHints":{"allow":["GET"]}}],"collection":[{"href":"https:\/\/www.diarioimagen.net\/index.php?rest_route=\/wp\/v2\/posts"}],"about":[{"href":"https:\/\/www.diarioimagen.net\/index.php?rest_route=\/wp\/v2\/types\/post"}],"author":[{"embeddable":true,"href":"https:\/\/www.diarioimagen.net\/index.php?rest_route=\/wp\/v2\/users\/3"}],"replies":[{"embeddable":true,"href":"https:\/\/www.diarioimagen.net\/index.php?rest_route=%2Fwp%2Fv2%2Fcomments&post=480927"}],"version-history":[{"count":0,"href":"https:\/\/www.diarioimagen.net\/index.php?rest_route=\/wp\/v2\/posts\/480927\/revisions"}],"wp:attachment":[{"href":"https:\/\/www.diarioimagen.net\/index.php?rest_route=%2Fwp%2Fv2%2Fmedia&parent=480927"}],"wp:term":[{"taxonomy":"category","embeddable":true,"href":"https:\/\/www.diarioimagen.net\/index.php?rest_route=%2Fwp%2Fv2%2Fcategories&post=480927"},{"taxonomy":"post_tag","embeddable":true,"href":"https:\/\/www.diarioimagen.net\/index.php?rest_route=%2Fwp%2Fv2%2Ftags&post=480927"}],"curies":[{"name":"wp","href":"https:\/\/api.w.org\/{rel}","templated":true}]}}