{"id":480997,"date":"2020-09-24T00:07:25","date_gmt":"2020-09-24T05:07:25","guid":{"rendered":"https:\/\/www.diarioimagen.net\/?p=480997"},"modified":"2020-09-24T23:54:35","modified_gmt":"2020-09-25T04:54:35","slug":"ceremonia-conmemorativa-al-51-aniversario-luctuoso-del-ex-presidente","status":"publish","type":"post","link":"https:\/\/www.diarioimagen.net\/?p=480997","title":{"rendered":"L\u00f3pez Mateos ayud\u00f3 a conformar la UAEM,\u00a0 una instituci\u00f3n aut\u00f3noma y libre"},"content":{"rendered":"<p>&nbsp;<\/p>\n<ul>\n<li><strong><em>\u00a0Ceremonia conmemorativa al 51 aniversario luctuoso del ex presidente<\/em> <\/strong><\/li>\n<\/ul>\n<p>&nbsp;<\/p>\n<div id=\"attachment_480998\" style=\"width: 454px\" class=\"wp-caption aligncenter\"><img loading=\"lazy\" decoding=\"async\" aria-describedby=\"caption-attachment-480998\" class=\"wp-image-480998\" src=\"https:\/\/www.diarioimagen.net\/wp-content\/uploads\/2020\/09\/UAEM24ok.jpg\" alt=\"\" width=\"444\" height=\"259\" \/><p id=\"caption-attachment-480998\" class=\"wp-caption-text\">El rector Alfredo Barrera, acompa\u00f1ado del secretario de Educaci\u00f3n estatal, Alejandro Fern\u00e1ndez, encabez\u00f3 la ceremonia conmemorativa al 51 aniversario luctuoso del ex presidente Adolfo L\u00f3pez Mateos.<\/p><\/div>\n<p>&nbsp;<\/p>\n<p><strong>Toluca, Estado de M\u00e9xico<\/strong>.\u2013 A trav\u00e9s de la acci\u00f3n pol\u00edtica, Adolfo L\u00f3pez Mateos permiti\u00f3 que la Universidad Aut\u00f3noma del Estado de M\u00e9xico tuviera vida y hoy est\u00e9 constituida como la m\u00e1xima casa de estudios de la entidad con mayor n\u00famero de habitantes de nuestro pa\u00eds y donde m\u00e1s de 90 mil j\u00f3venes acceden a oportunidades de formaci\u00f3n y crecimiento que no tienen comparaci\u00f3n, afirm\u00f3 el abogado General de la instituci\u00f3n, Luis Ra\u00fal Ortiz Ram\u00edrez.<\/p>\n<p>En el marco de la ceremonia conmemorativa al 51 aniversario luctuoso de quien fuera alumno, bibliotecario y director del Instituto Cient\u00edfico y Literario, antecedente de la UAEM, que presidi\u00f3 el rector Alfredo Barrera Baca, el titular de la Secretar\u00eda de Educaci\u00f3n de la entidad, Alejandro Fern\u00e1ndez Campillo, reconoci\u00f3 que la Aut\u00f3noma mexiquense realiza grandes contribuciones a la entidad y el pa\u00eds.<\/p>\n<p>Es una \u201cinstituci\u00f3n leal al pensamiento del ex presidente de la Rep\u00fablica, al formar y dejar huella en los l\u00edderes que conducen el destino de nuestro pa\u00eds\u201d y record\u00f3 que L\u00f3pez Mateos afirm\u00f3 que gobernar es educar para lograr el prop\u00f3sito de reorientar la vida de una naci\u00f3n.<\/p>\n<p>El servidor p\u00fablico refrend\u00f3 los lazos de colaboraci\u00f3n entre la secretar\u00eda de educaci\u00f3n y la UAEM para cumplir con la tarea de educar a los ni\u00f1os, ni\u00f1as, adolescentes y j\u00f3venes de la entidad.<\/p>\n<p>\u201cTrabajemos unidos para que las escuelas sean precursoras de ideas y propuestas, donde participen alumnos, maestras y maestros, padres de familia y autoridades educativas. Trabajemos unidos para tener escuelas fuertes que asuman los retos que demanda nuestra entidad y el pa\u00eds. Trabajemos unidos para que ning\u00fan mexiquense se quede sin estudiar\u201d.<\/p>\n<p>En el Aula Magna \u201cLic. Adolfo L\u00f3pez Mateos\u201d, en el Edificio de Rector\u00eda, Ortiz Ram\u00edrez inst\u00f3 a los universitarios a honrar la universidad que, en su tiempo, el oriundo del municipio mexiquense de Atizap\u00e1n ayud\u00f3 a conformar, \u201cuna instituci\u00f3n aut\u00f3noma, libre, que dicta agenda cient\u00edfica, social y cultural, que marca la pauta en cuanto a la vinculaci\u00f3n con la sociedad, de la que tanto recibe y a la que tanto da de regreso y que nos da la oportunidad \u00fanica de retribuir d\u00eda con d\u00eda al entorno en que vivimos, a trav\u00e9s del desempe\u00f1o de nuestra vida universitaria\u201d.<\/p>\n","protected":false},"excerpt":{"rendered":"<p>A trav\u00e9s de la acci\u00f3n pol\u00edtica, Adolfo L\u00f3pez Mateos permiti\u00f3 que la Universidad Aut\u00f3noma del Estado de M\u00e9xico tuviera vida y hoy est\u00e9 constituida como la m\u00e1xima casa de estudios de la entidad con mayor n\u00famero de habitantes de nuestro pa\u00eds y donde m\u00e1s de 90 mil j\u00f3venes acceden a oportunidades de formaci\u00f3n y crecimiento que no tienen comparaci\u00f3n, afirm\u00f3 el abogado General de la instituci\u00f3n, Luis Ra\u00fal Ortiz Ram\u00edrez.\u00a0<\/p>\n","protected":false},"author":1,"featured_media":480998,"comment_status":"open","ping_status":"open","sticky":false,"template":"","format":"standard","meta":{"_monsterinsights_skip_tracking":false,"_monsterinsights_sitenote_active":false,"_monsterinsights_sitenote_note":"","_monsterinsights_sitenote_category":0,"footnotes":""},"categories":[5],"tags":[43675,452,1491,1490],"class_list":["post-480997","post","type-post","status-publish","format-standard","has-post-thumbnail","hentry","category-estado-de-mexico","tag-estado-de-mexico","tag-toluca","tag-uaem","tag-universidad-autonoma-del-estado-de-mexico"],"_links":{"self":[{"href":"https:\/\/www.diarioimagen.net\/index.php?rest_route=\/wp\/v2\/posts\/480997","targetHints":{"allow":["GET"]}}],"collection":[{"href":"https:\/\/www.diarioimagen.net\/index.php?rest_route=\/wp\/v2\/posts"}],"about":[{"href":"https:\/\/www.diarioimagen.net\/index.php?rest_route=\/wp\/v2\/types\/post"}],"author":[{"embeddable":true,"href":"https:\/\/www.diarioimagen.net\/index.php?rest_route=\/wp\/v2\/users\/1"}],"replies":[{"embeddable":true,"href":"https:\/\/www.diarioimagen.net\/index.php?rest_route=%2Fwp%2Fv2%2Fcomments&post=480997"}],"version-history":[{"count":0,"href":"https:\/\/www.diarioimagen.net\/index.php?rest_route=\/wp\/v2\/posts\/480997\/revisions"}],"wp:featuredmedia":[{"embeddable":true,"href":"https:\/\/www.diarioimagen.net\/index.php?rest_route=\/wp\/v2\/media\/480998"}],"wp:attachment":[{"href":"https:\/\/www.diarioimagen.net\/index.php?rest_route=%2Fwp%2Fv2%2Fmedia&parent=480997"}],"wp:term":[{"taxonomy":"category","embeddable":true,"href":"https:\/\/www.diarioimagen.net\/index.php?rest_route=%2Fwp%2Fv2%2Fcategories&post=480997"},{"taxonomy":"post_tag","embeddable":true,"href":"https:\/\/www.diarioimagen.net\/index.php?rest_route=%2Fwp%2Fv2%2Ftags&post=480997"}],"curies":[{"name":"wp","href":"https:\/\/api.w.org\/{rel}","templated":true}]}}