{"id":481068,"date":"2020-09-24T00:06:06","date_gmt":"2020-09-24T05:06:06","guid":{"rendered":"https:\/\/www.diarioimagen.net\/?p=481068"},"modified":"2020-09-24T23:54:48","modified_gmt":"2020-09-25T04:54:48","slug":"rector-de-la-uaem-acordo-con-victorino-barrios-su-inmediata-incorporacion-como-contralor-interno-de-la-universidad","status":"publish","type":"post","link":"https:\/\/www.diarioimagen.net\/?p=481068","title":{"rendered":"Rector de la UAEM acord\u00f3 con Victorino Barrios su inmediata incorporaci\u00f3n como contralor interno de la Universidad"},"content":{"rendered":"<p><a href=\"https:\/\/www.diarioimagen.net\/?attachment_id=481085\" rel=\"attachment wp-att-481085\"><img loading=\"lazy\" decoding=\"async\" class=\"aligncenter size-full wp-image-481085\" src=\"https:\/\/www.diarioimagen.net\/wp-content\/uploads\/2020\/09\/rector1.jpg\" alt=\"\" width=\"460\" height=\"270\" \/><\/a><\/p>\n<p>&nbsp;<\/p>\n<p>\u201cEsta tarde acord\u00e9 con el Doctor Victorino Barrios D\u00e1valos su inmediata incorporaci\u00f3n como titular del \u00d3rgano Interno de Control de la Universidad Aut\u00f3noma del Estado de M\u00e9xico.<\/p>\n<p>Los d\u00edas 28 y 30 de septiembre ser\u00e1 presentado ante los \u00d3rganos de Gobierno de la Instituci\u00f3n y trabajaremos en la reestructuraci\u00f3n de la Contralor\u00eda para atender lo dispuesto por la Suprema Corte de Justicia de la Naci\u00f3n, las reformas a la Constituci\u00f3n Local en materia del Sistema Estatal Anticorrupci\u00f3n y la designaci\u00f3n de la LX Legislatura del Estado de M\u00e9xico.<\/p>\n<p>El Doctor Barrios D\u00e1valos tendr\u00e1 todas las facilidades para realizar las actividades que le han sido encomendadas. Refrendo como siempre mi compromiso irrestricto con la transparencia y la rendici\u00f3n de cuentas, principios que distinguen a la #UAEM y a la administraci\u00f3n que encabezo\u201d.<\/p>\n","protected":false},"excerpt":{"rendered":"<p>\u201cEsta tarde acord\u00e9 con el Doctor Victorino Barrios D\u00e1valos su inmediata incorporaci\u00f3n como titular del \u00d3rgano Interno de Control de la Universidad Aut\u00f3noma del Estado de M\u00e9xico.<\/p>\n","protected":false},"author":3,"featured_media":481085,"comment_status":"open","ping_status":"open","sticky":false,"template":"","format":"standard","meta":{"_monsterinsights_skip_tracking":false,"_monsterinsights_sitenote_active":false,"_monsterinsights_sitenote_note":"","_monsterinsights_sitenote_category":0,"footnotes":""},"categories":[5],"tags":[43675,1491,91655],"class_list":["post-481068","post","type-post","status-publish","format-standard","has-post-thumbnail","hentry","category-estado-de-mexico","tag-estado-de-mexico","tag-uaem","tag-victorino-barrios-davalos"],"_links":{"self":[{"href":"https:\/\/www.diarioimagen.net\/index.php?rest_route=\/wp\/v2\/posts\/481068","targetHints":{"allow":["GET"]}}],"collection":[{"href":"https:\/\/www.diarioimagen.net\/index.php?rest_route=\/wp\/v2\/posts"}],"about":[{"href":"https:\/\/www.diarioimagen.net\/index.php?rest_route=\/wp\/v2\/types\/post"}],"author":[{"embeddable":true,"href":"https:\/\/www.diarioimagen.net\/index.php?rest_route=\/wp\/v2\/users\/3"}],"replies":[{"embeddable":true,"href":"https:\/\/www.diarioimagen.net\/index.php?rest_route=%2Fwp%2Fv2%2Fcomments&post=481068"}],"version-history":[{"count":0,"href":"https:\/\/www.diarioimagen.net\/index.php?rest_route=\/wp\/v2\/posts\/481068\/revisions"}],"wp:featuredmedia":[{"embeddable":true,"href":"https:\/\/www.diarioimagen.net\/index.php?rest_route=\/wp\/v2\/media\/481085"}],"wp:attachment":[{"href":"https:\/\/www.diarioimagen.net\/index.php?rest_route=%2Fwp%2Fv2%2Fmedia&parent=481068"}],"wp:term":[{"taxonomy":"category","embeddable":true,"href":"https:\/\/www.diarioimagen.net\/index.php?rest_route=%2Fwp%2Fv2%2Fcategories&post=481068"},{"taxonomy":"post_tag","embeddable":true,"href":"https:\/\/www.diarioimagen.net\/index.php?rest_route=%2Fwp%2Fv2%2Ftags&post=481068"}],"curies":[{"name":"wp","href":"https:\/\/api.w.org\/{rel}","templated":true}]}}