{"id":481116,"date":"2020-09-25T00:04:35","date_gmt":"2020-09-25T05:04:35","guid":{"rendered":"https:\/\/www.diarioimagen.net\/?p=481116"},"modified":"2020-09-25T00:20:08","modified_gmt":"2020-09-25T05:20:08","slug":"tlalnepantla-y-teleton-reforzaran-atencion-a-ninos-y-adolescentes-con-discapacidad","status":"publish","type":"post","link":"https:\/\/www.diarioimagen.net\/?p=481116","title":{"rendered":"Tlalnepantla y Telet\u00f3n reforzar\u00e1n atenci\u00f3n  a ni\u00f1os y adolescentes con discapacidad"},"content":{"rendered":"<p>&nbsp;<\/p>\n<ul>\n<li><strong><em>Firman convenio de colaboraci\u00f3n<\/em> <\/strong><\/li>\n<\/ul>\n<p>&nbsp;<\/p>\n<div id=\"attachment_481117\" style=\"width: 454px\" class=\"wp-caption aligncenter\"><img loading=\"lazy\" decoding=\"async\" aria-describedby=\"caption-attachment-481117\" class=\"wp-image-481117\" src=\"https:\/\/www.diarioimagen.net\/wp-content\/uploads\/2020\/09\/CAMACHO25-apor.jpg\" alt=\"\" width=\"444\" height=\"259\" \/><p id=\"caption-attachment-481117\" class=\"wp-caption-text\">El alcalde Raciel P\u00e9rez Cruz recibi\u00f3 un reconocimiento por la labor altruista del gobierno de Tlalnepantla.<\/p><\/div>\n<p>&nbsp;<\/p>\n<p><strong>Tlalnepantla, Estado de M\u00e9xico<\/strong>.- El gobierno municipal<span class=\"Apple-converted-space\">\u00a0 <\/span>y la Fundaci\u00f3n Telet\u00f3n firmaron un convenio de colaboraci\u00f3n para reforzar la atenci\u00f3n a las ni\u00f1as, ni\u00f1os y adolescentes con discapacidad de Nuestra Ciudad.<\/p>\n<p>El presidente municipal Raciel P\u00e9rez Cruz recibi\u00f3 un reconocimiento por la labor altruista del gobierno de Tlalnepantla. Indic\u00f3 que el Centro de Rehabilitaci\u00f3n e Inclusi\u00f3n Infantil Telet\u00f3n (CRIT) desde hace mucho tiempo ha sido el baluarte en la atenci\u00f3n para ni\u00f1as y ni\u00f1os con discapacidad.<\/p>\n<p>Dijo que con este convenio el gobierno municipal es corresponsable con las personas con discapacidad y que 5 mil habitantes de Tlalnepantla con esta condici\u00f3n reciben un apoyo del gobierno federal.<\/p>\n<p>\u201cEs sin duda una labor que debemos realizar y que nos convoca a la solidaridad. La atenci\u00f3n a las personas con discapacidad a trav\u00e9s de la fundaci\u00f3n Telet\u00f3n habla de la solidaridad del pueblo de M\u00e9xico\u201d, indic\u00f3 el edil.<\/p>\n<p>Jorge Alc\u00e1ntara Aguilera, director del Sistema Infantil Telet\u00f3n y director general del CRIT Tlalnepantla, mencion\u00f3 que en sinergia con el gobierno municipal se podr\u00e1 dar mejor atenci\u00f3n a las ni\u00f1as y ni\u00f1os, \u201cnos da mucha alegr\u00eda este acuerdo que manda un mensaje positivo, cuentan con esta instituci\u00f3n para que, juntos, podamos transformar m\u00e1s vidas\u201d, sostuvo.<\/p>\n<p>El alcalde, el director del CRIT, el Secretario del Ayuntamiento, Miguel \u00c1ngel Bravo; Roc\u00edo P\u00e9rez Cruz y Rafael Chac\u00f3n Villagr\u00e1n, Presidenta Honoraria y director del DIF Tlalnepantla, respectivamente, integrantes del Cuerpo Edilicio y Javier Zorrilla, director m\u00e9dico del Centro de Rehabilitaci\u00f3n e Inclusi\u00f3n Infantil Telet\u00f3n realizaron un recorrido en el marco de la reapertura de las instalaciones que permanecieron cerradas seis meses por la contingencia sanitaria de Covid-19.<\/p>\n","protected":false},"excerpt":{"rendered":"<p>El gobierno municipal\u00a0 y la Fundaci\u00f3n Telet\u00f3n firmaron un convenio de colaboraci\u00f3n para reforzar la atenci\u00f3n a las ni\u00f1as, ni\u00f1os y adolescentes con discapacidad de Nuestra Ciudad.<\/p>\n","protected":false},"author":1,"featured_media":481117,"comment_status":"open","ping_status":"open","sticky":false,"template":"","format":"standard","meta":{"_monsterinsights_skip_tracking":false,"_monsterinsights_sitenote_active":false,"_monsterinsights_sitenote_note":"","_monsterinsights_sitenote_category":0,"footnotes":""},"categories":[5],"tags":[76418,45429,43675,6187,169],"class_list":["post-481116","post","type-post","status-publish","format-standard","has-post-thumbnail","hentry","category-estado-de-mexico","tag-adolescente","tag-atencion","tag-estado-de-mexico","tag-ninos","tag-tlalnepantla"],"_links":{"self":[{"href":"https:\/\/www.diarioimagen.net\/index.php?rest_route=\/wp\/v2\/posts\/481116","targetHints":{"allow":["GET"]}}],"collection":[{"href":"https:\/\/www.diarioimagen.net\/index.php?rest_route=\/wp\/v2\/posts"}],"about":[{"href":"https:\/\/www.diarioimagen.net\/index.php?rest_route=\/wp\/v2\/types\/post"}],"author":[{"embeddable":true,"href":"https:\/\/www.diarioimagen.net\/index.php?rest_route=\/wp\/v2\/users\/1"}],"replies":[{"embeddable":true,"href":"https:\/\/www.diarioimagen.net\/index.php?rest_route=%2Fwp%2Fv2%2Fcomments&post=481116"}],"version-history":[{"count":0,"href":"https:\/\/www.diarioimagen.net\/index.php?rest_route=\/wp\/v2\/posts\/481116\/revisions"}],"wp:featuredmedia":[{"embeddable":true,"href":"https:\/\/www.diarioimagen.net\/index.php?rest_route=\/wp\/v2\/media\/481117"}],"wp:attachment":[{"href":"https:\/\/www.diarioimagen.net\/index.php?rest_route=%2Fwp%2Fv2%2Fmedia&parent=481116"}],"wp:term":[{"taxonomy":"category","embeddable":true,"href":"https:\/\/www.diarioimagen.net\/index.php?rest_route=%2Fwp%2Fv2%2Fcategories&post=481116"},{"taxonomy":"post_tag","embeddable":true,"href":"https:\/\/www.diarioimagen.net\/index.php?rest_route=%2Fwp%2Fv2%2Ftags&post=481116"}],"curies":[{"name":"wp","href":"https:\/\/api.w.org\/{rel}","templated":true}]}}