{"id":481135,"date":"2020-09-25T00:06:10","date_gmt":"2020-09-25T05:06:10","guid":{"rendered":"https:\/\/www.diarioimagen.net\/?p=481135"},"modified":"2020-09-27T23:45:05","modified_gmt":"2020-09-28T04:45:05","slug":"alfredo-barrera-informo-que-victorino-barrios-entro-en-funciones-como-contralor-de-la-uaem","status":"publish","type":"post","link":"https:\/\/www.diarioimagen.net\/?p=481135","title":{"rendered":"Alfredo Barrera inform\u00f3 que Victorino Barrios  entr\u00f3 en funciones como contralor de la UAEM"},"content":{"rendered":"<p>&nbsp;<\/p>\n<ul>\n<li><em><strong>Se cumple con el mandato de la Legislatura mexiquense<\/strong><\/em><\/li>\n<\/ul>\n<p>&nbsp;<\/p>\n<div id=\"attachment_481136\" style=\"width: 454px\" class=\"wp-caption aligncenter\"><img loading=\"lazy\" decoding=\"async\" aria-describedby=\"caption-attachment-481136\" class=\"wp-image-481136\" src=\"https:\/\/www.diarioimagen.net\/wp-content\/uploads\/2020\/09\/UAEM25por.jpg\" alt=\"\" width=\"444\" height=\"259\" \/><p id=\"caption-attachment-481136\" class=\"wp-caption-text\">Inform\u00f3 el rector Alfredo Barrera que el doctor Victorino Barrios D\u00e1valos se incorpor\u00f3 a la Universidad Aut\u00f3noma del Estado de M\u00e9xico para cumplir la importante labor de contralor.<\/p><\/div>\n<p>&nbsp;<\/p>\n<p><strong>Toluca, Estado de M\u00e9xico<\/strong>.\u2013 Este jueves, el doctor Victorino Barrios D\u00e1valos se incorpor\u00f3 a la Universidad Aut\u00f3noma del Estado de M\u00e9xico para cumplir la importante labor de contralor, que se desprende de las reformas para la implementaci\u00f3n del Sistema Estatal Anticorrupci\u00f3n, inform\u00f3 el rector Alfredo Barrera Baca.<\/p>\n<p>De esta manera, afirm\u00f3, cumplimos con el mandato de la Legislatura mexiquense y refrendamos el compromiso de la UAEM y la Administraci\u00f3n 2017-2021 con la transparencia y la rendici\u00f3n de cuentas.<\/p>\n<p>Indic\u00f3 que en conjunto con el titular del \u00f3rgano de control interno designado por la Legislatura mexiquense se realizar\u00e1 un arduo trabajo para la reestructuraci\u00f3n de la contralor\u00eda universitaria y atender lo dispuesto por la Suprema Corte de Justicia de la Naci\u00f3n, las reformas a la Constituci\u00f3n Local en materia del Sistema Estatal Anticorrupci\u00f3n y la designaci\u00f3n de la LX Legislatura del Estado de M\u00e9xico.<\/p>\n<p>Victorino Barrios D\u00e1valos, asever\u00f3, tendr\u00e1 todas las facilidades para realizar las actividades que le fueron encomendadas y los pr\u00f3ximos d\u00edas 28 y 30 de septiembre ser\u00e1 presentado ante los \u00f3rganos de gobierno de la instituci\u00f3n.<\/p>\n","protected":false},"excerpt":{"rendered":"<p>Este jueves, el doctor Victorino Barrios D\u00e1valos se incorpor\u00f3 a la Universidad Aut\u00f3noma del Estado de M\u00e9xico para cumplir la importante labor de contralor, que se desprende de las reformas para la implementaci\u00f3n del Sistema Estatal Anticorrupci\u00f3n, inform\u00f3 el rector Alfredo Barrera Baca.\u00a0<\/p>\n","protected":false},"author":1,"featured_media":481136,"comment_status":"open","ping_status":"open","sticky":false,"template":"","format":"standard","meta":{"_monsterinsights_skip_tracking":false,"_monsterinsights_sitenote_active":false,"_monsterinsights_sitenote_note":"","_monsterinsights_sitenote_category":0,"footnotes":""},"categories":[5],"tags":[43675,452,1491,91655],"class_list":["post-481135","post","type-post","status-publish","format-standard","has-post-thumbnail","hentry","category-estado-de-mexico","tag-estado-de-mexico","tag-toluca","tag-uaem","tag-victorino-barrios-davalos"],"_links":{"self":[{"href":"https:\/\/www.diarioimagen.net\/index.php?rest_route=\/wp\/v2\/posts\/481135","targetHints":{"allow":["GET"]}}],"collection":[{"href":"https:\/\/www.diarioimagen.net\/index.php?rest_route=\/wp\/v2\/posts"}],"about":[{"href":"https:\/\/www.diarioimagen.net\/index.php?rest_route=\/wp\/v2\/types\/post"}],"author":[{"embeddable":true,"href":"https:\/\/www.diarioimagen.net\/index.php?rest_route=\/wp\/v2\/users\/1"}],"replies":[{"embeddable":true,"href":"https:\/\/www.diarioimagen.net\/index.php?rest_route=%2Fwp%2Fv2%2Fcomments&post=481135"}],"version-history":[{"count":0,"href":"https:\/\/www.diarioimagen.net\/index.php?rest_route=\/wp\/v2\/posts\/481135\/revisions"}],"wp:featuredmedia":[{"embeddable":true,"href":"https:\/\/www.diarioimagen.net\/index.php?rest_route=\/wp\/v2\/media\/481136"}],"wp:attachment":[{"href":"https:\/\/www.diarioimagen.net\/index.php?rest_route=%2Fwp%2Fv2%2Fmedia&parent=481135"}],"wp:term":[{"taxonomy":"category","embeddable":true,"href":"https:\/\/www.diarioimagen.net\/index.php?rest_route=%2Fwp%2Fv2%2Fcategories&post=481135"},{"taxonomy":"post_tag","embeddable":true,"href":"https:\/\/www.diarioimagen.net\/index.php?rest_route=%2Fwp%2Fv2%2Ftags&post=481135"}],"curies":[{"name":"wp","href":"https:\/\/api.w.org\/{rel}","templated":true}]}}