{"id":481253,"date":"2020-09-28T00:04:42","date_gmt":"2020-09-28T05:04:42","guid":{"rendered":"https:\/\/www.diarioimagen.net\/?p=481253"},"modified":"2020-09-27T23:41:38","modified_gmt":"2020-09-28T04:41:38","slug":"presidentes-municipales-del-pais-volveran-a-dar-la-lucha-por-el-fortaseg","status":"publish","type":"post","link":"https:\/\/www.diarioimagen.net\/?p=481253","title":{"rendered":"Presidentes municipales del pa\u00eds volver\u00e1n a dar la lucha por el Fortaseg"},"content":{"rendered":"<p>&nbsp;<\/p>\n<ul>\n<li><em><span class=\"Apple-converted-space\">\u00a0<\/span><b>Llama Vargas del Villar al gobierno a no desaparecer programa<\/b><\/em><\/li>\n<\/ul>\n<p>&nbsp;<\/p>\n<div id=\"attachment_481254\" style=\"width: 454px\" class=\"wp-caption aligncenter\"><img loading=\"lazy\" decoding=\"async\" aria-describedby=\"caption-attachment-481254\" class=\"wp-image-481254\" src=\"https:\/\/www.diarioimagen.net\/wp-content\/uploads\/2020\/09\/CAMACHO28-apor.jpg\" alt=\"\" width=\"444\" height=\"259\" \/><p id=\"caption-attachment-481254\" class=\"wp-caption-text\">En la sesi\u00f3n del Consejo Municipal de Seguridad P\u00fablica Enrique Vargas del Villar alert\u00f3 que quitar este fondo es ir en contra de los ciudadanos y de la seguridad p\u00fablica local.<\/p><\/div>\n<p>&nbsp;<\/p>\n<p><strong>Huixquilucan, Estado de M\u00e9xico<\/strong>.- El presidente municipal Enrique Vargas del Villar llam\u00f3 al gobierno federal a no desaparecer el programa de Fortalecimiento para la Seguridad (Fortaseg), toda vez que de hacerlo los gobiernos municipales no tendr\u00e1n recursos para la seguridad p\u00fablica.<\/p>\n<p>Durante la sesi\u00f3n del Consejo Municipal de Seguridad P\u00fablica, alert\u00f3, que quitar este fondo de 4 mil millones de pesos es ir en contra de los ciudadanos y de la seguridad p\u00fablica local, ya que con este recurso se pagan sueldos, ex\u00e1menes de control y confianza, armamento y patrullas.<\/p>\n<p>\u201cSino llega este recurso el pr\u00f3ximo a\u00f1o a los municipios, la incidencia delictiva se va incrementar y eso, ser\u00e1 responsabilidad del gobierno Federal\u201d.<\/p>\n<p>Vargas del Villar inform\u00f3 que los alcaldes del pa\u00eds volver\u00e1n a dar la lucha en la C\u00e1mara de Diputados, al igual que en el 2019,\u00a0 cuyas manifestaciones lograron se regresaran mil millones de pesos al Fortaseg. \u201cNo descartamos hacer movimientos este a\u00f1o, se necesita para la seguridad de los municipios\u201d.<\/p>\n<p>Puntualiz\u00f3, que los diputados tienen que ser emp\u00e1ticos y regresar el Fortaseg, porque cada peso que se le quita a la seguridad p\u00fablica, es en contra de los ciudadanos.<\/p>\n","protected":false},"excerpt":{"rendered":"<p>El presidente municipal Enrique Vargas del Villar llam\u00f3 al gobierno federal a no desaparecer el programa de Fortalecimiento para la Seguridad (Fortaseg), toda vez que de hacerlo los gobiernos municipales no tendr\u00e1n recursos para la seguridad p\u00fablica.<\/p>\n","protected":false},"author":1,"featured_media":481254,"comment_status":"open","ping_status":"open","sticky":false,"template":"","format":"standard","meta":{"_monsterinsights_skip_tracking":false,"_monsterinsights_sitenote_active":false,"_monsterinsights_sitenote_note":"","_monsterinsights_sitenote_category":0,"footnotes":""},"categories":[5],"tags":[43675,1097],"class_list":["post-481253","post","type-post","status-publish","format-standard","has-post-thumbnail","hentry","category-estado-de-mexico","tag-estado-de-mexico","tag-huixquilucan"],"_links":{"self":[{"href":"https:\/\/www.diarioimagen.net\/index.php?rest_route=\/wp\/v2\/posts\/481253","targetHints":{"allow":["GET"]}}],"collection":[{"href":"https:\/\/www.diarioimagen.net\/index.php?rest_route=\/wp\/v2\/posts"}],"about":[{"href":"https:\/\/www.diarioimagen.net\/index.php?rest_route=\/wp\/v2\/types\/post"}],"author":[{"embeddable":true,"href":"https:\/\/www.diarioimagen.net\/index.php?rest_route=\/wp\/v2\/users\/1"}],"replies":[{"embeddable":true,"href":"https:\/\/www.diarioimagen.net\/index.php?rest_route=%2Fwp%2Fv2%2Fcomments&post=481253"}],"version-history":[{"count":0,"href":"https:\/\/www.diarioimagen.net\/index.php?rest_route=\/wp\/v2\/posts\/481253\/revisions"}],"wp:featuredmedia":[{"embeddable":true,"href":"https:\/\/www.diarioimagen.net\/index.php?rest_route=\/wp\/v2\/media\/481254"}],"wp:attachment":[{"href":"https:\/\/www.diarioimagen.net\/index.php?rest_route=%2Fwp%2Fv2%2Fmedia&parent=481253"}],"wp:term":[{"taxonomy":"category","embeddable":true,"href":"https:\/\/www.diarioimagen.net\/index.php?rest_route=%2Fwp%2Fv2%2Fcategories&post=481253"},{"taxonomy":"post_tag","embeddable":true,"href":"https:\/\/www.diarioimagen.net\/index.php?rest_route=%2Fwp%2Fv2%2Ftags&post=481253"}],"curies":[{"name":"wp","href":"https:\/\/api.w.org\/{rel}","templated":true}]}}