{"id":481320,"date":"2020-09-28T00:07:56","date_gmt":"2020-09-28T05:07:56","guid":{"rendered":"https:\/\/www.diarioimagen.net\/?p=481320"},"modified":"2020-09-28T01:14:16","modified_gmt":"2020-09-28T06:14:16","slug":"todo-cambia-a-pesar-de-todo","status":"publish","type":"post","link":"https:\/\/www.diarioimagen.net\/?p=481320","title":{"rendered":"Todo cambia, a pesar de todo"},"content":{"rendered":"<h2>\u00a1Que conste,.. son reflexiones!<\/h2>\n<h5>S\u00f3crates A. Campos Lemus<\/h5>\n<p><em>\u00a0<\/em><\/p>\n<p><em>\u00bfPOR QU\u00c9 CAMBIAN LAS HOJAS DE COLOR EN EL OTO\u00d1O? A LO MEJOR PORQUE SE ACERCAN LOS FR\u00cdOS DEL INVIERNO Y SALEN LAS PENAS EN LOS CANTOS Y SE REALIZAN FIESTAS CON CANCIONCILLAS QUE NADIE CREE Y CON REGALOS QUE NADIE SIENTE.<\/em><\/p>\n<p>DICEN QUE MI SIGNO ZODIACAL ES DE TIERRA y que por tales razones me encanta el sol y la luz, pero en realidad los am\u00e9 cuando estuve en la c\u00e1rcel, porque en <em>El oto\u00f1o de la Revoluci\u00f3n<\/em>, un peque\u00f1o libro que escrib\u00ed mucho despu\u00e9s me sorprend\u00eda cuando sent\u00eda ese fr\u00edo de tumba y de c\u00e1rcel.<\/p>\n<p>En los pueblos Zacualtip\u00e1n y Tianguistengo, donde nacieron nuestros padres, en la sierra de Hidalgo y los l\u00edmites de la huasteca se dejan sentir por estas \u00e9pocas las neblinas y las tristezas invaden las calles y los focos se ven perdidos y entre tinieblas, la humedad penetra fuerte, a lo mejor por esa raz\u00f3n mi t\u00eda Georgina sufr\u00eda de artritis y dolores de huesos y siempre le gustaron los bailes y el mambo y el chachach\u00e1 y la Coca-Cola que tomaba a cada rato y el verde como favorito y las flores en sus vestidos y su risa y alegr\u00eda superaban los malestares y las tristezas, le encantaba el pan con caf\u00e9 y los tamales de shala, que siguen siendo los preferidos de mi hermano Ariel y tambi\u00e9n m\u00edos. Esa humedad no deja jam\u00e1s de estar presente se prende en las cobijas de las casas, se siente en el caer de gotas por los tejados y en las esquinas de los jardines se notan los pastitos verdes que sirven para adornar los nacimientos en la Navidad.<\/p>\n<p>Esos tiempos de vacaciones eran buenos, pero el fr\u00edo me mataba como me mata hoy en d\u00eda, no me gusta el fr\u00edo y no lo soporto mucho, me duele el cuerpo y los huesos y me recuerdan que voy volando a la vejez y eso, pues, duele porque en la neta me gusta mucho la vida, el sol y las flores y las plantas y los animales y las alegr\u00edas, no estoy hecho para las tristezas, no es lo m\u00edo.<\/p>\n<p>En los tiempos malos, donde la gente sufre es cuando m\u00e1s se necesita el sol y las flores y los colores y los cantos, por esas y otras muchas razones me encanta Oaxaca, no todos sus d\u00edas son fr\u00edos, tiene el calor y la alegr\u00eda permanente de los bailes y las plantas, la magia y eso me recuerda mucho a la huasteca con esas historias que calan el alma y las huapangueadas y las risotadas de su gente alegre y so\u00f1adora, jam\u00e1s se cansan de lo bueno porque no les gusta lo regular, aman la abundancia de la tierra y la llevan en el coraz\u00f3n, as\u00ed pasa y sucede en muchas regiones de Oaxaca. En las sierras es la nostalgia y los vientos y los sones dulces y nost\u00e1lgicos que recuerdan que el Dios nunca muere y que cuando andan lejos se sientan a llorar y recuerdan los tamales y el t\u00e1mala con frijol y el frijol\u00f3n y las tostadas y las tortillas de mano y la tlayudas con asiento y todos esos manjares que nos sorprenden cada vez que salimos por ah\u00ed a conocer nuevos sitios de buena comida y no se sabe ya donde ir porque todos son tan buenos que no se puede discutir m\u00e1s que con un buen mezcal \u201cCoyote\u201d que me encanta en la mano con sal de gusanito de maguey y chapulines y quesadillas de quesillo y chiles de agua y esos moles geniales que nos hacen recordar el origen de esta tierra en su magia y su color para toda la vida.<\/p>\n<p>Mi hermano, como mi padre, es muy antojadizo, a lo mejor tienen toda la raz\u00f3n, no hay nada mejor en la vida que el amor, la canci\u00f3n, el \u201ctrago\u201d y la buena comida. Hace un buen tiempo que no le env\u00edo chapulines para sus extra\u00f1os guisos en donde los combina y \u00e9l sabe mucho de eso porque sabe cocinar y le encanta lo que hace, es como cuando dise\u00f1a las casas en la arquitectura que llevar\u00e1n por a\u00f1os las vidas de nosotros, las vive, vive el terreno y el campo y la luz y el viento y las estaciones y le da ese toque singular a lo que hace, \u00e9l me dise\u00f1o y construy\u00f3 la casa donde vivimos ahora y la disfruto mucho y le doy gracias a la vida por ese acto de cari\u00f1o con la que nos la construy\u00f3.<\/p>\n<p>Lo recuerdo cuando estudiaba arquitectura y sal\u00eda corriendo a las famosas pr\u00e1cticas, donde sin previo aviso eran llamados a las \u201crepentinas\u201d a los dise\u00f1os en la escuela y el taller y llevaba sus hojas y escuadras y regla de c\u00e1lculo y la regla T y de c\u00f3mo llegaba con los ojos rojos de la desvelada, era un gran estudiante, buen dibujante, le gustaba hacer muchos dibujos y era un buen joven, serio y atento y la vida, pues lo ha premiado con una gran mujer y dos bellos y estupendos hijos y vive en Tequisquiapan, Quer\u00e9taro. All\u00e1 se refugi\u00f3 y le gust\u00f3 tambi\u00e9n el viento fr\u00edo y el tiempo cambiante y el buen vino y el buen queso y la estupenda barbacoa que a escondidas come de vez en cuando que puede escapar al ojo vigilante de la familia que le ordena una \u201cbuena alimentaci\u00f3n,\u201d pero yo me digo que no hay nada mejor que la buena barbacoa con un buen consom\u00e9 s\u00ed es la delicia y se hace agua la boca\u2026<\/p>\n<p>A \u00e9l, a veces no siempre le gusta lo que escribo, no somos afectos a \u201cdarnos bola\u201d ni somos de iguales pensamientos cada uno tiene su forma de ser y de entender la vida de acuerdo a sus propias experiencias y le gusta que de pronto comente sobre los viejos tiempos y hable de los t\u00edos y los parientes y mi padre y madre, en sus tiempos y circunstancias, y esto es bueno para los dos, nos llenan los recuerdos y nos llevan nuevamente a los caminos que nos gustan y gustaban y que ahora no podemos recorrer porque los a\u00f1os nos lo impiden, por eso Dios nos ha dotado del recuerdo, el bueno y el malo, el sencillo y alegre y el llorador, el que nos saca la nostalgia y la tristeza de lo que tuvimos y ya no, pero por eso es bueno que se vayan saliendo y no se acogoten en el \u00e1nimo de la tristeza, pues dicen que es bueno el llorar porque lubricamos el ojo y refrescamos el alma y el coraz\u00f3n. Otros d\u00edas vendr\u00e1n platicando otras almas que nos lleguen a mover las hojas que cambian de color en el oto\u00f1o y en el invierno y las renuevan en la primavera, por eso amamos los cambios, porque nada es igual a pesar de todo.<\/p>\n<p><em><a href=\"mailto:socrates_campos8@yahoo.com.mx\" target=\"_blank\" rel=\"noopener noreferrer\">socrates_campos8@yahoo.com.mx<\/a><\/em><\/p>\n","protected":false},"excerpt":{"rendered":"<p><span style=\"color: #005497;\"><strong>S\u00f3crates A. Campos Lemus<\/strong><\/span><\/p>\n","protected":false},"author":3,"featured_media":0,"comment_status":"open","ping_status":"open","sticky":false,"template":"","format":"standard","meta":{"_monsterinsights_skip_tracking":false,"_monsterinsights_sitenote_active":false,"_monsterinsights_sitenote_note":"","_monsterinsights_sitenote_category":0,"footnotes":""},"categories":[82147],"tags":[82149,43674,82150,82148],"class_list":["post-481320","post","type-post","status-publish","format-standard","hentry","category-socrates-a-campos-lemus","tag-son-reflexiones","tag-opinion","tag-socrates-a-campos-lemus","tag-que-conste"],"_links":{"self":[{"href":"https:\/\/www.diarioimagen.net\/index.php?rest_route=\/wp\/v2\/posts\/481320","targetHints":{"allow":["GET"]}}],"collection":[{"href":"https:\/\/www.diarioimagen.net\/index.php?rest_route=\/wp\/v2\/posts"}],"about":[{"href":"https:\/\/www.diarioimagen.net\/index.php?rest_route=\/wp\/v2\/types\/post"}],"author":[{"embeddable":true,"href":"https:\/\/www.diarioimagen.net\/index.php?rest_route=\/wp\/v2\/users\/3"}],"replies":[{"embeddable":true,"href":"https:\/\/www.diarioimagen.net\/index.php?rest_route=%2Fwp%2Fv2%2Fcomments&post=481320"}],"version-history":[{"count":0,"href":"https:\/\/www.diarioimagen.net\/index.php?rest_route=\/wp\/v2\/posts\/481320\/revisions"}],"wp:attachment":[{"href":"https:\/\/www.diarioimagen.net\/index.php?rest_route=%2Fwp%2Fv2%2Fmedia&parent=481320"}],"wp:term":[{"taxonomy":"category","embeddable":true,"href":"https:\/\/www.diarioimagen.net\/index.php?rest_route=%2Fwp%2Fv2%2Fcategories&post=481320"},{"taxonomy":"post_tag","embeddable":true,"href":"https:\/\/www.diarioimagen.net\/index.php?rest_route=%2Fwp%2Fv2%2Ftags&post=481320"}],"curies":[{"name":"wp","href":"https:\/\/api.w.org\/{rel}","templated":true}]}}