{"id":481421,"date":"2020-09-30T00:06:29","date_gmt":"2020-09-30T05:06:29","guid":{"rendered":"https:\/\/www.diarioimagen.net\/?p=481421"},"modified":"2020-09-30T21:36:03","modified_gmt":"2020-10-01T02:36:03","slug":"uaem-realizara-pruebas-para-deteccion-de-covid-19-mediante-la-rt-pcr","status":"publish","type":"post","link":"https:\/\/www.diarioimagen.net\/?p=481421","title":{"rendered":"UAEM realizar\u00e1 pruebas para detecci\u00f3n de COVID-19 mediante la RT-PCR"},"content":{"rendered":"<p><strong>\u00a0<\/strong><\/p>\n<ul>\n<li><em><strong>La Facultad de Ciencias obtuvo financiamiento por parte del Organismo Internacional de Energ\u00eda At\u00f3mica para insumos, reactivos, consumibles y equipo de alta tecnolog\u00eda que procesa informaci\u00f3n del material gen\u00e9tico que se extrae del RNA del virus a partir de una muestra en nariz y garganta<\/strong><br \/>\n<\/em><\/li>\n<\/ul>\n<p>&nbsp;<\/p>\n<div id=\"attachment_481492\" style=\"width: 470px\" class=\"wp-caption aligncenter\"><a href=\"https:\/\/www.diarioimagen.net\/?attachment_id=481492\" rel=\"attachment wp-att-481492\"><img loading=\"lazy\" decoding=\"async\" aria-describedby=\"caption-attachment-481492\" class=\"size-full wp-image-481492\" src=\"https:\/\/www.diarioimagen.net\/wp-content\/uploads\/2020\/09\/uaemportada.jpg\" alt=\"\" width=\"460\" height=\"270\" \/><\/a><p id=\"caption-attachment-481492\" class=\"wp-caption-text\">La catedr\u00e1tica e investigadora de la Facultad de Ciencias de la UAEM, Carla Garc\u00eda Morales.<\/p><\/div>\n<p><strong>Toluca, Estado M\u00e9xico.\u2013 <\/strong>Resultado de la obtenci\u00f3n de financiamiento por parte del Organismo Internacional de Energ\u00eda At\u00f3mica (OIEA), en un mediano plazo la Universidad Aut\u00f3noma del Estado de M\u00e9xico realizar\u00e1 pruebas para la detecci\u00f3n del virus SARS-CoV-2 a trav\u00e9s de la t\u00e9cnica de RT-PCR (Reverse Transcription Polymerase Chain Reaction, por sus siglas en ingl\u00e9s), que permite detectar carga viral de coronavirus en el cuerpo humano.<\/p>\n<p>La catedr\u00e1tica e investigadora de la Facultad de Ciencias de la UAEM, Carla Garc\u00eda Morales, destac\u00f3 que la OIEA benefici\u00f3 a 260 laboratorios de 127 pa\u00edses con insumos y equipo; de ellos, 31 son de Am\u00e9rica Latina y en M\u00e9xico \u00fanicamente fueron apoyados cinco laboratorios, uno de ellos, el de la Aut\u00f3noma mexiquense.<\/p>\n<p>Precis\u00f3 que mediante la participaci\u00f3n en la convocatoria de la OIEA, la UAEM obtuvo insumos, reactivos y consumibles, as\u00ed como un termociclador y equipo de alta tecnolog\u00eda que procesa informaci\u00f3n del material gen\u00e9tico que se extrae del RNA (\u00c1cido Ribonucleico) del virus a partir de una muestra en nariz y garganta.<\/p>\n<p>Dichas pruebas, indic\u00f3, se sumar\u00e1n a las que tambi\u00e9n se realizar\u00e1n en el Laboratorio de Biolog\u00eda Molecular de la Cl\u00ednica Multidisciplinaria de Salud (CMS), que con apoyo de la Administraci\u00f3n 2017-2021 de la UAEM, fue equipado para realizar pruebas r\u00e1pidas para la detecci\u00f3n de COVID-19 desde el pasado 21 de septiembre.<\/p>\n<p>Detall\u00f3 que la consecuci\u00f3n de estos recursos es resultado de los trabajos realizados por especialistas de la Facultad de Ciencias, que para realizar las pruebas trabajar\u00e1n en conjunto con personal de la Facultad de Qu\u00edmica y la Cl\u00ednica Multidisciplinaria de Salud; asimismo, se prev\u00e9 que m\u00e1s adelante se apliquen pruebas para la detecci\u00f3n de otros agentes infecciosos.<\/p>\n","protected":false},"excerpt":{"rendered":"<p>Resultado de la obtenci\u00f3n de financiamiento por parte del Organismo Internacional de Energ\u00eda At\u00f3mica (OIEA), en un mediano plazo la Universidad Aut\u00f3noma del Estado de M\u00e9xico realizar\u00e1 pruebas para la detecci\u00f3n del virus SARS-CoV-2 a trav\u00e9s de la t\u00e9cnica de RT-PCR (Reverse Transcription Polymerase Chain Reaction, por sus siglas en ingl\u00e9s), que permite detectar carga viral de coronavirus en el cuerpo humano.<\/p>\n","protected":false},"author":3,"featured_media":481492,"comment_status":"open","ping_status":"open","sticky":false,"template":"","format":"standard","meta":{"_monsterinsights_skip_tracking":false,"_monsterinsights_sitenote_active":false,"_monsterinsights_sitenote_note":"","_monsterinsights_sitenote_category":0,"footnotes":""},"categories":[5],"tags":[91666,91673,452,1490],"class_list":["post-481421","post","type-post","status-publish","format-standard","has-post-thumbnail","hentry","category-estado-de-mexico","tag-estado-mexico","tag-rt-pcr","tag-toluca","tag-universidad-autonoma-del-estado-de-mexico"],"_links":{"self":[{"href":"https:\/\/www.diarioimagen.net\/index.php?rest_route=\/wp\/v2\/posts\/481421","targetHints":{"allow":["GET"]}}],"collection":[{"href":"https:\/\/www.diarioimagen.net\/index.php?rest_route=\/wp\/v2\/posts"}],"about":[{"href":"https:\/\/www.diarioimagen.net\/index.php?rest_route=\/wp\/v2\/types\/post"}],"author":[{"embeddable":true,"href":"https:\/\/www.diarioimagen.net\/index.php?rest_route=\/wp\/v2\/users\/3"}],"replies":[{"embeddable":true,"href":"https:\/\/www.diarioimagen.net\/index.php?rest_route=%2Fwp%2Fv2%2Fcomments&post=481421"}],"version-history":[{"count":0,"href":"https:\/\/www.diarioimagen.net\/index.php?rest_route=\/wp\/v2\/posts\/481421\/revisions"}],"wp:featuredmedia":[{"embeddable":true,"href":"https:\/\/www.diarioimagen.net\/index.php?rest_route=\/wp\/v2\/media\/481492"}],"wp:attachment":[{"href":"https:\/\/www.diarioimagen.net\/index.php?rest_route=%2Fwp%2Fv2%2Fmedia&parent=481421"}],"wp:term":[{"taxonomy":"category","embeddable":true,"href":"https:\/\/www.diarioimagen.net\/index.php?rest_route=%2Fwp%2Fv2%2Fcategories&post=481421"},{"taxonomy":"post_tag","embeddable":true,"href":"https:\/\/www.diarioimagen.net\/index.php?rest_route=%2Fwp%2Fv2%2Ftags&post=481421"}],"curies":[{"name":"wp","href":"https:\/\/api.w.org\/{rel}","templated":true}]}}