{"id":481641,"date":"2020-10-01T00:01:00","date_gmt":"2020-10-01T05:01:00","guid":{"rendered":"https:\/\/www.diarioimagen.net\/?p=481641"},"modified":"2020-09-30T21:31:32","modified_gmt":"2020-10-01T02:31:32","slug":"un-error-aprobacion-de-la-reforma-para-disminuir-numero-de-integrantes-de-ayuntamientos","status":"publish","type":"post","link":"https:\/\/www.diarioimagen.net\/?p=481641","title":{"rendered":"\u201cUn error, aprobaci\u00f3n de la reforma para disminuir n\u00famero de integrantes\u00a0de ayuntamientos\u201d"},"content":{"rendered":"<p>&nbsp;<\/p>\n<p><img loading=\"lazy\" decoding=\"async\" class=\"aligncenter wp-image-481642\" src=\"https:\/\/www.diarioimagen.net\/wp-content\/uploads\/2020\/09\/CAMACHO1-dpor.jpg\" alt=\"\" width=\"444\" height=\"259\" \/><\/p>\n<p>&nbsp;<\/p>\n<p><strong>Huixquilucan, Estado de M\u00e9xico<\/strong><b>.-<\/b> El presidente municipal Enrique Vargas del Villar felicit\u00f3 a la fracci\u00f3n parlamentaria de Acci\u00f3n Nacional en el Congreso del Estado de M\u00e9xico, por defender la democracia al dar su voto en contra a la reforma de disminuci\u00f3n de s\u00edndicos y regidores en los 125 municipios de la entidad.<\/p>\n<p>El alcalde refiri\u00f3 que los diputados del PRI, Morena y PT mataron la democracia en la entidad, al avalar una iniciativa que lejos de beneficiar va a perjudicar a los partidos minoritarios.<\/p>\n","protected":false},"excerpt":{"rendered":"<p>El presidente municipal Enrique Vargas del Villar felicit\u00f3 a la fracci\u00f3n parlamentaria de Acci\u00f3n Nacional en el Congreso del Estado de M\u00e9xico, por defender la democracia al dar su voto en contra a la reforma de disminuci\u00f3n de s\u00edndicos y regidores en los 125 municipios de la entidad.<\/p>\n","protected":false},"author":1,"featured_media":481642,"comment_status":"open","ping_status":"open","sticky":false,"template":"","format":"standard","meta":{"_monsterinsights_skip_tracking":false,"_monsterinsights_sitenote_active":false,"_monsterinsights_sitenote_note":"","_monsterinsights_sitenote_category":0,"footnotes":""},"categories":[5],"tags":[47218,43675,1097],"class_list":["post-481641","post","type-post","status-publish","format-standard","has-post-thumbnail","hentry","category-estado-de-mexico","tag-enrique-vargas-del-villar","tag-estado-de-mexico","tag-huixquilucan"],"_links":{"self":[{"href":"https:\/\/www.diarioimagen.net\/index.php?rest_route=\/wp\/v2\/posts\/481641","targetHints":{"allow":["GET"]}}],"collection":[{"href":"https:\/\/www.diarioimagen.net\/index.php?rest_route=\/wp\/v2\/posts"}],"about":[{"href":"https:\/\/www.diarioimagen.net\/index.php?rest_route=\/wp\/v2\/types\/post"}],"author":[{"embeddable":true,"href":"https:\/\/www.diarioimagen.net\/index.php?rest_route=\/wp\/v2\/users\/1"}],"replies":[{"embeddable":true,"href":"https:\/\/www.diarioimagen.net\/index.php?rest_route=%2Fwp%2Fv2%2Fcomments&post=481641"}],"version-history":[{"count":0,"href":"https:\/\/www.diarioimagen.net\/index.php?rest_route=\/wp\/v2\/posts\/481641\/revisions"}],"wp:featuredmedia":[{"embeddable":true,"href":"https:\/\/www.diarioimagen.net\/index.php?rest_route=\/wp\/v2\/media\/481642"}],"wp:attachment":[{"href":"https:\/\/www.diarioimagen.net\/index.php?rest_route=%2Fwp%2Fv2%2Fmedia&parent=481641"}],"wp:term":[{"taxonomy":"category","embeddable":true,"href":"https:\/\/www.diarioimagen.net\/index.php?rest_route=%2Fwp%2Fv2%2Fcategories&post=481641"},{"taxonomy":"post_tag","embeddable":true,"href":"https:\/\/www.diarioimagen.net\/index.php?rest_route=%2Fwp%2Fv2%2Ftags&post=481641"}],"curies":[{"name":"wp","href":"https:\/\/api.w.org\/{rel}","templated":true}]}}