{"id":481696,"date":"2020-10-01T00:08:57","date_gmt":"2020-10-01T05:08:57","guid":{"rendered":"https:\/\/www.diarioimagen.net\/?p=481696"},"modified":"2020-10-02T01:25:01","modified_gmt":"2020-10-02T06:25:01","slug":"toma-protesta-alfredo-del-mazo-maza-a-nuevos-secretarios-del-gabinete-estatal","status":"publish","type":"post","link":"https:\/\/www.diarioimagen.net\/?p=481696","title":{"rendered":"Toma protesta Alfredo Del Mazo Maza a nuevos secretarios del gabinete estatal"},"content":{"rendered":"<p>&nbsp;<\/p>\n<ul>\n<li><strong><em>Asegura el gobernador que ante los retos de la actual contingencia sanitaria es necesario adaptarse y hacer m\u00e1s eficiente el quehacer gubernamental<\/em><\/strong><\/li>\n<li><strong><em>Explica que esta reestructura implica la fusi\u00f3n de seis Secretar\u00edas, lo que significa la reducci\u00f3n de tres dependencias y de cinco subsecretar\u00edas<\/em><\/strong><\/li>\n<\/ul>\n<p><strong>\u00a0<\/strong><\/p>\n<div id=\"attachment_481762\" style=\"width: 470px\" class=\"wp-caption aligncenter\"><a href=\"https:\/\/www.diarioimagen.net\/?attachment_id=481762\" rel=\"attachment wp-att-481762\"><img loading=\"lazy\" decoding=\"async\" aria-describedby=\"caption-attachment-481762\" class=\"size-full wp-image-481762\" src=\"https:\/\/www.diarioimagen.net\/wp-content\/uploads\/2020\/09\/Edomex-nemer.jpg\" alt=\"\" width=\"460\" height=\"270\" \/><\/a><p id=\"caption-attachment-481762\" class=\"wp-caption-text\">El gobernador Alfredo Del Mazo Maza tom\u00f3 protesta a nuevos integrantes del gabinete estatal.<\/p><\/div>\n<p>&nbsp;<\/p>\n<p><strong>Toluca, Estado de M\u00e9xico.- <\/strong>El gobernador Alfredo Del Mazo Maza enfatiz\u00f3 que ante la actual contingencia y los retos que implica, la administraci\u00f3n estatal se adapta para superar esta emergencia sanitaria, con cambios encaminados a mejorar la administraci\u00f3n estatal.<\/p>\n<p>\u201cEste evento nos oblig\u00f3 a replantearnos nuestras prioridades y encontrar nuevas formas de interacci\u00f3n y de trabajo, por esa raz\u00f3n estoy haciendo cambios en la estructura de la administraci\u00f3n que nos permitan adaptarnos r\u00e1pidamente y seguir adelante\u201d, puntualiz\u00f3.<\/p>\n<p>Al tomar protesta a nuevos integrantes del Gabinete estatal, Del Mazo Maza precis\u00f3 que como parte de esta reestructura, seis Secretar\u00edas del Gobierno mexiquense se fusionan, lo que significa la reducci\u00f3n de tres dependencias y de cinco Subsecretar\u00edas.<\/p>\n<p>\u201cDentro de esta reestructura estamos fusionando seis Secretar\u00edas, lo que se traduce en una reducci\u00f3n de tres Secretar\u00edas; estamos eliminando cinco Subsecretar\u00edas, esto significa el reto tambi\u00e9n de un mayor trabajo y un mayor esfuerzo, de manera m\u00e1s eficiente\u201d, explic\u00f3.<\/p>\n<p>El gobernador consider\u00f3 que es importante que despu\u00e9s de este periodo, la sociedad haya aprendido a entender la nueva realidad y actuar en consecuencia.<\/p>\n<p>Asimismo, indic\u00f3 que en el trabajo para impulsar al sector agropecuario, se tom\u00f3 la decisi\u00f3n de transformar la Secretar\u00eda de Desarrollo Agropecuario, que ahora se denomina Secretar\u00eda del Campo y que estar\u00e1 al frente de Mercedes Col\u00edn Guadarrama.<\/p>\n<p>Agreg\u00f3 que desde el principio de la administraci\u00f3n, el apoyo a las mujeres ha sido una prioridad y, en un esfuerzo para articular todas las pol\u00edticas, programas de Gobierno, servicios y acciones en apoyo a las mexiquenses, se crea la Secretar\u00eda de la Mujer que estar\u00e1 encabezada por Mar\u00eda Isabel S\u00e1nchez Holgu\u00edn.<\/p>\n<p>\u201cEl apoyo a las mujeres ha sido una prioridad y en un esfuerzo para articular todas las pol\u00edticas, programas de gobierno, servicios y acciones para apoyar a las mujeres, estoy creando la Secretar\u00eda de la Mujer, que estar\u00e1 encargada de garantizar, el acceso igualitario a las oportunidades, el empoderamiento y el ejercicio de los derechos de las mujeres\u201d, enfatiz\u00f3.<\/p>\n<p>En Palacio de Gobierno, Alfredo Del Mazo tom\u00f3 protesta a Ernesto Nemer \u00c1lvarez, como Secretario General de Gobierno, a Rodrigo Mart\u00ednez-Celis, como Secretario de Seguridad, a Rafael D\u00edaz Leal Barrueta, como Secretario de Desarrollo Urbano y Obra, a Gerardo Monroy Serrano, como Secretario de Educaci\u00f3n, Mercedes Col\u00edn Guadarrama, al frente de la Secretar\u00eda del Campo, a Marcela Gonz\u00e1lez Salas, como Secretaria de Cultura y Turismo, a Luis Lim\u00f3n Ch\u00e1vez, como Secretario de Movilidad, y a Mar\u00eda Isabel S\u00e1nchez Holgu\u00edn como Secretaria de la Mujer.<\/p>\n<p>Tambi\u00e9n agradeci\u00f3 a quienes este d\u00eda dejan su cargo en el Gabinete estatal, y reconoci\u00f3 el trabajo de Alejandro Ozuna Rivero, Maribel Cervantes Guerrero, Alejandro Fern\u00e1ndez Campillo, Andr\u00e9s Massieu Fern\u00e1ndez, Roc\u00edo D\u00edaz Montoya, Evelyn Osornio Jim\u00e9nez y Raymundo Mart\u00ednez Carbajal, quienes encabezaban las Secretar\u00edas General de Gobierno, Seguridad, Educaci\u00f3n, Desarrollo Urbano y Metropolitano, Desarrollo Agropecuario, Turismo y Movilidad, respectivamente.<\/p>\n","protected":false},"excerpt":{"rendered":"<p>El gobernador Alfredo Del Mazo Maza enfatiz\u00f3 que ante la actual contingencia y los retos que implica, la administraci\u00f3n estatal se adapta para superar esta emergencia sanitaria, con cambios encaminados a mejorar la administraci\u00f3n estatal.<\/p>\n","protected":false},"author":3,"featured_media":481762,"comment_status":"open","ping_status":"open","sticky":false,"template":"","format":"standard","meta":{"_monsterinsights_skip_tracking":false,"_monsterinsights_sitenote_active":false,"_monsterinsights_sitenote_note":"","_monsterinsights_sitenote_category":0,"footnotes":""},"categories":[5],"tags":[2505,43675,19988,12784,452],"class_list":["post-481696","post","type-post","status-publish","format-standard","has-post-thumbnail","hentry","category-estado-de-mexico","tag-alfredo-del-mazo-maza","tag-estado-de-mexico","tag-gabinete","tag-protesta","tag-toluca"],"_links":{"self":[{"href":"https:\/\/www.diarioimagen.net\/index.php?rest_route=\/wp\/v2\/posts\/481696","targetHints":{"allow":["GET"]}}],"collection":[{"href":"https:\/\/www.diarioimagen.net\/index.php?rest_route=\/wp\/v2\/posts"}],"about":[{"href":"https:\/\/www.diarioimagen.net\/index.php?rest_route=\/wp\/v2\/types\/post"}],"author":[{"embeddable":true,"href":"https:\/\/www.diarioimagen.net\/index.php?rest_route=\/wp\/v2\/users\/3"}],"replies":[{"embeddable":true,"href":"https:\/\/www.diarioimagen.net\/index.php?rest_route=%2Fwp%2Fv2%2Fcomments&post=481696"}],"version-history":[{"count":0,"href":"https:\/\/www.diarioimagen.net\/index.php?rest_route=\/wp\/v2\/posts\/481696\/revisions"}],"wp:featuredmedia":[{"embeddable":true,"href":"https:\/\/www.diarioimagen.net\/index.php?rest_route=\/wp\/v2\/media\/481762"}],"wp:attachment":[{"href":"https:\/\/www.diarioimagen.net\/index.php?rest_route=%2Fwp%2Fv2%2Fmedia&parent=481696"}],"wp:term":[{"taxonomy":"category","embeddable":true,"href":"https:\/\/www.diarioimagen.net\/index.php?rest_route=%2Fwp%2Fv2%2Fcategories&post=481696"},{"taxonomy":"post_tag","embeddable":true,"href":"https:\/\/www.diarioimagen.net\/index.php?rest_route=%2Fwp%2Fv2%2Ftags&post=481696"}],"curies":[{"name":"wp","href":"https:\/\/api.w.org\/{rel}","templated":true}]}}