{"id":481786,"date":"2020-10-02T00:04:34","date_gmt":"2020-10-02T05:04:34","guid":{"rendered":"https:\/\/www.diarioimagen.net\/?p=481786"},"modified":"2020-10-02T01:24:27","modified_gmt":"2020-10-02T06:24:27","slug":"avala-cabildo-de-naucalpan-por-mayoria-nombramiento-de-oficiales-calificadoras","status":"publish","type":"post","link":"https:\/\/www.diarioimagen.net\/?p=481786","title":{"rendered":"Avala Cabildo de Naucalpan, por mayor\u00eda,\u00a0nombramiento de Oficiales Calificadoras"},"content":{"rendered":"<p>&nbsp;<\/p>\n<ul>\n<li><em><b>Nuevo Modelo Homologado de Justicia C\u00edvica<\/b><\/em><\/li>\n<\/ul>\n<p>&nbsp;<\/p>\n<div id=\"attachment_481787\" style=\"width: 454px\" class=\"wp-caption aligncenter\"><img loading=\"lazy\" decoding=\"async\" aria-describedby=\"caption-attachment-481787\" class=\"wp-image-481787\" src=\"https:\/\/www.diarioimagen.net\/wp-content\/uploads\/2020\/10\/CAMACHO2-bpor.jpg\" alt=\"\" width=\"444\" height=\"259\" \/><p id=\"caption-attachment-481787\" class=\"wp-caption-text\">El Cabildo aprob\u00f3 los nombramientos de Daniela I\u00f1igo Cabrejos y Diana Alejandra P\u00e9rez Armend\u00e1riz como Oficiales Calificadoras.<\/p><\/div>\n<p>&nbsp;<\/p>\n<p><strong>Naucalpan, Estado de M\u00e9xico<\/strong>.- El Cabildo aprob\u00f3 por mayor\u00eda los nombramientos de Daniela I\u00f1igo Cabrejos y Diana Alejandra P\u00e9rez Armend\u00e1riz como Oficiales Calificadoras, a quienes se les encomend\u00f3 trabajar en la transici\u00f3n hacia el nuevo Modelo Homologado de Justicia C\u00edvica.<\/p>\n<p>P\u00e9rez Armend\u00e1riz destac\u00f3 las ventajas del nuevo esquema, pues privilegia la reinserci\u00f3n social y la prevenci\u00f3n del delito, para evitar que las infracciones lleguen a una instancia penal.<\/p>\n<p>\u201cVamos a trabajar arduamente para implementar el nuevo sistema homologado a fin de buscar la justicia c\u00edvica. Sus principales ejes son el respeto de los derechos humanos hacia las personas infractoras, adem\u00e1s de una individualizaci\u00f3n de las sanciones, tomar en cuenta cada una de las caracter\u00edsticas particulares de las personas que lleguen al recinto como detenidas\u201d, asegur\u00f3.<\/p>\n<p>En tanto, I\u00f1igo Cabrejos coment\u00f3 que se trata de un reto, pues se busca avanzar hacia un sistema con un enfoque m\u00e1s humanitario.<\/p>\n<p>\u201cVenimos preparadas, listas para aportar de nuestro conocimiento y experiencia, ser\u00e1 importante aplicar el nuevo modelo homologado, hay que humanizar el procedimiento, individualizarlo y buscar la justicia\u201d, dijo.<\/p>\n<p>En la Sexag\u00e9sima Cuarta Sesi\u00f3n Ordinaria de Cabildo, s\u00edndicos y regidores externaron que a nivel nacional las Oficial\u00edas Calificadoras tienen una mala imagen, enmarcada en el punitivismo y en no atender las causas sociales, por lo que esperan que las funcionarias se conduzcan bajo los principios constitucionales.<\/p>\n<p>Durante la sesi\u00f3n, las y los ediles tambi\u00e9n avalaron una reasignaci\u00f3n de recursos, provenientes del Fondo Estatal de Fortalecimiento Municipal (FEFOM), para destinarlos a la realizaci\u00f3n de obras p\u00fablicas, entre las cuales destaca la pavimentaci\u00f3n del camino de acceso principal a la Universidad P\u00fablica Naucalpense.<\/p>\n","protected":false},"excerpt":{"rendered":"<p>El Cabildo aprob\u00f3 por mayor\u00eda los nombramientos de Daniela I\u00f1igo Cabrejos y Diana Alejandra P\u00e9rez Armend\u00e1riz como Oficiales Calificadoras, a quienes se les encomend\u00f3 trabajar en la transici\u00f3n hacia el nuevo Modelo Homologado de Justicia C\u00edvica.<\/p>\n","protected":false},"author":1,"featured_media":481787,"comment_status":"open","ping_status":"open","sticky":false,"template":"","format":"standard","meta":{"_monsterinsights_skip_tracking":false,"_monsterinsights_sitenote_active":false,"_monsterinsights_sitenote_note":"","_monsterinsights_sitenote_category":0,"footnotes":""},"categories":[5],"tags":[43675,970,91691],"class_list":["post-481786","post","type-post","status-publish","format-standard","has-post-thumbnail","hentry","category-estado-de-mexico","tag-estado-de-mexico","tag-naucalpan","tag-oficiales-calificadoras"],"_links":{"self":[{"href":"https:\/\/www.diarioimagen.net\/index.php?rest_route=\/wp\/v2\/posts\/481786","targetHints":{"allow":["GET"]}}],"collection":[{"href":"https:\/\/www.diarioimagen.net\/index.php?rest_route=\/wp\/v2\/posts"}],"about":[{"href":"https:\/\/www.diarioimagen.net\/index.php?rest_route=\/wp\/v2\/types\/post"}],"author":[{"embeddable":true,"href":"https:\/\/www.diarioimagen.net\/index.php?rest_route=\/wp\/v2\/users\/1"}],"replies":[{"embeddable":true,"href":"https:\/\/www.diarioimagen.net\/index.php?rest_route=%2Fwp%2Fv2%2Fcomments&post=481786"}],"version-history":[{"count":0,"href":"https:\/\/www.diarioimagen.net\/index.php?rest_route=\/wp\/v2\/posts\/481786\/revisions"}],"wp:featuredmedia":[{"embeddable":true,"href":"https:\/\/www.diarioimagen.net\/index.php?rest_route=\/wp\/v2\/media\/481787"}],"wp:attachment":[{"href":"https:\/\/www.diarioimagen.net\/index.php?rest_route=%2Fwp%2Fv2%2Fmedia&parent=481786"}],"wp:term":[{"taxonomy":"category","embeddable":true,"href":"https:\/\/www.diarioimagen.net\/index.php?rest_route=%2Fwp%2Fv2%2Fcategories&post=481786"},{"taxonomy":"post_tag","embeddable":true,"href":"https:\/\/www.diarioimagen.net\/index.php?rest_route=%2Fwp%2Fv2%2Ftags&post=481786"}],"curies":[{"name":"wp","href":"https:\/\/api.w.org\/{rel}","templated":true}]}}