{"id":481789,"date":"2020-10-02T00:03:57","date_gmt":"2020-10-02T05:03:57","guid":{"rendered":"https:\/\/www.diarioimagen.net\/?p=481789"},"modified":"2020-10-02T01:22:20","modified_gmt":"2020-10-02T06:22:20","slug":"se-debe-trabajar-coordinadamente-en-seguridad-enrique-vargas-del-villar","status":"publish","type":"post","link":"https:\/\/www.diarioimagen.net\/?p=481789","title":{"rendered":"Se debe trabajar coordinadamente en seguridad: Enrique Vargas del Villar"},"content":{"rendered":"<p>&nbsp;<\/p>\n<ul>\n<li><em><b>Consejo Intermunicipal de Seguridad P\u00fablica Regi\u00f3n IX<\/b><\/em><\/li>\n<\/ul>\n<p>&nbsp;<\/p>\n<div id=\"attachment_481790\" style=\"width: 454px\" class=\"wp-caption aligncenter\"><img loading=\"lazy\" decoding=\"async\" aria-describedby=\"caption-attachment-481790\" class=\"wp-image-481790\" src=\"https:\/\/www.diarioimagen.net\/wp-content\/uploads\/2020\/10\/CAMACHO2-apor.jpg\" alt=\"\" width=\"444\" height=\"259\" \/><p id=\"caption-attachment-481790\" class=\"wp-caption-text\">El alcalde Enrique Vargas del Villar insisti\u00f3 en que los tres niveles de gobierno deben hacer un trabajo en conjunto en el tema de la seguridad.<\/p><\/div>\n<p>&nbsp;<\/p>\n<p><strong>Huixquilucan, Estado de M\u00e9xico.-<\/strong> \u201cSi no hacemos un trabajo coordinado y si no se le invierte a las polic\u00edas municipales, la inseguridad en 2021 se va a ir para arriba\u201d, asegur\u00f3 el alcalde Enrique Vargas del Villar, durante la sexta sesi\u00f3n ordinaria del Consejo Intermunicipal de Seguridad P\u00fablica regi\u00f3n IX.<\/p>\n<p>En presencia de ediles y representantes de los gobiernos municipales de Isidro Fabela, Jilotzingo, Naucalpan y Xonacatl\u00e1n, as\u00ed como instancias estatales y federales, Vargas del Villar insisti\u00f3 en que los tres niveles de gobierno deben hacer un trabajo en conjunto en el tema de la seguridad, ya que est\u00e1 comprobado que ning\u00fan gobierno puede solo con la seguridad p\u00fablica.<\/p>\n<p>En este sentido, Vargas del Villar hizo un llamado al gobierno federal para que reconsidere el recurso del Programa de Fortalecimiento para la Seguridad (Fortaseg), ya que en el Paquete Fiscal para el 2021 no se tiene ni un solo peso destinado a este rubro.<\/p>\n<p>\u201cEsto es directamente en contra de los ciudadanos\u201d, por ello reiter\u00f3 el llamado a la C\u00e1mara de Diputados para que regresen este fondo que es tan necesario para la seguridad p\u00fablica de los municipios. \u201cEntre menos recursos lleguen a los municipios para nuestras polic\u00edas, va directamente en contra de los ciudadanos\u201d<\/p>\n<p>Explic\u00f3 que sin este recurso el pr\u00f3ximo a\u00f1o no podr\u00e1 haber ni capacitaciones, ni equipamiento, ni armas, ni patrullas, debido a la cancelaci\u00f3n del Fortaseg.<\/p>\n<p>Reiter\u00f3, que el tema de la seguridad p\u00fablica es la exigencia n\u00famero uno de los ciudadanos y con el trabajo realizado al interior del Consejo Intermunicipal se beneficia a las demarcaciones involucradas.<\/p>\n<p>La Direcci\u00f3n General de Desarrollo Institucional e Innovaci\u00f3n por parte de la Secretar\u00eda de Seguridad, precis\u00f3 que este Consejo Intermunicipal se destaca del resto que opera en la entidad, en tanto que \u201cHuixquilucan es de los primeros municipios que han tenido al 100 por ciento todas las estrategias cumplidas\u201d.<\/p>\n","protected":false},"excerpt":{"rendered":"<p>\u201cSi no hacemos un trabajo coordinado y si no se le invierte a las polic\u00edas municipales, la inseguridad en 2021 se va a ir para arriba\u201d, asegur\u00f3 el alcalde Enrique Vargas del Villar, durante la sexta sesi\u00f3n ordinaria del Consejo Intermunicipal de Seguridad P\u00fablica regi\u00f3n IX.<\/p>\n","protected":false},"author":1,"featured_media":481790,"comment_status":"open","ping_status":"open","sticky":false,"template":"","format":"standard","meta":{"_monsterinsights_skip_tracking":false,"_monsterinsights_sitenote_active":false,"_monsterinsights_sitenote_note":"","_monsterinsights_sitenote_category":0,"footnotes":""},"categories":[5],"tags":[47218,43675,1097],"class_list":["post-481789","post","type-post","status-publish","format-standard","has-post-thumbnail","hentry","category-estado-de-mexico","tag-enrique-vargas-del-villar","tag-estado-de-mexico","tag-huixquilucan"],"_links":{"self":[{"href":"https:\/\/www.diarioimagen.net\/index.php?rest_route=\/wp\/v2\/posts\/481789","targetHints":{"allow":["GET"]}}],"collection":[{"href":"https:\/\/www.diarioimagen.net\/index.php?rest_route=\/wp\/v2\/posts"}],"about":[{"href":"https:\/\/www.diarioimagen.net\/index.php?rest_route=\/wp\/v2\/types\/post"}],"author":[{"embeddable":true,"href":"https:\/\/www.diarioimagen.net\/index.php?rest_route=\/wp\/v2\/users\/1"}],"replies":[{"embeddable":true,"href":"https:\/\/www.diarioimagen.net\/index.php?rest_route=%2Fwp%2Fv2%2Fcomments&post=481789"}],"version-history":[{"count":0,"href":"https:\/\/www.diarioimagen.net\/index.php?rest_route=\/wp\/v2\/posts\/481789\/revisions"}],"wp:featuredmedia":[{"embeddable":true,"href":"https:\/\/www.diarioimagen.net\/index.php?rest_route=\/wp\/v2\/media\/481790"}],"wp:attachment":[{"href":"https:\/\/www.diarioimagen.net\/index.php?rest_route=%2Fwp%2Fv2%2Fmedia&parent=481789"}],"wp:term":[{"taxonomy":"category","embeddable":true,"href":"https:\/\/www.diarioimagen.net\/index.php?rest_route=%2Fwp%2Fv2%2Fcategories&post=481789"},{"taxonomy":"post_tag","embeddable":true,"href":"https:\/\/www.diarioimagen.net\/index.php?rest_route=%2Fwp%2Fv2%2Ftags&post=481789"}],"curies":[{"name":"wp","href":"https:\/\/api.w.org\/{rel}","templated":true}]}}