{"id":481876,"date":"2020-10-02T00:00:30","date_gmt":"2020-10-02T05:00:30","guid":{"rendered":"https:\/\/www.diarioimagen.net\/?p=481876"},"modified":"2020-10-02T02:51:44","modified_gmt":"2020-10-02T07:51:44","slug":"lamentan-la-desaparicion-del-fondo-nacional-de-desastres-naturales","status":"publish","type":"post","link":"https:\/\/www.diarioimagen.net\/?p=481876","title":{"rendered":"Lamentan la desaparici\u00f3n del Fondo Nacional de Desastres Naturales"},"content":{"rendered":"<h2>Hora 14<\/h2>\n<h5>Mauricio Conde Olivares<\/h5>\n<p>&nbsp;<\/p>\n<p>El Presidente Andr\u00e9s Manuel L\u00f3pez Obrador record\u00f3 ayer durante su conferencia ma\u00f1anera que Canc\u00fan fue la \u00fanica regi\u00f3n que creci\u00f3 de todo el sureste durante el periodo neoliberal, al destacar que Quintana Roo ha tenido tasa de crecimiento anual de 6 y 8 por ciento. Y aprovech\u00f3 para anunciar que se va a construir el nuevo aeropuerto de Tulum.<\/p>\n<p>Apunt\u00f3 el mandatario que \u201cyo estoy observando que est\u00e1 disminuyendo la pandemia en Quintana Roo, ese es el resultado que se tiene de los \u00faltimos reportes y espero que se vaya, como en Campeche y tambi\u00e9n en Chiapas y en Yucat\u00e1n, a la normalidad\u201d.<\/p>\n<p>Es muy importante que vuelva Quintana Roo a reactivar toda su actividad tur\u00edstica, dijo, es un centro generador de riqueza y distribuidor de riqueza, porque llegan muchos turistas y hay crecimiento econ\u00f3mico, se da mucho trabajo a transportistas, a trabajadores de hoteles, de restaurantes, en fin, es muy pr\u00f3spera esa zona en situaciones de normalidad y yo espero que se regrese a esa normalidad para que Quintana Roo siga creciendo.<\/p>\n<p>\u201cQuintana Roo es de las entidades federativas que m\u00e1s ha crecido en los \u00faltimos 30 a\u00f1os, tasas de crecimiento anual del seis, del ocho por ciento, de todo el sureste, porque se abandon\u00f3 por completo el sureste, lo \u00fanico que creci\u00f3 en el periodo neoliberal fue Canc\u00fan, no todo Quintana Roo, sino esa regi\u00f3n de Quintana Roo y la Riviera Maya, mientras Veracruz, Oaxaca, Tabasco, Chiapas, Campeche, incluso Yucat\u00e1n, permanecieron con estancamiento econ\u00f3mico\u201d, asegur\u00f3 L\u00f3pez Obrador.<\/p>\n<p>Entonces, a\u00f1adi\u00f3, mucha gente del sureste se fue a buscarse la vida a Canc\u00fan y a la Riviera Maya. \u201cHay que agradecer mucho a la gente originaria de Quintana Roo que le dio albergue, le dio opci\u00f3n de ir a trabajar a mucha gente a esa regi\u00f3n del pa\u00eds, incluso de otros estados, hay en Quintana Roo muchos nacidos en la Ciudad de M\u00e9xico y en Veracruz, y en Guerrero y de todos los estados\u201d, mencion\u00f3<\/p>\n<p>Entonces, observ\u00f3, yo espero que se rehabilite la actividad tur\u00edstica igual que en Los Cabos, que es el otro polo; lo mismo en Nayarit, la zona de Vallarta, de Bah\u00eda de Banderas.<\/p>\n<p>Tenemos ventajas en el caso del turismo, asever\u00f3 el primer mandatario: \u201cporque con la pandemia yo creo que los turistas van a optar por viajar a lugares no muy distantes y nosotros estamos muy cerca de Canad\u00e1, de Estados Unidos, entonces creo que la recuperaci\u00f3n en el turismo se va a dar pronto; adem\u00e1s, en Europa se prefiere mucho Canc\u00fan, todo lo que es Quintana Roo y ahora con el Tren Maya, con todas las obras que se est\u00e1n llevando a cabo all\u00e1, van a mejorar las cosas\u201d.<\/p>\n<p>Les comento, refiri\u00f3, que estamos por resolver ya lo del tramo Canc\u00fan-Tulum, que va a ser integral porque se va a mejorar la carretera por completo, se va a modernizar de Tulum a Canc\u00fan y en medio va a ir la v\u00eda del tren con pasos a desniveles.<\/p>\n<p>\u201cTambi\u00e9n ofrezco disculpas por las molestias que van a causar las obras, porque son 126 kil\u00f3metros aproximadamente y nos va a llevar como dos a\u00f1os construir ese tramo, entonces ya estamos viendo opciones para que no tengamos tantos embotellamientos y se pueda circular en toda la Riviera Maya, pero ya estamos en eso\u201d, indic\u00f3.<\/p>\n<p style=\"text-align: center;\"><strong>Nuevo aeropuerto en Tulum<\/strong><\/p>\n<p>Tambi\u00e9n adelant\u00f3 que se va a construir el nuevo aeropuerto de Tulum. Afirm\u00f3 que esto va a ayudar tambi\u00e9n mucho, y desde luego que se va a terminar el tramo de Tulum a Esc\u00e1rcega para que el Tren Maya sirva de transporte desde Palenque hacia el golfo, esto es Campeche, Yucat\u00e1n, Quintana Roo, regrese por Campeche y tenga como base Palenque, Chiapas.<\/p>\n<p>Entonces, ya est\u00e1 el proyecto avanzando, -prosigui\u00f3 L\u00f3pez Obrador- ya vamos a explicar todo de manera integral en su momento, de modo que Quintana Roo va a tener, como siempre, mucho auge, va a ser de los estados que se va a recuperar primero la econom\u00eda.<\/p>\n<p>Ya hay una recuperaci\u00f3n econ\u00f3mica en el pa\u00eds, tambi\u00e9n esto quiero dejarlo de manifiesto, cit\u00f3. Hasta ayer, el dato que ten\u00edamos es que hemos recuperado, sumando agosto y septiembre, 210 mil empleos aproximadamente, ponder\u00f3 el titular del Ejecutivo federal.<\/p>\n<p>\u00bfS\u00ed se acuerdan, porque aqu\u00ed lo hemos visto, de c\u00f3mo nos ca\u00edmos?, pregunt\u00f3 para se\u00f1alar que en abril \u201cperdimos 550 mil empleos de los trabajadores inscritos al Seguro Social, en mayo perdimos tambi\u00e9n, llegamos a perder cerca de un mill\u00f3n de empleos, todav\u00eda en julio perdimos tres mil, ya menos, pero se perdieron empleos y agosto ganamos 92 mil y ahora ya superamos, creo que andamos en 118 mil\u201d.<\/p>\n<p>Entonces, ya esto es distinto, concluy\u00f3: si seguimos as\u00ed vamos a poder, en seis meses a m\u00e1s tardar, volver a los 20 millones 500 mil empleos que ten\u00edamos antes de la pandemia, trabajadores inscritos en el Seguro Social, pero es un buen indicador.<\/p>\n<p>Por otra parte, le informo que hasta las 12 horas del 1 de octubre, en Quintana Roo se han notificado 9 mil 93 personas recuperadas, 8 mil 541 casos negativos, 625 casos en estudio, 11 mil 938 casos positivos y mil 664 defunciones relacionadas a Covid-19.<\/p>\n<p style=\"text-align: center;\"><strong>Duro golpe, extinci\u00f3n de fideicomisos<\/strong><\/p>\n<p>Y mientras se avanza en el combate al coronavirus, en otros rubros se aprecian malas noticias, por lo que el gobernador Carlos Joaqu\u00edn consider\u00f3 como un duro golpe a la econom\u00eda de los estados la extinci\u00f3n de varios fideicomisos federales, entre ellos est\u00e1n recursos del Fondo Nacional de Desastres Naturales<\/p>\n<p>Por ello, lament\u00f3 que en la discusi\u00f3n que existe en el Congreso de la Uni\u00f3n, para la aprobaci\u00f3n del Presupuesto de Egresos del 2021 en el llamado PEF ya se est\u00e9 considerando la desaparici\u00f3n de varios fideicomisos, entre ellos el del Fonden, lo cual estar\u00e1 afectado a la poblaci\u00f3n que en caso de ser afectada por un fen\u00f3meno hidrometeorol\u00f3gico u otras situaciones no se tendr\u00e1 fondos para subsanar estas situaciones.<\/p>\n<p>Una buena noticia es que para facilitar los pagos y apoyar el bolsillo de las familias, el Ayuntamiento de Benito Ju\u00e1rez ampli\u00f3 un mes m\u00e1s la \u201cJornada de Incentivos Fiscales 2020 y Regularizaci\u00f3n de Tr\u00e1mites\u201d, ya que conclu\u00eda el 30 de septiembre y ahora se podr\u00e1 aprovechar hasta el 31 de octubre en Canc\u00fan.<\/p>\n<p>Esta estrategia incluye descuentos desde el 15 hasta el 100 por ciento en 10 diferentes dependencias, de acuerdo a los horarios que corresponde a cada oficina donde se mantendr\u00e1n los protocolos de higiene y sana distancia, adem\u00e1s de que se cuenta con la opci\u00f3n digital para ciertos tr\u00e1mites.<\/p>\n<p>Los est\u00edmulos que se ofrecen son: en Tr\u00e1nsito municipal, en caso de multas impuestas en los a\u00f1os 2016 y 2017, se podr\u00e1 hacer un pago \u00fanico de 500 pesos para saldarlas; mientras que el 100 por ciento en recargos de multas aplicadas entre el 2018 y 2020; y el 75 por ciento en las multas de esos mismos a\u00f1os, adem\u00e1s de un 25 por ciento en la emisi\u00f3n de licencias de conducir de dos a\u00f1os.<\/p>\n<p>Por parte del Registro Civil, dijo que se otorgar\u00e1 un 50 por ciento de descuento en las copias certificadas que se entregan de manera inmediata en cada una de las oficial\u00edas.<\/p>\n<p>Indic\u00f3 que se otorgar\u00e1 descuentos en 100 por ciento en multas y 75 por ciento en recargos de impuesto predial; en las licencias de funcionamiento que se solicitan en esa \u00e1rea, se ofrecer\u00e1 50 por ciento en multas por extemporaneidad para negocios de bajo y mediano riesgo, que sean del 2019 hacia a\u00f1os atr\u00e1s; y 50 por ciento en recargos de ISABI, con un monto de hasta 100 mil pesos.<\/p>\n<p>Se\u00f1al\u00f3 que en la direcci\u00f3n de Ecolog\u00eda, se ofrecer\u00e1 un 15 por ciento menos en los tr\u00e1mites como son permisos de desarrollo, permiso de operaci\u00f3n municipal para nuevo ingreso y renovaci\u00f3n, as\u00ed como chapeo y desmonte.<\/p>\n<p>Puntualiz\u00f3 que para beneficio de los comerciantes, se otorgar\u00e1 un 50 por ciento en multas por parte de la direcci\u00f3n de Comercio y Servicios en la V\u00eda P\u00fablica; 50 por ciento en multas y recargos de documentaci\u00f3n en Servicios P\u00fablicos.<\/p>\n<p>Adem\u00e1s de 100 por ciento en recargos en Siresol; y 50 por ciento en multas en actualizaci\u00f3n en derechos mediano riesgo y 100 por ciento en las que corresponden a bajo riesgo, en la Direcci\u00f3n de Protecci\u00f3n Civil.<\/p>\n<p>Tambi\u00e9n Catastro tendr\u00e1 varios incentivos como son: 15 por ciento en derechos, en certificaci\u00f3n de medidas y colindancias; 25 por ciento en c\u00e9dula catastral; as\u00ed como 50 por ciento en derechos de cambio de propietario y en constancia de propiedad y no propiedad.<\/p>\n<p>Para finalizar, anunci\u00f3 que Desarrollo Urbano es la dependencia que m\u00e1s incentivos ofrece en varios permisos que son: 15 por ciento en derechos de lotificaci\u00f3n; 50 por ciento tanto en permiso de utilizaci\u00f3n de suelo para negocios de bajo riesgo; subdivisiones y fusiones, \u00fanicamente personas f\u00edsicas y hasta dos mil metros cuadrados; constancias de uso de suelo, \u00fanicamente personas f\u00edsicas.<\/p>\n<p>Y en pr\u00f3rroga de la licencia de construcci\u00f3n, en personas f\u00edsicas y uso o destino habitacional; y 100 por ciento en sanciones y multas de registro y regularizaci\u00f3n de obra (habitacional y\/o personas f\u00edsicas), as\u00ed como en anuncios adosados; empero, lo anterior ser\u00e1 motivo de posterior an\u00e1lisis en otra entrega de <strong><em>Hora 14<\/em><\/strong>.<\/p>\n<p><em><a href=\"mailto:%20mauricio_conde@msn.com\" target=\"_blank\" rel=\"noopener noreferrer\">mauricioconde59@outlook.com<\/a><\/em><br \/>\n<em><a href=\"https:\/\/twitter.com\/mauconde007\" target=\"_blank\" rel=\"noopener noreferrer\">@mauconde007<\/a> <\/em><br \/>\n<em><a href=\"https:\/\/mauriciocondeblog.wordpress.com\" target=\"_blank\" rel=\"noopener noreferrer\">https:\/\/mauriciocondeblog.wordpress.com<\/a><\/em><\/p>\n","protected":false},"excerpt":{"rendered":"<p><span style=\"color: #005497;\"><strong>Mauricio Conde Olivares<\/strong><\/span><\/p>\n","protected":false},"author":3,"featured_media":0,"comment_status":"open","ping_status":"open","sticky":false,"template":"","format":"standard","meta":{"_monsterinsights_skip_tracking":false,"_monsterinsights_sitenote_active":false,"_monsterinsights_sitenote_note":"","_monsterinsights_sitenote_category":0,"footnotes":""},"categories":[35889],"tags":[43712,43674,44860],"class_list":["post-481876","post","type-post","status-publish","format-standard","hentry","category-mauricio-conde-olivares","tag-mauricio-conde-olivares","tag-opinion","tag-hora-14"],"_links":{"self":[{"href":"https:\/\/www.diarioimagen.net\/index.php?rest_route=\/wp\/v2\/posts\/481876","targetHints":{"allow":["GET"]}}],"collection":[{"href":"https:\/\/www.diarioimagen.net\/index.php?rest_route=\/wp\/v2\/posts"}],"about":[{"href":"https:\/\/www.diarioimagen.net\/index.php?rest_route=\/wp\/v2\/types\/post"}],"author":[{"embeddable":true,"href":"https:\/\/www.diarioimagen.net\/index.php?rest_route=\/wp\/v2\/users\/3"}],"replies":[{"embeddable":true,"href":"https:\/\/www.diarioimagen.net\/index.php?rest_route=%2Fwp%2Fv2%2Fcomments&post=481876"}],"version-history":[{"count":0,"href":"https:\/\/www.diarioimagen.net\/index.php?rest_route=\/wp\/v2\/posts\/481876\/revisions"}],"wp:attachment":[{"href":"https:\/\/www.diarioimagen.net\/index.php?rest_route=%2Fwp%2Fv2%2Fmedia&parent=481876"}],"wp:term":[{"taxonomy":"category","embeddable":true,"href":"https:\/\/www.diarioimagen.net\/index.php?rest_route=%2Fwp%2Fv2%2Fcategories&post=481876"},{"taxonomy":"post_tag","embeddable":true,"href":"https:\/\/www.diarioimagen.net\/index.php?rest_route=%2Fwp%2Fv2%2Ftags&post=481876"}],"curies":[{"name":"wp","href":"https:\/\/api.w.org\/{rel}","templated":true}]}}