{"id":481951,"date":"2020-10-05T00:02:50","date_gmt":"2020-10-05T05:02:50","guid":{"rendered":"https:\/\/www.diarioimagen.net\/?p=481951"},"modified":"2020-10-04T23:29:29","modified_gmt":"2020-10-05T04:29:29","slug":"inaugura-el-alcalde-raciel-perez-cruz-rehabilitacion-del-parque-de-los-ninos","status":"publish","type":"post","link":"https:\/\/www.diarioimagen.net\/?p=481951","title":{"rendered":"Inaugura el alcalde Raciel P\u00e9rez Cruz rehabilitaci\u00f3n del Parque de los Ni\u00f1os"},"content":{"rendered":"<p>&nbsp;<\/p>\n<ul>\n<li><em><b>En el fraccionamiento Las Arboledas<\/b><\/em><\/li>\n<\/ul>\n<p>&nbsp;<\/p>\n<div id=\"attachment_481952\" style=\"width: 454px\" class=\"wp-caption aligncenter\"><img loading=\"lazy\" decoding=\"async\" aria-describedby=\"caption-attachment-481952\" class=\"wp-image-481952\" src=\"https:\/\/www.diarioimagen.net\/wp-content\/uploads\/2020\/10\/CAMACHO5-cpor.jpg\" alt=\"\" width=\"444\" height=\"259\" \/><p id=\"caption-attachment-481952\" class=\"wp-caption-text\">El alcalde Raciel P\u00e9rez Cruz entreg\u00f3 la rehabilitaci\u00f3n del Parque de los Ni\u00f1os, en el fraccionamiento Las Arboledas, en Tlalnepantla.<\/p><\/div>\n<p>&nbsp;<\/p>\n<p><strong>Tlalnepantla, Estado de M\u00e9xico<\/strong>.- Raciel P\u00e9rez Cruz, presidente municipal, entreg\u00f3 la rehabilitaci\u00f3n del Parque de los Ni\u00f1os, en el fraccionamiento Las Arboledas, que contempla equipamiento y construcci\u00f3n de \u00e1reas verdes, para beneficio de esta comunidad. El Edil entreg\u00f3 \u00e1rboles a los habitantes de la zona.<\/p>\n<p>Alberto Vald\u00e9s Rodr\u00edguez, director de Infraestructura Urbana, se\u00f1al\u00f3 que el gobierno municipal intervino en un parque que fue abandonado por mucho tiempo y no se le daba mantenimiento, \u201choy fue rehabilitado para beneficio de esta comunidad\u201d.<\/p>\n<p>Explic\u00f3 que en la rehabilitaci\u00f3n de este espacio recreativo ubicado en Calzada de los Jinetes y avenida Parque de los Ni\u00f1os, se realizaron trabajos de construcci\u00f3n de andadores con concreto estampado, guarniciones perimetrales, colocaci\u00f3n de capas de filtros con grava, pozos de absorci\u00f3n y aplicaci\u00f3n de pintura con micro esfera.<\/p>\n<p>Tambi\u00e9n mantenimiento en \u00e1reas verdes, construcci\u00f3n de una jardinera central, sembrado de plantas de ornato como array\u00e1n, amaranto, duranta y ficus. Se instalaron bancas tipo poliedro urbano, juegos infantiles y luminarias, construcci\u00f3n de registros, nichos el\u00e9ctricos rampas para discapacitados y aplicaci\u00f3n de pintura en guarniciones y se\u00f1alizaci\u00f3n, entre otros.<\/p>\n<p>Raciel P\u00e9rez Cruz se\u00f1al\u00f3 que en esta zona se trabaja en materia de seguridad con operativos constantes y se refuerza la prevenci\u00f3n con el programa de redes vecinales.<\/p>\n","protected":false},"excerpt":{"rendered":"<p>Raciel P\u00e9rez Cruz, presidente municipal, entreg\u00f3 la rehabilitaci\u00f3n del Parque de los Ni\u00f1os, en el fraccionamiento Las Arboledas, que contempla equipamiento y construcci\u00f3n de \u00e1reas verdes, para beneficio de esta comunidad. El Edil entreg\u00f3 \u00e1rboles a los habitantes de la zona.<\/p>\n","protected":false},"author":1,"featured_media":481952,"comment_status":"open","ping_status":"open","sticky":false,"template":"","format":"standard","meta":{"_monsterinsights_skip_tracking":false,"_monsterinsights_sitenote_active":false,"_monsterinsights_sitenote_note":"","_monsterinsights_sitenote_category":0,"footnotes":""},"categories":[5],"tags":[43675,169],"class_list":["post-481951","post","type-post","status-publish","format-standard","has-post-thumbnail","hentry","category-estado-de-mexico","tag-estado-de-mexico","tag-tlalnepantla"],"_links":{"self":[{"href":"https:\/\/www.diarioimagen.net\/index.php?rest_route=\/wp\/v2\/posts\/481951","targetHints":{"allow":["GET"]}}],"collection":[{"href":"https:\/\/www.diarioimagen.net\/index.php?rest_route=\/wp\/v2\/posts"}],"about":[{"href":"https:\/\/www.diarioimagen.net\/index.php?rest_route=\/wp\/v2\/types\/post"}],"author":[{"embeddable":true,"href":"https:\/\/www.diarioimagen.net\/index.php?rest_route=\/wp\/v2\/users\/1"}],"replies":[{"embeddable":true,"href":"https:\/\/www.diarioimagen.net\/index.php?rest_route=%2Fwp%2Fv2%2Fcomments&post=481951"}],"version-history":[{"count":0,"href":"https:\/\/www.diarioimagen.net\/index.php?rest_route=\/wp\/v2\/posts\/481951\/revisions"}],"wp:featuredmedia":[{"embeddable":true,"href":"https:\/\/www.diarioimagen.net\/index.php?rest_route=\/wp\/v2\/media\/481952"}],"wp:attachment":[{"href":"https:\/\/www.diarioimagen.net\/index.php?rest_route=%2Fwp%2Fv2%2Fmedia&parent=481951"}],"wp:term":[{"taxonomy":"category","embeddable":true,"href":"https:\/\/www.diarioimagen.net\/index.php?rest_route=%2Fwp%2Fv2%2Fcategories&post=481951"},{"taxonomy":"post_tag","embeddable":true,"href":"https:\/\/www.diarioimagen.net\/index.php?rest_route=%2Fwp%2Fv2%2Ftags&post=481951"}],"curies":[{"name":"wp","href":"https:\/\/api.w.org\/{rel}","templated":true}]}}